{"id":2259,"date":"2017-01-28T20:02:00","date_gmt":"2017-01-28T20:02:00","guid":{"rendered":"http:\/\/hof-hoeherhaus.de\/?p=2259"},"modified":"2021-11-25T00:14:42","modified_gmt":"2021-11-24T23:14:42","slug":"toller-saisonabschluss-in-wiehl","status":"publish","type":"post","link":"https:\/\/hof-hoeherhaus.de\/index.php\/toller-saisonabschluss-in-wiehl\/","title":{"rendered":"Toller Saisonabschluss in Wiehl"},"content":{"rendered":"<p>Zum Saisonabschluss machte sich unsere Jugendabteilung auf den Weg nach Wiehl, um neben Einzelreiterpr\u00fcfungen auch eine Mannschaftspr\u00fcfung zu absolvieren. Wochenlang wurde darauf hingearbeitet, sodass letztendlich drei Mannschaften gut vorbereitet an den Start gehen konnten. Die &#8222;Wilden H\u00fchner&#8220;, die &#8222;Kleinen Strolche&#8220; und die &#8222;Drei ???&#8220; gaben ihr Bestes und wurden mit tollen Wertnoten belohnt. Neben den reiterlichen Leistungen, sollen an dieser Stelle auch die zahlreichen Helfer erw\u00e4hnt werden, ohne die dieses Event nicht m\u00f6glich gewesen w\u00e4re: ein gro\u00dfes Dankesch\u00f6n an Anke Scholemann f\u00fcr die super Vorbereitung und Organisation; an die Fahrer, die Pferde und Kinder sicher von Ort zu Ort gebracht haben sowie an die Eltern, die ihre Kinder so toll unterst\u00fctzt und motiviert haben.<\/p>\n<p>Alle Ergebnisse sind im Sauerlandkurier nachzulesen, der dar\u00fcber ausf\u00fchrlich berichtete.<\/p>\n<div data-carousel-extra='{&quot;blog_id&quot;:1,&quot;permalink&quot;:&quot;https:\/\/hof-hoeherhaus.de\/index.php\/toller-saisonabschluss-in-wiehl\/&quot;}' id='gallery-1' class='gallery galleryid-2259 gallery-columns-1 gallery-size-large'><figure class='gallery-item'>\n\t\t\t<div class='gallery-icon portrait'>\n\t\t\t\t<a href='https:\/\/hof-hoeherhaus.de\/sauerlandkurier27012016startjugend\/'><img loading=\"lazy\" decoding=\"async\" width=\"503\" height=\"936\" src=\"https:\/\/i0.wp.com\/hof-hoeherhaus.de\/wp-content\/uploads\/2017\/03\/Sauerlandkurier27012016StartJugend.png?fit=503%2C936&amp;ssl=1\" class=\"attachment-large size-large\" alt=\"\" srcset=\"https:\/\/i0.wp.com\/hof-hoeherhaus.de\/wp-content\/uploads\/2017\/03\/Sauerlandkurier27012016StartJugend.png?w=503&amp;ssl=1 503w, https:\/\/i0.wp.com\/hof-hoeherhaus.de\/wp-content\/uploads\/2017\/03\/Sauerlandkurier27012016StartJugend.png?resize=161%2C300&amp;ssl=1 161w\" sizes=\"auto, (max-width: 503px) 100vw, 503px\" data-attachment-id=\"2216\" data-permalink=\"https:\/\/hof-hoeherhaus.de\/sauerlandkurier27012016startjugend\/\" data-orig-file=\"https:\/\/i0.wp.com\/hof-hoeherhaus.de\/wp-content\/uploads\/2017\/03\/Sauerlandkurier27012016StartJugend.png?fit=503%2C936&amp;ssl=1\" data-orig-size=\"503,936\" data-comments-opened=\"0\" data-image-meta=\"{&quot;aperture&quot;:&quot;0&quot;,&quot;credit&quot;:&quot;&quot;,&quot;camera&quot;:&quot;&quot;,&quot;caption&quot;:&quot;&quot;,&quot;created_timestamp&quot;:&quot;0&quot;,&quot;copyright&quot;:&quot;&quot;,&quot;focal_length&quot;:&quot;0&quot;,&quot;iso&quot;:&quot;0&quot;,&quot;shutter_speed&quot;:&quot;0&quot;,&quot;title&quot;:&quot;&quot;,&quot;orientation&quot;:&quot;0&quot;}\" data-image-title=\"Sauerlandkurier27012016StartJugend\" data-image-description=\"\" data-image-caption=\"\" data-large-file=\"https:\/\/i0.wp.com\/hof-hoeherhaus.de\/wp-content\/uploads\/2017\/03\/Sauerlandkurier27012016StartJugend.png?fit=503%2C936&amp;ssl=1\" \/><\/a>\n\t\t\t<\/div><\/figure>\n\t\t<\/div>\n\n<p>(Quelle: Sauerlandkurier vom 27.01.2017)<\/p>\n","protected":false},"excerpt":{"rendered":"<p>Zum Saisonabschluss machte sich unsere Jugendabteilung auf den Weg nach Wiehl, um neben Einzelreiterpr\u00fcfungen auch eine Mannschaftspr\u00fcfung zu absolvieren. Wochenlang wurde darauf hingearbeitet, sodass letztendlich drei Mannschaften gut vorbereitet an den Start gehen konnten. Die &#8222;Wilden H\u00fchner&#8220;, die &#8222;Kleinen Strolche&#8220; und die &#8222;Drei ???&#8220; gaben ihr Bestes und wurden mit tollen Wertnoten belohnt. Neben den [&hellip;]<\/p>\n","protected":false},"author":2,"featured_media":2258,"comment_status":"closed","ping_status":"open","sticky":false,"template":"","format":"standard","meta":{"_jetpack_memberships_contains_paid_content":false,"footnotes":""},"categories":[451,235],"tags":[455,457,456],"class_list":{"0":"post-2259","1":"post","2":"type-post","3":"status-publish","4":"format-standard","5":"has-post-thumbnail","6":"hentry","7":"category-presse","8":"category-aktuelles-zur-reitgemeinschaft-hof-hoeherhaus","9":"tag-jugendabteilung","10":"tag-mannschaft","11":"tag-wiehl","12":"","13":"blog-alt-layout","14":"blog-style-postblock","16":"blog-alt-odd"},"yoast_head":"<!-- This site is optimized with the Yoast SEO plugin v27.5 - https:\/\/yoast.com\/product\/yoast-seo-wordpress\/ -->\n<title>Toller Saisonabschluss in Wiehl &#8211; Hof-H\u00f6herhaus<\/title>\n<meta name=\"robots\" content=\"index, follow, max-snippet:-1, max-image-preview:large, max-video-preview:-1\" \/>\n<link rel=\"canonical\" href=\"https:\/\/hof-hoeherhaus.de\/index.php\/toller-saisonabschluss-in-wiehl\/\" \/>\n<meta property=\"og:locale\" content=\"de_DE\" \/>\n<meta property=\"og:type\" content=\"article\" \/>\n<meta property=\"og:title\" content=\"Toller Saisonabschluss in Wiehl &#8211; Hof-H\u00f6herhaus\" \/>\n<meta property=\"og:description\" content=\"Zum Saisonabschluss machte sich unsere Jugendabteilung auf den Weg nach Wiehl, um neben Einzelreiterpr\u00fcfungen auch eine Mannschaftspr\u00fcfung zu absolvieren. Wochenlang wurde darauf hingearbeitet, sodass letztendlich drei Mannschaften gut vorbereitet an den Start gehen konnten. Die &#8222;Wilden H\u00fchner&#8220;, die &#8222;Kleinen Strolche&#8220; und die &#8222;Drei ???&#8220; gaben ihr Bestes und wurden mit tollen Wertnoten belohnt. Neben den [&hellip;]\" \/>\n<meta property=\"og:url\" content=\"https:\/\/hof-hoeherhaus.de\/index.php\/toller-saisonabschluss-in-wiehl\/\" \/>\n<meta property=\"og:site_name\" content=\"Hof-H\u00f6herhaus\" \/>\n<meta property=\"article:published_time\" content=\"2017-01-28T20:02:00+00:00\" \/>\n<meta property=\"article:modified_time\" content=\"2021-11-24T23:14:42+00:00\" \/>\n<meta property=\"og:image\" content=\"https:\/\/hof-hoeherhaus.de\/wp-content\/uploads\/2017\/02\/Mannschaftswettbewerb-1.jpg\" \/>\n\t<meta property=\"og:image:width\" content=\"1600\" \/>\n\t<meta property=\"og:image:height\" content=\"1200\" \/>\n\t<meta property=\"og:image:type\" content=\"image\/jpeg\" \/>\n<meta name=\"author\" content=\"Christian Feldmann\" \/>\n<meta name=\"twitter:card\" content=\"summary_large_image\" \/>\n<script type=\"application\/ld+json\" class=\"yoast-schema-graph\">{\"@context\":\"https:\\\/\\\/schema.org\",\"@graph\":[{\"@type\":\"Article\",\"@id\":\"https:\\\/\\\/hof-hoeherhaus.de\\\/index.php\\\/toller-saisonabschluss-in-wiehl\\\/#article\",\"isPartOf\":{\"@id\":\"https:\\\/\\\/hof-hoeherhaus.de\\\/index.php\\\/toller-saisonabschluss-in-wiehl\\\/\"},\"author\":{\"name\":\"Christian Feldmann\",\"@id\":\"https:\\\/\\\/hof-hoeherhaus.de\\\/#\\\/schema\\\/person\\\/aa335ddcf542d61b4966cdf7ac67785e\"},\"headline\":\"Toller Saisonabschluss in Wiehl\",\"datePublished\":\"2017-01-28T20:02:00+00:00\",\"dateModified\":\"2021-11-24T23:14:42+00:00\",\"mainEntityOfPage\":{\"@id\":\"https:\\\/\\\/hof-hoeherhaus.de\\\/index.php\\\/toller-saisonabschluss-in-wiehl\\\/\"},\"wordCount\":149,\"publisher\":{\"@id\":\"https:\\\/\\\/hof-hoeherhaus.de\\\/#organization\"},\"image\":{\"@id\":\"https:\\\/\\\/hof-hoeherhaus.de\\\/index.php\\\/toller-saisonabschluss-in-wiehl\\\/#primaryimage\"},\"thumbnailUrl\":\"https:\\\/\\\/i0.wp.com\\\/hof-hoeherhaus.de\\\/wp-content\\\/uploads\\\/2017\\\/02\\\/Mannschaftswettbewerb-1.jpg?fit=1600%2C1200&ssl=1\",\"keywords\":[\"Jugendabteilung\",\"Mannschaft\",\"Wiehl\"],\"articleSection\":[\"Presse\",\"RG-Hof-H\u00f6herhaus\"],\"inLanguage\":\"de\"},{\"@type\":\"WebPage\",\"@id\":\"https:\\\/\\\/hof-hoeherhaus.de\\\/index.php\\\/toller-saisonabschluss-in-wiehl\\\/\",\"url\":\"https:\\\/\\\/hof-hoeherhaus.de\\\/index.php\\\/toller-saisonabschluss-in-wiehl\\\/\",\"name\":\"Toller Saisonabschluss in Wiehl &#8211; Hof-H\u00f6herhaus\",\"isPartOf\":{\"@id\":\"https:\\\/\\\/hof-hoeherhaus.de\\\/#website\"},\"primaryImageOfPage\":{\"@id\":\"https:\\\/\\\/hof-hoeherhaus.de\\\/index.php\\\/toller-saisonabschluss-in-wiehl\\\/#primaryimage\"},\"image\":{\"@id\":\"https:\\\/\\\/hof-hoeherhaus.de\\\/index.php\\\/toller-saisonabschluss-in-wiehl\\\/#primaryimage\"},\"thumbnailUrl\":\"https:\\\/\\\/i0.wp.com\\\/hof-hoeherhaus.de\\\/wp-content\\\/uploads\\\/2017\\\/02\\\/Mannschaftswettbewerb-1.jpg?fit=1600%2C1200&ssl=1\",\"datePublished\":\"2017-01-28T20:02:00+00:00\",\"dateModified\":\"2021-11-24T23:14:42+00:00\",\"breadcrumb\":{\"@id\":\"https:\\\/\\\/hof-hoeherhaus.de\\\/index.php\\\/toller-saisonabschluss-in-wiehl\\\/#breadcrumb\"},\"inLanguage\":\"de\",\"potentialAction\":[{\"@type\":\"ReadAction\",\"target\":[\"https:\\\/\\\/hof-hoeherhaus.de\\\/index.php\\\/toller-saisonabschluss-in-wiehl\\\/\"]}]},{\"@type\":\"ImageObject\",\"inLanguage\":\"de\",\"@id\":\"https:\\\/\\\/hof-hoeherhaus.de\\\/index.php\\\/toller-saisonabschluss-in-wiehl\\\/#primaryimage\",\"url\":\"https:\\\/\\\/i0.wp.com\\\/hof-hoeherhaus.de\\\/wp-content\\\/uploads\\\/2017\\\/02\\\/Mannschaftswettbewerb-1.jpg?fit=1600%2C1200&ssl=1\",\"contentUrl\":\"https:\\\/\\\/i0.wp.com\\\/hof-hoeherhaus.de\\\/wp-content\\\/uploads\\\/2017\\\/02\\\/Mannschaftswettbewerb-1.jpg?fit=1600%2C1200&ssl=1\",\"width\":1600,\"height\":1200},{\"@type\":\"BreadcrumbList\",\"@id\":\"https:\\\/\\\/hof-hoeherhaus.de\\\/index.php\\\/toller-saisonabschluss-in-wiehl\\\/#breadcrumb\",\"itemListElement\":[{\"@type\":\"ListItem\",\"position\":1,\"name\":\"Startseite\",\"item\":\"https:\\\/\\\/hof-hoeherhaus.de\\\/\"},{\"@type\":\"ListItem\",\"position\":2,\"name\":\"Toller Saisonabschluss in Wiehl\"}]},{\"@type\":\"WebSite\",\"@id\":\"https:\\\/\\\/hof-hoeherhaus.de\\\/#website\",\"url\":\"https:\\\/\\\/hof-hoeherhaus.de\\\/\",\"name\":\"Hof-H\u00f6herhaus\",\"description\":\"Hof-H\u00f6herhaus - Pferde im sch\u00f6nen Drolshagener und Olper Land.\",\"publisher\":{\"@id\":\"https:\\\/\\\/hof-hoeherhaus.de\\\/#organization\"},\"potentialAction\":[{\"@type\":\"SearchAction\",\"target\":{\"@type\":\"EntryPoint\",\"urlTemplate\":\"https:\\\/\\\/hof-hoeherhaus.de\\\/?s={search_term_string}\"},\"query-input\":{\"@type\":\"PropertyValueSpecification\",\"valueRequired\":true,\"valueName\":\"search_term_string\"}}],\"inLanguage\":\"de\"},{\"@type\":\"Organization\",\"@id\":\"https:\\\/\\\/hof-hoeherhaus.de\\\/#organization\",\"name\":\"Reitgemeinschaft Hof-Hoeherhaus e.V.\",\"url\":\"https:\\\/\\\/hof-hoeherhaus.de\\\/\",\"logo\":{\"@type\":\"ImageObject\",\"inLanguage\":\"de\",\"@id\":\"https:\\\/\\\/hof-hoeherhaus.de\\\/#\\\/schema\\\/logo\\\/image\\\/\",\"url\":\"https:\\\/\\\/i0.wp.com\\\/hof-hoeherhaus.de\\\/wp-content\\\/uploads\\\/2021\\\/11\\\/18.jpg?fit=1024%2C1024&ssl=1\",\"contentUrl\":\"https:\\\/\\\/i0.wp.com\\\/hof-hoeherhaus.de\\\/wp-content\\\/uploads\\\/2021\\\/11\\\/18.jpg?fit=1024%2C1024&ssl=1\",\"width\":1024,\"height\":1024,\"caption\":\"Reitgemeinschaft Hof-Hoeherhaus e.V.\"},\"image\":{\"@id\":\"https:\\\/\\\/hof-hoeherhaus.de\\\/#\\\/schema\\\/logo\\\/image\\\/\"}},{\"@type\":\"Person\",\"@id\":\"https:\\\/\\\/hof-hoeherhaus.de\\\/#\\\/schema\\\/person\\\/aa335ddcf542d61b4966cdf7ac67785e\",\"name\":\"Christian Feldmann\",\"image\":{\"@type\":\"ImageObject\",\"inLanguage\":\"de\",\"@id\":\"https:\\\/\\\/secure.gravatar.com\\\/avatar\\\/28fbfb8afb0625dad08835ca7f5087c90cf64ed1aa5a3e1754cb0bf81b1b9104?s=96&d=mm&r=g\",\"url\":\"https:\\\/\\\/secure.gravatar.com\\\/avatar\\\/28fbfb8afb0625dad08835ca7f5087c90cf64ed1aa5a3e1754cb0bf81b1b9104?s=96&d=mm&r=g\",\"contentUrl\":\"https:\\\/\\\/secure.gravatar.com\\\/avatar\\\/28fbfb8afb0625dad08835ca7f5087c90cf64ed1aa5a3e1754cb0bf81b1b9104?s=96&d=mm&r=g\",\"caption\":\"Christian Feldmann\"}}]}<\/script>\n<!-- \/ Yoast SEO plugin. -->","yoast_head_json":{"title":"Toller Saisonabschluss in Wiehl &#8211; Hof-H\u00f6herhaus","robots":{"index":"index","follow":"follow","max-snippet":"max-snippet:-1","max-image-preview":"max-image-preview:large","max-video-preview":"max-video-preview:-1"},"canonical":"https:\/\/hof-hoeherhaus.de\/index.php\/toller-saisonabschluss-in-wiehl\/","og_locale":"de_DE","og_type":"article","og_title":"Toller Saisonabschluss in Wiehl &#8211; Hof-H\u00f6herhaus","og_description":"Zum Saisonabschluss machte sich unsere Jugendabteilung auf den Weg nach Wiehl, um neben Einzelreiterpr\u00fcfungen auch eine Mannschaftspr\u00fcfung zu absolvieren. Wochenlang wurde darauf hingearbeitet, sodass letztendlich drei Mannschaften gut vorbereitet an den Start gehen konnten. Die &#8222;Wilden H\u00fchner&#8220;, die &#8222;Kleinen Strolche&#8220; und die &#8222;Drei ???&#8220; gaben ihr Bestes und wurden mit tollen Wertnoten belohnt. Neben den [&hellip;]","og_url":"https:\/\/hof-hoeherhaus.de\/index.php\/toller-saisonabschluss-in-wiehl\/","og_site_name":"Hof-H\u00f6herhaus","article_published_time":"2017-01-28T20:02:00+00:00","article_modified_time":"2021-11-24T23:14:42+00:00","og_image":[{"width":1600,"height":1200,"url":"https:\/\/hof-hoeherhaus.de\/wp-content\/uploads\/2017\/02\/Mannschaftswettbewerb-1.jpg","type":"image\/jpeg"}],"author":"Christian Feldmann","twitter_card":"summary_large_image","schema":{"@context":"https:\/\/schema.org","@graph":[{"@type":"Article","@id":"https:\/\/hof-hoeherhaus.de\/index.php\/toller-saisonabschluss-in-wiehl\/#article","isPartOf":{"@id":"https:\/\/hof-hoeherhaus.de\/index.php\/toller-saisonabschluss-in-wiehl\/"},"author":{"name":"Christian Feldmann","@id":"https:\/\/hof-hoeherhaus.de\/#\/schema\/person\/aa335ddcf542d61b4966cdf7ac67785e"},"headline":"Toller Saisonabschluss in Wiehl","datePublished":"2017-01-28T20:02:00+00:00","dateModified":"2021-11-24T23:14:42+00:00","mainEntityOfPage":{"@id":"https:\/\/hof-hoeherhaus.de\/index.php\/toller-saisonabschluss-in-wiehl\/"},"wordCount":149,"publisher":{"@id":"https:\/\/hof-hoeherhaus.de\/#organization"},"image":{"@id":"https:\/\/hof-hoeherhaus.de\/index.php\/toller-saisonabschluss-in-wiehl\/#primaryimage"},"thumbnailUrl":"https:\/\/i0.wp.com\/hof-hoeherhaus.de\/wp-content\/uploads\/2017\/02\/Mannschaftswettbewerb-1.jpg?fit=1600%2C1200&ssl=1","keywords":["Jugendabteilung","Mannschaft","Wiehl"],"articleSection":["Presse","RG-Hof-H\u00f6herhaus"],"inLanguage":"de"},{"@type":"WebPage","@id":"https:\/\/hof-hoeherhaus.de\/index.php\/toller-saisonabschluss-in-wiehl\/","url":"https:\/\/hof-hoeherhaus.de\/index.php\/toller-saisonabschluss-in-wiehl\/","name":"Toller Saisonabschluss in Wiehl &#8211; Hof-H\u00f6herhaus","isPartOf":{"@id":"https:\/\/hof-hoeherhaus.de\/#website"},"primaryImageOfPage":{"@id":"https:\/\/hof-hoeherhaus.de\/index.php\/toller-saisonabschluss-in-wiehl\/#primaryimage"},"image":{"@id":"https:\/\/hof-hoeherhaus.de\/index.php\/toller-saisonabschluss-in-wiehl\/#primaryimage"},"thumbnailUrl":"https:\/\/i0.wp.com\/hof-hoeherhaus.de\/wp-content\/uploads\/2017\/02\/Mannschaftswettbewerb-1.jpg?fit=1600%2C1200&ssl=1","datePublished":"2017-01-28T20:02:00+00:00","dateModified":"2021-11-24T23:14:42+00:00","breadcrumb":{"@id":"https:\/\/hof-hoeherhaus.de\/index.php\/toller-saisonabschluss-in-wiehl\/#breadcrumb"},"inLanguage":"de","potentialAction":[{"@type":"ReadAction","target":["https:\/\/hof-hoeherhaus.de\/index.php\/toller-saisonabschluss-in-wiehl\/"]}]},{"@type":"ImageObject","inLanguage":"de","@id":"https:\/\/hof-hoeherhaus.de\/index.php\/toller-saisonabschluss-in-wiehl\/#primaryimage","url":"https:\/\/i0.wp.com\/hof-hoeherhaus.de\/wp-content\/uploads\/2017\/02\/Mannschaftswettbewerb-1.jpg?fit=1600%2C1200&ssl=1","contentUrl":"https:\/\/i0.wp.com\/hof-hoeherhaus.de\/wp-content\/uploads\/2017\/02\/Mannschaftswettbewerb-1.jpg?fit=1600%2C1200&ssl=1","width":1600,"height":1200},{"@type":"BreadcrumbList","@id":"https:\/\/hof-hoeherhaus.de\/index.php\/toller-saisonabschluss-in-wiehl\/#breadcrumb","itemListElement":[{"@type":"ListItem","position":1,"name":"Startseite","item":"https:\/\/hof-hoeherhaus.de\/"},{"@type":"ListItem","position":2,"name":"Toller Saisonabschluss in Wiehl"}]},{"@type":"WebSite","@id":"https:\/\/hof-hoeherhaus.de\/#website","url":"https:\/\/hof-hoeherhaus.de\/","name":"Hof-H\u00f6herhaus","description":"Hof-H\u00f6herhaus - Pferde im sch\u00f6nen Drolshagener und Olper Land.","publisher":{"@id":"https:\/\/hof-hoeherhaus.de\/#organization"},"potentialAction":[{"@type":"SearchAction","target":{"@type":"EntryPoint","urlTemplate":"https:\/\/hof-hoeherhaus.de\/?s={search_term_string}"},"query-input":{"@type":"PropertyValueSpecification","valueRequired":true,"valueName":"search_term_string"}}],"inLanguage":"de"},{"@type":"Organization","@id":"https:\/\/hof-hoeherhaus.de\/#organization","name":"Reitgemeinschaft Hof-Hoeherhaus e.V.","url":"https:\/\/hof-hoeherhaus.de\/","logo":{"@type":"ImageObject","inLanguage":"de","@id":"https:\/\/hof-hoeherhaus.de\/#\/schema\/logo\/image\/","url":"https:\/\/i0.wp.com\/hof-hoeherhaus.de\/wp-content\/uploads\/2021\/11\/18.jpg?fit=1024%2C1024&ssl=1","contentUrl":"https:\/\/i0.wp.com\/hof-hoeherhaus.de\/wp-content\/uploads\/2021\/11\/18.jpg?fit=1024%2C1024&ssl=1","width":1024,"height":1024,"caption":"Reitgemeinschaft Hof-Hoeherhaus e.V."},"image":{"@id":"https:\/\/hof-hoeherhaus.de\/#\/schema\/logo\/image\/"}},{"@type":"Person","@id":"https:\/\/hof-hoeherhaus.de\/#\/schema\/person\/aa335ddcf542d61b4966cdf7ac67785e","name":"Christian Feldmann","image":{"@type":"ImageObject","inLanguage":"de","@id":"https:\/\/secure.gravatar.com\/avatar\/28fbfb8afb0625dad08835ca7f5087c90cf64ed1aa5a3e1754cb0bf81b1b9104?s=96&d=mm&r=g","url":"https:\/\/secure.gravatar.com\/avatar\/28fbfb8afb0625dad08835ca7f5087c90cf64ed1aa5a3e1754cb0bf81b1b9104?s=96&d=mm&r=g","contentUrl":"https:\/\/secure.gravatar.com\/avatar\/28fbfb8afb0625dad08835ca7f5087c90cf64ed1aa5a3e1754cb0bf81b1b9104?s=96&d=mm&r=g","caption":"Christian Feldmann"}}]}},"jetpack_featured_media_url":"https:\/\/i0.wp.com\/hof-hoeherhaus.de\/wp-content\/uploads\/2017\/02\/Mannschaftswettbewerb-1.jpg?fit=1600%2C1200&ssl=1","jetpack-related-posts":[{"id":2639,"url":"https:\/\/hof-hoeherhaus.de\/index.php\/sommer-sonne-bodenarbeit\/","url_meta":{"origin":2259,"position":0},"title":"Sommer, Sonne, Bodenarbeit","author":"Christian Feldmann","date":"23. Juni 2017","format":false,"excerpt":"Sommer, Sonne, Bodenarbeit! Angstbew\u00e4ltigung hilf oft nicht nur dem Pferd, sondern auch dem Reiter. Vertrauen spielt eine gro\u00dfe Rolle.","rel":"","context":"In &quot;Lehrg\u00e4nge&quot;","block_context":{"text":"Lehrg\u00e4nge","link":"https:\/\/hof-hoeherhaus.de\/index.php\/category\/lehrgaenge\/"},"img":{"alt_text":"","src":"https:\/\/i0.wp.com\/hof-hoeherhaus.de\/wp-content\/uploads\/2017\/06\/IMG-20170621-WA0065.jpg?fit=1200%2C900&ssl=1&resize=350%2C200","width":350,"height":200,"srcset":"https:\/\/i0.wp.com\/hof-hoeherhaus.de\/wp-content\/uploads\/2017\/06\/IMG-20170621-WA0065.jpg?fit=1200%2C900&ssl=1&resize=350%2C200 1x, https:\/\/i0.wp.com\/hof-hoeherhaus.de\/wp-content\/uploads\/2017\/06\/IMG-20170621-WA0065.jpg?fit=1200%2C900&ssl=1&resize=525%2C300 1.5x, https:\/\/i0.wp.com\/hof-hoeherhaus.de\/wp-content\/uploads\/2017\/06\/IMG-20170621-WA0065.jpg?fit=1200%2C900&ssl=1&resize=700%2C400 2x, https:\/\/i0.wp.com\/hof-hoeherhaus.de\/wp-content\/uploads\/2017\/06\/IMG-20170621-WA0065.jpg?fit=1200%2C900&ssl=1&resize=1050%2C600 3x"},"classes":[]},{"id":541,"url":"https:\/\/hof-hoeherhaus.de\/index.php\/qkick-off-trainingq-fuer-die-turnier-saison-2013\/","url_meta":{"origin":2259,"position":1},"title":"&#8222;Kick-off-Training&#8220; f\u00fcr die Turnier-Saison 2013","author":"Christian Feldmann","date":"17. Februar 2013","format":false,"excerpt":"\"Nach der Saison ist vor der Saison\" war das Motto unseres Jahresabschlusstrainings im Dezember letzten Jahres. Und das gleiche Motto h\u00e4tte auch zum heutigen Saisonauftakt-Training gepasst. Vielleicht war es die \"kleine Winterpause\", aber vielleicht auch einfach die etwas k\u00fchlen Termperaturen, die dem Ein oder anderen zu schaffen machten. Die sonst\u2026","rel":"","context":"In &quot;RG-Hof-H\u00f6herhaus&quot;","block_context":{"text":"RG-Hof-H\u00f6herhaus","link":"https:\/\/hof-hoeherhaus.de\/index.php\/category\/aktuelles-zur-reitgemeinschaft-hof-hoeherhaus\/"},"img":{"alt_text":"","src":"https:\/\/i0.wp.com\/hof-hoeherhaus.de\/wp-content\/uploads\/2013\/02\/rolf-grebe-dressur-hh-sitztraining.jpg?resize=350%2C200","width":350,"height":200,"srcset":"https:\/\/i0.wp.com\/hof-hoeherhaus.de\/wp-content\/uploads\/2013\/02\/rolf-grebe-dressur-hh-sitztraining.jpg?resize=350%2C200 1x, https:\/\/i0.wp.com\/hof-hoeherhaus.de\/wp-content\/uploads\/2013\/02\/rolf-grebe-dressur-hh-sitztraining.jpg?resize=525%2C300 1.5x, https:\/\/i0.wp.com\/hof-hoeherhaus.de\/wp-content\/uploads\/2013\/02\/rolf-grebe-dressur-hh-sitztraining.jpg?resize=700%2C400 2x"},"classes":[]},{"id":523,"url":"https:\/\/hof-hoeherhaus.de\/index.php\/reiterball-in-der-siegerlandhalle\/","url_meta":{"origin":2259,"position":2},"title":"Reiterball in der Siegerlandhalle","author":"Christian Feldmann","date":"29. November 2012","format":false,"excerpt":"Am vergangenen Samstag fand im Leonhard-Gl\u00e4ser-Saal der Siegerlandhalle in Siegen die Reitsaison 2012 ihr feierliches Ende. Eine Saison, die auch f\u00fcr Heike Mantel von der Reitgemeinschaft Hof-H\u00f6herhaus Drolshagen-Essinghausen eine sehr erfolgreiche war. Das beeindruckende Saisonergebnis von Heike: 19 Platzierungen, davon 15 unter den ersten drei in A und L bei\u2026","rel":"","context":"In &quot;RG-Hof-H\u00f6herhaus&quot;","block_context":{"text":"RG-Hof-H\u00f6herhaus","link":"https:\/\/hof-hoeherhaus.de\/index.php\/category\/aktuelles-zur-reitgemeinschaft-hof-hoeherhaus\/"},"img":{"alt_text":"","src":"https:\/\/i0.wp.com\/hof-hoeherhaus.de\/wp-content\/uploads\/2012\/11\/pferd-olpe-drolshagen-essinghausen-reiterball_siegen_00.jpg?resize=350%2C200","width":350,"height":200,"srcset":"https:\/\/i0.wp.com\/hof-hoeherhaus.de\/wp-content\/uploads\/2012\/11\/pferd-olpe-drolshagen-essinghausen-reiterball_siegen_00.jpg?resize=350%2C200 1x, https:\/\/i0.wp.com\/hof-hoeherhaus.de\/wp-content\/uploads\/2012\/11\/pferd-olpe-drolshagen-essinghausen-reiterball_siegen_00.jpg?resize=525%2C300 1.5x, https:\/\/i0.wp.com\/hof-hoeherhaus.de\/wp-content\/uploads\/2012\/11\/pferd-olpe-drolshagen-essinghausen-reiterball_siegen_00.jpg?resize=700%2C400 2x, https:\/\/i0.wp.com\/hof-hoeherhaus.de\/wp-content\/uploads\/2012\/11\/pferd-olpe-drolshagen-essinghausen-reiterball_siegen_00.jpg?resize=1050%2C600 3x"},"classes":[]},{"id":599,"url":"https:\/\/hof-hoeherhaus.de\/index.php\/jugendlehrgang-des-bezirksreiterverbandes\/","url_meta":{"origin":2259,"position":3},"title":"Jugendlehrgang des Bezirksreiterverbandes","author":"Christian Feldmann","date":"17. April 2016","format":false,"excerpt":"Am 09. und 10. April 2016 fand auf der Anlage der Siegerl\u00e4nder Kleinpferdefreunde e.V. ein Jugendlehrgang statt, der durch den Bezirks-Reiter- und Fahrverband Siegen-Olpe-Wittgenstein unterst\u00fctzt wurde. Lehrgangsleiterin war Dr. Christine Friedrich - Trainerin A Reiten Leistungssport. Auch aus unserer Jugend waren einigige Reiterinnen vertreten, die neben dem Verband auch durch\u2026","rel":"","context":"In &quot;RG-Hof-H\u00f6herhaus&quot;","block_context":{"text":"RG-Hof-H\u00f6herhaus","link":"https:\/\/hof-hoeherhaus.de\/index.php\/category\/aktuelles-zur-reitgemeinschaft-hof-hoeherhaus\/"},"img":{"alt_text":"Nachwuchsf\u00f6rderung auf Hof H\u00f6herhau","src":"https:\/\/i0.wp.com\/hof-hoeherhaus.de\/wp-content\/uploads\/2016\/04\/hof-hoeherhaus-1-von-1.jpg?fit=350%2C572&ssl=1&resize=350%2C200","width":350,"height":200},"classes":[]},{"id":1082,"url":"https:\/\/hof-hoeherhaus.de\/index.php\/ehrung-unserer-verbandsmeister\/","url_meta":{"origin":2259,"position":4},"title":"Ehrung unserer Verbandsmeister","author":"Christian Feldmann","date":"20. M\u00e4rz 2017","format":false,"excerpt":"Am 17.02.2017 wurden im Rahmen der Jahreshauptversammlung der Reitgemeinschaft Hof-H\u00f6herhaus e.V. die erfolgreichen Teilnehmerinnen der Verbandsmeisterschaft 2016 des Bezirks-Reiter-und Fahrverbands Siegen-Olpe-Wittgenstein\u00a0geehrt","rel":"","context":"In &quot;Presse&quot;","block_context":{"text":"Presse","link":"https:\/\/hof-hoeherhaus.de\/index.php\/category\/presse\/"},"img":{"alt_text":"","src":"https:\/\/i0.wp.com\/hof-hoeherhaus.de\/wp-content\/uploads\/2017\/02\/Vorstandssitzung-1-von-4.jpg?fit=1200%2C900&ssl=1&resize=350%2C200","width":350,"height":200,"srcset":"https:\/\/i0.wp.com\/hof-hoeherhaus.de\/wp-content\/uploads\/2017\/02\/Vorstandssitzung-1-von-4.jpg?fit=1200%2C900&ssl=1&resize=350%2C200 1x, https:\/\/i0.wp.com\/hof-hoeherhaus.de\/wp-content\/uploads\/2017\/02\/Vorstandssitzung-1-von-4.jpg?fit=1200%2C900&ssl=1&resize=525%2C300 1.5x, https:\/\/i0.wp.com\/hof-hoeherhaus.de\/wp-content\/uploads\/2017\/02\/Vorstandssitzung-1-von-4.jpg?fit=1200%2C900&ssl=1&resize=700%2C400 2x, https:\/\/i0.wp.com\/hof-hoeherhaus.de\/wp-content\/uploads\/2017\/02\/Vorstandssitzung-1-von-4.jpg?fit=1200%2C900&ssl=1&resize=1050%2C600 3x"},"classes":[]},{"id":525,"url":"https:\/\/hof-hoeherhaus.de\/index.php\/jahresabschluss-2012-dressurtraining\/","url_meta":{"origin":2259,"position":5},"title":"Jahresabschluss 2012-Dressurtraining","author":"Christian Feldmann","date":"3. Dezember 2012","format":false,"excerpt":"Eiskalt erwischte uns der Winter am vergangenen Sonntag Morgen zum erneuten Dressurtraining und der letzten Kontrolle \u00fcber die Fortschritte von Reiter und Pferd auf Hof-H\u00f6herhaus durch Rolf Grebe in diesem Jahr. Damit begann der Tag auch etwas anders als gewohnt, denn zur Stallarbeit kam das Schneer\u00e4umen von Wegen und Parkfl\u00e4chen\u2026","rel":"","context":"In &quot;RG-Hof-H\u00f6herhaus&quot;","block_context":{"text":"RG-Hof-H\u00f6herhaus","link":"https:\/\/hof-hoeherhaus.de\/index.php\/category\/aktuelles-zur-reitgemeinschaft-hof-hoeherhaus\/"},"img":{"alt_text":"","src":"https:\/\/i0.wp.com\/hof-hoeherhaus.de\/wp-content\/uploads\/2012\/12\/rolf_grebe_dressur_olpe_drolshagen_essinghausen_-10.jpg?resize=350%2C200","width":350,"height":200,"srcset":"https:\/\/i0.wp.com\/hof-hoeherhaus.de\/wp-content\/uploads\/2012\/12\/rolf_grebe_dressur_olpe_drolshagen_essinghausen_-10.jpg?resize=350%2C200 1x, https:\/\/i0.wp.com\/hof-hoeherhaus.de\/wp-content\/uploads\/2012\/12\/rolf_grebe_dressur_olpe_drolshagen_essinghausen_-10.jpg?resize=525%2C300 1.5x, https:\/\/i0.wp.com\/hof-hoeherhaus.de\/wp-content\/uploads\/2012\/12\/rolf_grebe_dressur_olpe_drolshagen_essinghausen_-10.jpg?resize=700%2C400 2x"},"classes":[]}],"jetpack_sharing_enabled":true,"_links":{"self":[{"href":"https:\/\/hof-hoeherhaus.de\/index.php\/wp-json\/wp\/v2\/posts\/2259","targetHints":{"allow":["GET"]}}],"collection":[{"href":"https:\/\/hof-hoeherhaus.de\/index.php\/wp-json\/wp\/v2\/posts"}],"about":[{"href":"https:\/\/hof-hoeherhaus.de\/index.php\/wp-json\/wp\/v2\/types\/post"}],"author":[{"embeddable":true,"href":"https:\/\/hof-hoeherhaus.de\/index.php\/wp-json\/wp\/v2\/users\/2"}],"replies":[{"embeddable":true,"href":"https:\/\/hof-hoeherhaus.de\/index.php\/wp-json\/wp\/v2\/comments?post=2259"}],"version-history":[{"count":6,"href":"https:\/\/hof-hoeherhaus.de\/index.php\/wp-json\/wp\/v2\/posts\/2259\/revisions"}],"predecessor-version":[{"id":2269,"href":"https:\/\/hof-hoeherhaus.de\/index.php\/wp-json\/wp\/v2\/posts\/2259\/revisions\/2269"}],"wp:featuredmedia":[{"embeddable":true,"href":"https:\/\/hof-hoeherhaus.de\/index.php\/wp-json\/wp\/v2\/media\/2258"}],"wp:attachment":[{"href":"https:\/\/hof-hoeherhaus.de\/index.php\/wp-json\/wp\/v2\/media?parent=2259"}],"wp:term":[{"taxonomy":"category","embeddable":true,"href":"https:\/\/hof-hoeherhaus.de\/index.php\/wp-json\/wp\/v2\/categories?post=2259"},{"taxonomy":"post_tag","embeddable":true,"href":"https:\/\/hof-hoeherhaus.de\/index.php\/wp-json\/wp\/v2\/tags?post=2259"}],"curies":[{"name":"wp","href":"https:\/\/api.w.org\/{rel}","templated":true}]}}