{"id":2686,"date":"2017-07-25T09:28:48","date_gmt":"2017-07-25T09:28:48","guid":{"rendered":"https:\/\/hof-hoeherhaus.de\/?p=2686"},"modified":"2023-01-25T21:47:00","modified_gmt":"2023-01-25T20:47:00","slug":"joana-raeumt-ab","status":"publish","type":"post","link":"https:\/\/hof-hoeherhaus.de\/index.php\/joana-raeumt-ab\/","title":{"rendered":"Joana r\u00e4umt ab"},"content":{"rendered":"\n<p>Joana H\u00e4drich mit Chicca<\/p>\n\n\n\n<p>Ein tolles Ergebnis:<br>1.Platz Springpferde A mit 7,6<\/p>\n\n\n\n<p>Joana H\u00e4drich mit Sam<\/p>\n\n\n\n<!--more-->\n\n\n\n<p>5.Platz L-Springen<\/p>\n\n\n\n<div class=\"wp-block-jetpack-tiled-gallery aligncenter is-style-rectangular\"><div class=\"tiled-gallery__gallery\"><div class=\"tiled-gallery__row\"><div class=\"tiled-gallery__col\" style=\"flex-basis:100.00000%\"><figure class=\"tiled-gallery__item\"><img decoding=\"async\" data-attachment-id=\"2699\" data-permalink=\"https:\/\/hof-hoeherhaus.de\/index.php\/joana-raeumt-ab\/img-20170725-wa0009\/\" data-orig-file=\"https:\/\/i0.wp.com\/hof-hoeherhaus.de\/wp-content\/uploads\/2017\/07\/IMG-20170725-WA0009.jpg?fit=900%2C1200&amp;ssl=1\" data-orig-size=\"900,1200\" data-comments-opened=\"0\" data-image-meta=\"{&quot;aperture&quot;:&quot;0&quot;,&quot;credit&quot;:&quot;&quot;,&quot;camera&quot;:&quot;&quot;,&quot;caption&quot;:&quot;&quot;,&quot;created_timestamp&quot;:&quot;0&quot;,&quot;copyright&quot;:&quot;&quot;,&quot;focal_length&quot;:&quot;0&quot;,&quot;iso&quot;:&quot;0&quot;,&quot;shutter_speed&quot;:&quot;0&quot;,&quot;title&quot;:&quot;&quot;,&quot;orientation&quot;:&quot;0&quot;}\" data-image-title=\"IMG-20170725-WA0009\" data-image-description=\"\" data-image-caption=\"\" data-large-file=\"https:\/\/i0.wp.com\/hof-hoeherhaus.de\/wp-content\/uploads\/2017\/07\/IMG-20170725-WA0009.jpg?fit=768%2C1024&amp;ssl=1\" data-attachment-id=\"2699\" data-permalink=\"https:\/\/hof-hoeherhaus.de\/index.php\/joana-raeumt-ab\/img-20170725-wa0009\/\" data-orig-file=\"https:\/\/i0.wp.com\/hof-hoeherhaus.de\/wp-content\/uploads\/2017\/07\/IMG-20170725-WA0009.jpg?fit=900%2C1200&amp;ssl=1\" data-orig-size=\"900,1200\" data-comments-opened=\"0\" data-image-meta=\"{&quot;aperture&quot;:&quot;0&quot;,&quot;credit&quot;:&quot;&quot;,&quot;camera&quot;:&quot;&quot;,&quot;caption&quot;:&quot;&quot;,&quot;created_timestamp&quot;:&quot;0&quot;,&quot;copyright&quot;:&quot;&quot;,&quot;focal_length&quot;:&quot;0&quot;,&quot;iso&quot;:&quot;0&quot;,&quot;shutter_speed&quot;:&quot;0&quot;,&quot;title&quot;:&quot;&quot;,&quot;orientation&quot;:&quot;0&quot;}\" data-image-title=\"IMG-20170725-WA0009\" data-image-description=\"\" data-image-caption=\"\" data-large-file=\"https:\/\/i0.wp.com\/hof-hoeherhaus.de\/wp-content\/uploads\/2017\/07\/IMG-20170725-WA0009.jpg?fit=768%2C1024&amp;ssl=1\" role=\"button\" tabindex=\"0\" aria-label=\"Bild\u00a01 von 1 im Vollbildmodus \u00f6ffnen\"srcset=\"https:\/\/i1.wp.com\/hof-hoeherhaus.de\/wp-content\/uploads\/2017\/07\/IMG-20170725-WA0009-768x1024.jpg?strip=info&#038;w=600&#038;ssl=1 600w,https:\/\/i1.wp.com\/hof-hoeherhaus.de\/wp-content\/uploads\/2017\/07\/IMG-20170725-WA0009-768x1024.jpg?strip=info&#038;w=900&#038;ssl=1 900w\" alt=\"\" data-height=\"1200\" data-id=\"2699\" data-link=\"https:\/\/hof-hoeherhaus.de\/index.php\/joana-raeumt-ab\/img-20170725-wa0009\/\" data-url=\"https:\/\/hof-hoeherhaus.de\/wp-content\/uploads\/2017\/07\/IMG-20170725-WA0009-768x1024.jpg\" data-width=\"900\" src=\"https:\/\/i1.wp.com\/hof-hoeherhaus.de\/wp-content\/uploads\/2017\/07\/IMG-20170725-WA0009-768x1024.jpg?ssl=1\" data-amp-layout=\"responsive\"\/><\/figure><\/div><\/div><\/div><\/div>\n","protected":false},"excerpt":{"rendered":"<p>Joana H\u00e4drich mit Chicca Ein tolles Ergebnis:1.Platz Springpferde A mit 7,6 Joana H\u00e4drich mit Sam<\/p>\n","protected":false},"author":2,"featured_media":2699,"comment_status":"closed","ping_status":"open","sticky":false,"template":"","format":"standard","meta":{"_jetpack_memberships_contains_paid_content":false,"footnotes":""},"categories":[235],"tags":[],"class_list":{"0":"post-2686","1":"post","2":"type-post","3":"status-publish","4":"format-standard","5":"has-post-thumbnail","6":"hentry","7":"category-aktuelles-zur-reitgemeinschaft-hof-hoeherhaus","8":"","9":"blog-alt-layout","10":"blog-style-postblock","12":"blog-alt-odd"},"yoast_head":"<!-- This site is optimized with the Yoast SEO plugin v27.5 - https:\/\/yoast.com\/product\/yoast-seo-wordpress\/ -->\n<title>Joana r\u00e4umt ab &#8211; Hof-H\u00f6herhaus<\/title>\n<meta name=\"description\" content=\"Wie schon so h\u00e4ufig, war Joana H\u00e4drich mir ihrer Chicca auch an diesem Wochenende wieder erfolgreich! Toll, was die beiden schaffen!\" \/>\n<meta name=\"robots\" content=\"index, follow, max-snippet:-1, max-image-preview:large, max-video-preview:-1\" \/>\n<link rel=\"canonical\" href=\"https:\/\/hof-hoeherhaus.de\/index.php\/joana-raeumt-ab\/\" \/>\n<meta property=\"og:locale\" content=\"de_DE\" \/>\n<meta property=\"og:type\" content=\"article\" \/>\n<meta property=\"og:title\" content=\"Joana r\u00e4umt ab &#8211; Hof-H\u00f6herhaus\" \/>\n<meta property=\"og:description\" content=\"Wie schon so h\u00e4ufig, war Joana H\u00e4drich mir ihrer Chicca auch an diesem Wochenende wieder erfolgreich! Toll, was die beiden schaffen!\" \/>\n<meta property=\"og:url\" content=\"https:\/\/hof-hoeherhaus.de\/index.php\/joana-raeumt-ab\/\" \/>\n<meta property=\"og:site_name\" content=\"Hof-H\u00f6herhaus\" \/>\n<meta property=\"article:published_time\" content=\"2017-07-25T09:28:48+00:00\" \/>\n<meta property=\"article:modified_time\" content=\"2023-01-25T20:47:00+00:00\" \/>\n<meta property=\"og:image\" content=\"https:\/\/hof-hoeherhaus.de\/wp-content\/uploads\/2017\/07\/IMG-20170725-WA0009.jpg\" \/>\n\t<meta property=\"og:image:width\" content=\"900\" \/>\n\t<meta property=\"og:image:height\" content=\"1200\" \/>\n\t<meta property=\"og:image:type\" content=\"image\/jpeg\" \/>\n<meta name=\"author\" content=\"Christian Feldmann\" \/>\n<meta name=\"twitter:card\" content=\"summary_large_image\" \/>\n<script type=\"application\/ld+json\" class=\"yoast-schema-graph\">{\"@context\":\"https:\\\/\\\/schema.org\",\"@graph\":[{\"@type\":\"Article\",\"@id\":\"https:\\\/\\\/hof-hoeherhaus.de\\\/index.php\\\/joana-raeumt-ab\\\/#article\",\"isPartOf\":{\"@id\":\"https:\\\/\\\/hof-hoeherhaus.de\\\/index.php\\\/joana-raeumt-ab\\\/\"},\"author\":{\"name\":\"Christian Feldmann\",\"@id\":\"https:\\\/\\\/hof-hoeherhaus.de\\\/#\\\/schema\\\/person\\\/aa335ddcf542d61b4966cdf7ac67785e\"},\"headline\":\"Joana r\u00e4umt ab\",\"datePublished\":\"2017-07-25T09:28:48+00:00\",\"dateModified\":\"2023-01-25T20:47:00+00:00\",\"mainEntityOfPage\":{\"@id\":\"https:\\\/\\\/hof-hoeherhaus.de\\\/index.php\\\/joana-raeumt-ab\\\/\"},\"wordCount\":23,\"publisher\":{\"@id\":\"https:\\\/\\\/hof-hoeherhaus.de\\\/#organization\"},\"image\":{\"@id\":\"https:\\\/\\\/hof-hoeherhaus.de\\\/index.php\\\/joana-raeumt-ab\\\/#primaryimage\"},\"thumbnailUrl\":\"https:\\\/\\\/i0.wp.com\\\/hof-hoeherhaus.de\\\/wp-content\\\/uploads\\\/2017\\\/07\\\/IMG-20170725-WA0009.jpg?fit=900%2C1200&ssl=1\",\"articleSection\":[\"RG-Hof-H\u00f6herhaus\"],\"inLanguage\":\"de\"},{\"@type\":\"WebPage\",\"@id\":\"https:\\\/\\\/hof-hoeherhaus.de\\\/index.php\\\/joana-raeumt-ab\\\/\",\"url\":\"https:\\\/\\\/hof-hoeherhaus.de\\\/index.php\\\/joana-raeumt-ab\\\/\",\"name\":\"Joana r\u00e4umt ab &#8211; Hof-H\u00f6herhaus\",\"isPartOf\":{\"@id\":\"https:\\\/\\\/hof-hoeherhaus.de\\\/#website\"},\"primaryImageOfPage\":{\"@id\":\"https:\\\/\\\/hof-hoeherhaus.de\\\/index.php\\\/joana-raeumt-ab\\\/#primaryimage\"},\"image\":{\"@id\":\"https:\\\/\\\/hof-hoeherhaus.de\\\/index.php\\\/joana-raeumt-ab\\\/#primaryimage\"},\"thumbnailUrl\":\"https:\\\/\\\/i0.wp.com\\\/hof-hoeherhaus.de\\\/wp-content\\\/uploads\\\/2017\\\/07\\\/IMG-20170725-WA0009.jpg?fit=900%2C1200&ssl=1\",\"datePublished\":\"2017-07-25T09:28:48+00:00\",\"dateModified\":\"2023-01-25T20:47:00+00:00\",\"description\":\"Wie schon so h\u00e4ufig, war Joana H\u00e4drich mir ihrer Chicca auch an diesem Wochenende wieder erfolgreich! Toll, was die beiden schaffen!\",\"breadcrumb\":{\"@id\":\"https:\\\/\\\/hof-hoeherhaus.de\\\/index.php\\\/joana-raeumt-ab\\\/#breadcrumb\"},\"inLanguage\":\"de\",\"potentialAction\":[{\"@type\":\"ReadAction\",\"target\":[\"https:\\\/\\\/hof-hoeherhaus.de\\\/index.php\\\/joana-raeumt-ab\\\/\"]}]},{\"@type\":\"ImageObject\",\"inLanguage\":\"de\",\"@id\":\"https:\\\/\\\/hof-hoeherhaus.de\\\/index.php\\\/joana-raeumt-ab\\\/#primaryimage\",\"url\":\"https:\\\/\\\/i0.wp.com\\\/hof-hoeherhaus.de\\\/wp-content\\\/uploads\\\/2017\\\/07\\\/IMG-20170725-WA0009.jpg?fit=900%2C1200&ssl=1\",\"contentUrl\":\"https:\\\/\\\/i0.wp.com\\\/hof-hoeherhaus.de\\\/wp-content\\\/uploads\\\/2017\\\/07\\\/IMG-20170725-WA0009.jpg?fit=900%2C1200&ssl=1\",\"width\":900,\"height\":1200},{\"@type\":\"BreadcrumbList\",\"@id\":\"https:\\\/\\\/hof-hoeherhaus.de\\\/index.php\\\/joana-raeumt-ab\\\/#breadcrumb\",\"itemListElement\":[{\"@type\":\"ListItem\",\"position\":1,\"name\":\"Startseite\",\"item\":\"https:\\\/\\\/hof-hoeherhaus.de\\\/\"},{\"@type\":\"ListItem\",\"position\":2,\"name\":\"Joana r\u00e4umt ab\"}]},{\"@type\":\"WebSite\",\"@id\":\"https:\\\/\\\/hof-hoeherhaus.de\\\/#website\",\"url\":\"https:\\\/\\\/hof-hoeherhaus.de\\\/\",\"name\":\"Hof-H\u00f6herhaus\",\"description\":\"Hof-H\u00f6herhaus - Pferde im sch\u00f6nen Drolshagener und Olper Land.\",\"publisher\":{\"@id\":\"https:\\\/\\\/hof-hoeherhaus.de\\\/#organization\"},\"potentialAction\":[{\"@type\":\"SearchAction\",\"target\":{\"@type\":\"EntryPoint\",\"urlTemplate\":\"https:\\\/\\\/hof-hoeherhaus.de\\\/?s={search_term_string}\"},\"query-input\":{\"@type\":\"PropertyValueSpecification\",\"valueRequired\":true,\"valueName\":\"search_term_string\"}}],\"inLanguage\":\"de\"},{\"@type\":\"Organization\",\"@id\":\"https:\\\/\\\/hof-hoeherhaus.de\\\/#organization\",\"name\":\"Reitgemeinschaft Hof-Hoeherhaus e.V.\",\"url\":\"https:\\\/\\\/hof-hoeherhaus.de\\\/\",\"logo\":{\"@type\":\"ImageObject\",\"inLanguage\":\"de\",\"@id\":\"https:\\\/\\\/hof-hoeherhaus.de\\\/#\\\/schema\\\/logo\\\/image\\\/\",\"url\":\"https:\\\/\\\/i0.wp.com\\\/hof-hoeherhaus.de\\\/wp-content\\\/uploads\\\/2021\\\/11\\\/18.jpg?fit=1024%2C1024&ssl=1\",\"contentUrl\":\"https:\\\/\\\/i0.wp.com\\\/hof-hoeherhaus.de\\\/wp-content\\\/uploads\\\/2021\\\/11\\\/18.jpg?fit=1024%2C1024&ssl=1\",\"width\":1024,\"height\":1024,\"caption\":\"Reitgemeinschaft Hof-Hoeherhaus e.V.\"},\"image\":{\"@id\":\"https:\\\/\\\/hof-hoeherhaus.de\\\/#\\\/schema\\\/logo\\\/image\\\/\"}},{\"@type\":\"Person\",\"@id\":\"https:\\\/\\\/hof-hoeherhaus.de\\\/#\\\/schema\\\/person\\\/aa335ddcf542d61b4966cdf7ac67785e\",\"name\":\"Christian Feldmann\",\"image\":{\"@type\":\"ImageObject\",\"inLanguage\":\"de\",\"@id\":\"https:\\\/\\\/secure.gravatar.com\\\/avatar\\\/28fbfb8afb0625dad08835ca7f5087c90cf64ed1aa5a3e1754cb0bf81b1b9104?s=96&d=mm&r=g\",\"url\":\"https:\\\/\\\/secure.gravatar.com\\\/avatar\\\/28fbfb8afb0625dad08835ca7f5087c90cf64ed1aa5a3e1754cb0bf81b1b9104?s=96&d=mm&r=g\",\"contentUrl\":\"https:\\\/\\\/secure.gravatar.com\\\/avatar\\\/28fbfb8afb0625dad08835ca7f5087c90cf64ed1aa5a3e1754cb0bf81b1b9104?s=96&d=mm&r=g\",\"caption\":\"Christian Feldmann\"}}]}<\/script>\n<!-- \/ Yoast SEO plugin. -->","yoast_head_json":{"title":"Joana r\u00e4umt ab &#8211; Hof-H\u00f6herhaus","description":"Wie schon so h\u00e4ufig, war Joana H\u00e4drich mir ihrer Chicca auch an diesem Wochenende wieder erfolgreich! Toll, was die beiden schaffen!","robots":{"index":"index","follow":"follow","max-snippet":"max-snippet:-1","max-image-preview":"max-image-preview:large","max-video-preview":"max-video-preview:-1"},"canonical":"https:\/\/hof-hoeherhaus.de\/index.php\/joana-raeumt-ab\/","og_locale":"de_DE","og_type":"article","og_title":"Joana r\u00e4umt ab &#8211; Hof-H\u00f6herhaus","og_description":"Wie schon so h\u00e4ufig, war Joana H\u00e4drich mir ihrer Chicca auch an diesem Wochenende wieder erfolgreich! Toll, was die beiden schaffen!","og_url":"https:\/\/hof-hoeherhaus.de\/index.php\/joana-raeumt-ab\/","og_site_name":"Hof-H\u00f6herhaus","article_published_time":"2017-07-25T09:28:48+00:00","article_modified_time":"2023-01-25T20:47:00+00:00","og_image":[{"width":900,"height":1200,"url":"https:\/\/hof-hoeherhaus.de\/wp-content\/uploads\/2017\/07\/IMG-20170725-WA0009.jpg","type":"image\/jpeg"}],"author":"Christian Feldmann","twitter_card":"summary_large_image","schema":{"@context":"https:\/\/schema.org","@graph":[{"@type":"Article","@id":"https:\/\/hof-hoeherhaus.de\/index.php\/joana-raeumt-ab\/#article","isPartOf":{"@id":"https:\/\/hof-hoeherhaus.de\/index.php\/joana-raeumt-ab\/"},"author":{"name":"Christian Feldmann","@id":"https:\/\/hof-hoeherhaus.de\/#\/schema\/person\/aa335ddcf542d61b4966cdf7ac67785e"},"headline":"Joana r\u00e4umt ab","datePublished":"2017-07-25T09:28:48+00:00","dateModified":"2023-01-25T20:47:00+00:00","mainEntityOfPage":{"@id":"https:\/\/hof-hoeherhaus.de\/index.php\/joana-raeumt-ab\/"},"wordCount":23,"publisher":{"@id":"https:\/\/hof-hoeherhaus.de\/#organization"},"image":{"@id":"https:\/\/hof-hoeherhaus.de\/index.php\/joana-raeumt-ab\/#primaryimage"},"thumbnailUrl":"https:\/\/i0.wp.com\/hof-hoeherhaus.de\/wp-content\/uploads\/2017\/07\/IMG-20170725-WA0009.jpg?fit=900%2C1200&ssl=1","articleSection":["RG-Hof-H\u00f6herhaus"],"inLanguage":"de"},{"@type":"WebPage","@id":"https:\/\/hof-hoeherhaus.de\/index.php\/joana-raeumt-ab\/","url":"https:\/\/hof-hoeherhaus.de\/index.php\/joana-raeumt-ab\/","name":"Joana r\u00e4umt ab &#8211; Hof-H\u00f6herhaus","isPartOf":{"@id":"https:\/\/hof-hoeherhaus.de\/#website"},"primaryImageOfPage":{"@id":"https:\/\/hof-hoeherhaus.de\/index.php\/joana-raeumt-ab\/#primaryimage"},"image":{"@id":"https:\/\/hof-hoeherhaus.de\/index.php\/joana-raeumt-ab\/#primaryimage"},"thumbnailUrl":"https:\/\/i0.wp.com\/hof-hoeherhaus.de\/wp-content\/uploads\/2017\/07\/IMG-20170725-WA0009.jpg?fit=900%2C1200&ssl=1","datePublished":"2017-07-25T09:28:48+00:00","dateModified":"2023-01-25T20:47:00+00:00","description":"Wie schon so h\u00e4ufig, war Joana H\u00e4drich mir ihrer Chicca auch an diesem Wochenende wieder erfolgreich! Toll, was die beiden schaffen!","breadcrumb":{"@id":"https:\/\/hof-hoeherhaus.de\/index.php\/joana-raeumt-ab\/#breadcrumb"},"inLanguage":"de","potentialAction":[{"@type":"ReadAction","target":["https:\/\/hof-hoeherhaus.de\/index.php\/joana-raeumt-ab\/"]}]},{"@type":"ImageObject","inLanguage":"de","@id":"https:\/\/hof-hoeherhaus.de\/index.php\/joana-raeumt-ab\/#primaryimage","url":"https:\/\/i0.wp.com\/hof-hoeherhaus.de\/wp-content\/uploads\/2017\/07\/IMG-20170725-WA0009.jpg?fit=900%2C1200&ssl=1","contentUrl":"https:\/\/i0.wp.com\/hof-hoeherhaus.de\/wp-content\/uploads\/2017\/07\/IMG-20170725-WA0009.jpg?fit=900%2C1200&ssl=1","width":900,"height":1200},{"@type":"BreadcrumbList","@id":"https:\/\/hof-hoeherhaus.de\/index.php\/joana-raeumt-ab\/#breadcrumb","itemListElement":[{"@type":"ListItem","position":1,"name":"Startseite","item":"https:\/\/hof-hoeherhaus.de\/"},{"@type":"ListItem","position":2,"name":"Joana r\u00e4umt ab"}]},{"@type":"WebSite","@id":"https:\/\/hof-hoeherhaus.de\/#website","url":"https:\/\/hof-hoeherhaus.de\/","name":"Hof-H\u00f6herhaus","description":"Hof-H\u00f6herhaus - Pferde im sch\u00f6nen Drolshagener und Olper Land.","publisher":{"@id":"https:\/\/hof-hoeherhaus.de\/#organization"},"potentialAction":[{"@type":"SearchAction","target":{"@type":"EntryPoint","urlTemplate":"https:\/\/hof-hoeherhaus.de\/?s={search_term_string}"},"query-input":{"@type":"PropertyValueSpecification","valueRequired":true,"valueName":"search_term_string"}}],"inLanguage":"de"},{"@type":"Organization","@id":"https:\/\/hof-hoeherhaus.de\/#organization","name":"Reitgemeinschaft Hof-Hoeherhaus e.V.","url":"https:\/\/hof-hoeherhaus.de\/","logo":{"@type":"ImageObject","inLanguage":"de","@id":"https:\/\/hof-hoeherhaus.de\/#\/schema\/logo\/image\/","url":"https:\/\/i0.wp.com\/hof-hoeherhaus.de\/wp-content\/uploads\/2021\/11\/18.jpg?fit=1024%2C1024&ssl=1","contentUrl":"https:\/\/i0.wp.com\/hof-hoeherhaus.de\/wp-content\/uploads\/2021\/11\/18.jpg?fit=1024%2C1024&ssl=1","width":1024,"height":1024,"caption":"Reitgemeinschaft Hof-Hoeherhaus e.V."},"image":{"@id":"https:\/\/hof-hoeherhaus.de\/#\/schema\/logo\/image\/"}},{"@type":"Person","@id":"https:\/\/hof-hoeherhaus.de\/#\/schema\/person\/aa335ddcf542d61b4966cdf7ac67785e","name":"Christian Feldmann","image":{"@type":"ImageObject","inLanguage":"de","@id":"https:\/\/secure.gravatar.com\/avatar\/28fbfb8afb0625dad08835ca7f5087c90cf64ed1aa5a3e1754cb0bf81b1b9104?s=96&d=mm&r=g","url":"https:\/\/secure.gravatar.com\/avatar\/28fbfb8afb0625dad08835ca7f5087c90cf64ed1aa5a3e1754cb0bf81b1b9104?s=96&d=mm&r=g","contentUrl":"https:\/\/secure.gravatar.com\/avatar\/28fbfb8afb0625dad08835ca7f5087c90cf64ed1aa5a3e1754cb0bf81b1b9104?s=96&d=mm&r=g","caption":"Christian Feldmann"}}]}},"jetpack_featured_media_url":"https:\/\/i0.wp.com\/hof-hoeherhaus.de\/wp-content\/uploads\/2017\/07\/IMG-20170725-WA0009.jpg?fit=900%2C1200&ssl=1","jetpack-related-posts":[{"id":3236,"url":"https:\/\/hof-hoeherhaus.de\/index.php\/joana-bei-ludger-beerbaum\/","url_meta":{"origin":2686,"position":0},"title":"Joana bei Ludger Beerbaum","author":"Christian Feldmann","date":"22. M\u00e4rz 2019","format":false,"excerpt":"Egal ob Dressur-, oder Springreiter, jeder hat seine Tr\u00e4ume, Idole und Ziele. H\u00e4ufig ist die Erreichung dieser Ziele mit viel Arbeit verbunden. Aber es gibt auch immer jemanden, der bereit ist sich dieser Arbeit zu stellen und seine Tr\u00e4ume zu verwirklichen. Dies gilt im Reitsport vielleicht ganz besonders. Viele Reiter\u2026","rel":"","context":"In &quot;Lehrg\u00e4nge&quot;","block_context":{"text":"Lehrg\u00e4nge","link":"https:\/\/hof-hoeherhaus.de\/index.php\/category\/lehrgaenge\/"},"img":{"alt_text":"","src":"https:\/\/i0.wp.com\/hof-hoeherhaus.de\/wp-content\/uploads\/2019\/03\/Joana-Beerbaum-7-von-7.jpg?fit=1200%2C800&ssl=1&resize=350%2C200","width":350,"height":200,"srcset":"https:\/\/i0.wp.com\/hof-hoeherhaus.de\/wp-content\/uploads\/2019\/03\/Joana-Beerbaum-7-von-7.jpg?fit=1200%2C800&ssl=1&resize=350%2C200 1x, https:\/\/i0.wp.com\/hof-hoeherhaus.de\/wp-content\/uploads\/2019\/03\/Joana-Beerbaum-7-von-7.jpg?fit=1200%2C800&ssl=1&resize=525%2C300 1.5x, https:\/\/i0.wp.com\/hof-hoeherhaus.de\/wp-content\/uploads\/2019\/03\/Joana-Beerbaum-7-von-7.jpg?fit=1200%2C800&ssl=1&resize=700%2C400 2x, https:\/\/i0.wp.com\/hof-hoeherhaus.de\/wp-content\/uploads\/2019\/03\/Joana-Beerbaum-7-von-7.jpg?fit=1200%2C800&ssl=1&resize=1050%2C600 3x"},"classes":[]},{"id":2692,"url":"https:\/\/hof-hoeherhaus.de\/index.php\/wir-haben-eine-neue-verbandsmeisterin\/","url_meta":{"origin":2686,"position":1},"title":"Wir haben wieder eine Verbandsmeisterin!","author":"Christian Feldmann","date":"25. Juli 2017","format":false,"excerpt":"Joana H\u00e4drich entschied am vergangenen Wochenende die Verbandsmeisterschaft in der M-Tour Springen f\u00fcr sich. Obwohl sich Joana erst kurzfristig daf\u00fcr entschied, an der Verbandsmeisterschaft teilzunehmen, wurde sie in der M-Tour Springen mit ihrem Wallach Sam Verbandsmeisterin. Wir freuen uns sehr f\u00fcr euch, besonders aber, dass Sam nach einer l\u00e4ngeren Verletzungspause\u2026","rel":"","context":"In &quot;Lehrg\u00e4nge&quot;","block_context":{"text":"Lehrg\u00e4nge","link":"https:\/\/hof-hoeherhaus.de\/index.php\/category\/lehrgaenge\/"},"img":{"alt_text":"","src":"https:\/\/i0.wp.com\/hof-hoeherhaus.de\/wp-content\/uploads\/2017\/07\/IMG-20170723-WA0014.jpg?fit=774%2C1032&ssl=1&resize=350%2C200","width":350,"height":200,"srcset":"https:\/\/i0.wp.com\/hof-hoeherhaus.de\/wp-content\/uploads\/2017\/07\/IMG-20170723-WA0014.jpg?fit=774%2C1032&ssl=1&resize=350%2C200 1x, https:\/\/i0.wp.com\/hof-hoeherhaus.de\/wp-content\/uploads\/2017\/07\/IMG-20170723-WA0014.jpg?fit=774%2C1032&ssl=1&resize=525%2C300 1.5x, https:\/\/i0.wp.com\/hof-hoeherhaus.de\/wp-content\/uploads\/2017\/07\/IMG-20170723-WA0014.jpg?fit=774%2C1032&ssl=1&resize=700%2C400 2x"},"classes":[]},{"id":2837,"url":"https:\/\/hof-hoeherhaus.de\/index.php\/reiterball-2017\/","url_meta":{"origin":2686,"position":2},"title":"Reiterball 2017","author":"Christian Feldmann","date":"26. November 2017","format":false,"excerpt":"Das Finale jeder Turniersaison des Bezirksverbands Siegen-Olpe-Wittgenstein ist der Reiterball. Hier werden die Reitstiefel einmal gegen High-Heels ausgetauscht und im festlichen Umfeld gefeiert. Wie in den Jahren zuvor wurde das Event von Mathias Schumillas im Leonard-Gl\u00e4ser-Saal der Siegerlandhalle feierlich er\u00f6ffnet. Anschlie\u00dfend wurden alle Verbandsmeister einzeln, oder im Team auf die\u2026","rel":"","context":"In &quot;Pferdebilder&quot;","block_context":{"text":"Pferdebilder","link":"https:\/\/hof-hoeherhaus.de\/index.php\/category\/pferdebilder\/"},"img":{"alt_text":"Joana","src":"https:\/\/i0.wp.com\/hof-hoeherhaus.de\/wp-content\/uploads\/2017\/11\/Joana-23-von-33.jpg?fit=720%2C1080&ssl=1&resize=350%2C200","width":350,"height":200,"srcset":"https:\/\/i0.wp.com\/hof-hoeherhaus.de\/wp-content\/uploads\/2017\/11\/Joana-23-von-33.jpg?fit=720%2C1080&ssl=1&resize=350%2C200 1x, https:\/\/i0.wp.com\/hof-hoeherhaus.de\/wp-content\/uploads\/2017\/11\/Joana-23-von-33.jpg?fit=720%2C1080&ssl=1&resize=525%2C300 1.5x, https:\/\/i0.wp.com\/hof-hoeherhaus.de\/wp-content\/uploads\/2017\/11\/Joana-23-von-33.jpg?fit=720%2C1080&ssl=1&resize=700%2C400 2x"},"classes":[]},{"id":489,"url":"https:\/\/hof-hoeherhaus.de\/index.php\/turnierstart-in-lindlar\/","url_meta":{"origin":2686,"position":3},"title":"Turnierstart in Lindlar","author":"Christian Feldmann","date":"18. Mai 2012","format":false,"excerpt":"Ein weiteres, tolles Ergebnis erzielte Heike Mantel am 17.05.2012 bei der Dressurpferde-A in Lindlar. Der Wettergott hatte trotz wirklich \u00fcbler Vorwarnungen ein Einsehen, dass Reitsport am Besten ganz ohne Regen stattfinden sollte. So konnte die Veranstaltung zwar kalt, aber trocken stattfinden. was in erster Linie den Springreitern zu Gute kam,\u2026","rel":"","context":"In &quot;RG-Hof-H\u00f6herhaus&quot;","block_context":{"text":"RG-Hof-H\u00f6herhaus","link":"https:\/\/hof-hoeherhaus.de\/index.php\/category\/aktuelles-zur-reitgemeinschaft-hof-hoeherhaus\/"},"img":{"alt_text":"","src":"https:\/\/i0.wp.com\/hof-hoeherhaus.de\/wp-content\/uploads\/2012\/05\/Turnier-in-Lindlar-00001.jpg?resize=350%2C200","width":350,"height":200,"srcset":"https:\/\/i0.wp.com\/hof-hoeherhaus.de\/wp-content\/uploads\/2012\/05\/Turnier-in-Lindlar-00001.jpg?resize=350%2C200 1x, https:\/\/i0.wp.com\/hof-hoeherhaus.de\/wp-content\/uploads\/2012\/05\/Turnier-in-Lindlar-00001.jpg?resize=525%2C300 1.5x, https:\/\/i0.wp.com\/hof-hoeherhaus.de\/wp-content\/uploads\/2012\/05\/Turnier-in-Lindlar-00001.jpg?resize=700%2C400 2x"},"classes":[]},{"id":438,"url":"https:\/\/hof-hoeherhaus.de\/index.php\/gaeste-auf-hof-hoeherhaus\/","url_meta":{"origin":2686,"position":4},"title":"G\u00e4ste auf Hof-H\u00f6herhaus","author":"Christian Feldmann","date":"7. September 2011","format":false,"excerpt":"\u00a0Eine Gastreiterin aus der Pfalz. Janina, eine junge Dame absolvierte hier in Olpe an der Meisterschule der B\u00e4ckerinnung einen mehrmonatigen Lehrgang mit Ausbildung zur Meisterpr\u00fcfung. Ihr besonderer Wunsch: Sie wollte Ihr Pferd mit ins Sauerland\u00a0nehmen um hier auch ein paar sch\u00f6ne Tage zu verbringen. Diesen Wunsch konnten wir Ihr erf\u00fcllen.","rel":"","context":"In &quot;RG-Hof-H\u00f6herhaus&quot;","block_context":{"text":"RG-Hof-H\u00f6herhaus","link":"https:\/\/hof-hoeherhaus.de\/index.php\/category\/aktuelles-zur-reitgemeinschaft-hof-hoeherhaus\/"},"img":{"alt_text":"Claudino, der Vater des Fohlens","src":"https:\/\/i0.wp.com\/hof-hoeherhaus.de\/wp-content\/uploads\/2011\/09\/janina_3.jpg?fit=595%2C419&ssl=1&resize=350%2C200","width":350,"height":200,"srcset":"https:\/\/i0.wp.com\/hof-hoeherhaus.de\/wp-content\/uploads\/2011\/09\/janina_3.jpg?fit=595%2C419&ssl=1&resize=350%2C200 1x, https:\/\/i0.wp.com\/hof-hoeherhaus.de\/wp-content\/uploads\/2011\/09\/janina_3.jpg?fit=595%2C419&ssl=1&resize=525%2C300 1.5x"},"classes":[]},{"id":502,"url":"https:\/\/hof-hoeherhaus.de\/index.php\/yvonne-haener-und-simply-black-gelingt-das-double\/","url_meta":{"origin":2686,"position":5},"title":"Yvonne H\u00e4ner und Simply Black gelingt das Double","author":"Christian Feldmann","date":"30. Juli 2012","format":false,"excerpt":"Man h\u00e4tte annehmen k\u00f6nnnen, dass man sich im Sauerland befindet: es regnete und regnete und regnete......Doch das Wetter machte wohl auch im Oberbergischen keinen Halt. Das hinderte\u00a0einige Mitglieder der Reitgemeinschaft Hof-H\u00f6herhaus jedoch nicht daran, an dem Dressur- und Springturnier in Gummersbach-Erlenhagen teilzunehmen. Noch am vorangegangenen Freitag wurden die Dressuraufgaben mit\u2026","rel":"","context":"In &quot;RG-Hof-H\u00f6herhaus&quot;","block_context":{"text":"RG-Hof-H\u00f6herhaus","link":"https:\/\/hof-hoeherhaus.de\/index.php\/category\/aktuelles-zur-reitgemeinschaft-hof-hoeherhaus\/"},"img":{"alt_text":"Yvonne H\u00e4hner mit doppelter Platzierung im Oberberg","src":"https:\/\/i0.wp.com\/hof-hoeherhaus.de\/wp-content\/uploads\/2012\/07\/yvonne_hner_simply_black.jpg?resize=350%2C200","width":350,"height":200},"classes":[]}],"jetpack_sharing_enabled":true,"_links":{"self":[{"href":"https:\/\/hof-hoeherhaus.de\/index.php\/wp-json\/wp\/v2\/posts\/2686","targetHints":{"allow":["GET"]}}],"collection":[{"href":"https:\/\/hof-hoeherhaus.de\/index.php\/wp-json\/wp\/v2\/posts"}],"about":[{"href":"https:\/\/hof-hoeherhaus.de\/index.php\/wp-json\/wp\/v2\/types\/post"}],"author":[{"embeddable":true,"href":"https:\/\/hof-hoeherhaus.de\/index.php\/wp-json\/wp\/v2\/users\/2"}],"replies":[{"embeddable":true,"href":"https:\/\/hof-hoeherhaus.de\/index.php\/wp-json\/wp\/v2\/comments?post=2686"}],"version-history":[{"count":5,"href":"https:\/\/hof-hoeherhaus.de\/index.php\/wp-json\/wp\/v2\/posts\/2686\/revisions"}],"predecessor-version":[{"id":4441,"href":"https:\/\/hof-hoeherhaus.de\/index.php\/wp-json\/wp\/v2\/posts\/2686\/revisions\/4441"}],"wp:featuredmedia":[{"embeddable":true,"href":"https:\/\/hof-hoeherhaus.de\/index.php\/wp-json\/wp\/v2\/media\/2699"}],"wp:attachment":[{"href":"https:\/\/hof-hoeherhaus.de\/index.php\/wp-json\/wp\/v2\/media?parent=2686"}],"wp:term":[{"taxonomy":"category","embeddable":true,"href":"https:\/\/hof-hoeherhaus.de\/index.php\/wp-json\/wp\/v2\/categories?post=2686"},{"taxonomy":"post_tag","embeddable":true,"href":"https:\/\/hof-hoeherhaus.de\/index.php\/wp-json\/wp\/v2\/tags?post=2686"}],"curies":[{"name":"wp","href":"https:\/\/api.w.org\/{rel}","templated":true}]}}