{"id":427,"date":"2011-08-19T15:11:36","date_gmt":"2011-08-19T15:11:36","guid":{"rendered":"http:\/\/wp.rg-hh.de\/index.php\/2011\/08\/19\/reitturnier-schwartmecke\/"},"modified":"2023-03-08T17:33:21","modified_gmt":"2023-03-08T16:33:21","slug":"reitturnier-schwartmecke","status":"publish","type":"post","link":"https:\/\/hof-hoeherhaus.de\/index.php\/reitturnier-schwartmecke\/","title":{"rendered":"Reitturnier Schwartmecke"},"content":{"rendered":"\n<p>Heute fiel der Startschuss des Reitturniers auf der Schwartmecke. Auch vom Team Hof-H\u00f6herhaus starteten mehrere Pferde auf diesem Turnier, von denen&nbsp;zwei sogar aus hofeigener Zucht stammen. Alle Starter wurden platziert. Einige Pferde schnupperten zum ersten mal Turnierluft, daher sind die Turnierergebnisse wirklich eine riesen \u00dcberraschung. Das animiert sicher alle Beteiligten noch mehr als bisher sich und ihr Pferd weiter auszubilden.<\/p>\n\n\n\n<div class=\"wp-block-jetpack-tiled-gallery aligncenter is-style-rectangular\"><div class=\"tiled-gallery__gallery\"><div class=\"tiled-gallery__row\"><div class=\"tiled-gallery__col\" style=\"flex-basis:100.00000%\"><figure class=\"tiled-gallery__item\"><img decoding=\"async\" data-attachment-id=\"426\" data-permalink=\"https:\/\/hof-hoeherhaus.de\/index.php\/reitturnier-schwartmecke\/attachment-heike-und-fairy-auf-der-schwartmecke\/\" data-orig-file=\"https:\/\/i0.wp.com\/hof-hoeherhaus.de\/wp-content\/uploads\/2011\/08\/heike_schwartmecke.jpg?fit=300%2C400&amp;ssl=1\" data-orig-size=\"300,400\" data-comments-opened=\"1\" data-image-meta=\"{&quot;aperture&quot;:&quot;0&quot;,&quot;credit&quot;:&quot;&quot;,&quot;camera&quot;:&quot;&quot;,&quot;caption&quot;:&quot;&quot;,&quot;created_timestamp&quot;:&quot;0&quot;,&quot;copyright&quot;:&quot;&quot;,&quot;focal_length&quot;:&quot;0&quot;,&quot;iso&quot;:&quot;0&quot;,&quot;shutter_speed&quot;:&quot;0&quot;,&quot;title&quot;:&quot;&quot;,&quot;orientation&quot;:&quot;0&quot;}\" data-image-title=\"Heike und Fairy auf der Schwartmecke\" data-image-description=\"\" data-image-caption=\"\" data-large-file=\"https:\/\/i0.wp.com\/hof-hoeherhaus.de\/wp-content\/uploads\/2011\/08\/heike_schwartmecke.jpg?fit=300%2C400&amp;ssl=1\" data-attachment-id=\"426\" data-permalink=\"https:\/\/hof-hoeherhaus.de\/index.php\/reitturnier-schwartmecke\/attachment-heike-und-fairy-auf-der-schwartmecke\/\" data-orig-file=\"https:\/\/i0.wp.com\/hof-hoeherhaus.de\/wp-content\/uploads\/2011\/08\/heike_schwartmecke.jpg?fit=300%2C400&amp;ssl=1\" data-orig-size=\"300,400\" data-comments-opened=\"1\" data-image-meta=\"{&quot;aperture&quot;:&quot;0&quot;,&quot;credit&quot;:&quot;&quot;,&quot;camera&quot;:&quot;&quot;,&quot;caption&quot;:&quot;&quot;,&quot;created_timestamp&quot;:&quot;0&quot;,&quot;copyright&quot;:&quot;&quot;,&quot;focal_length&quot;:&quot;0&quot;,&quot;iso&quot;:&quot;0&quot;,&quot;shutter_speed&quot;:&quot;0&quot;,&quot;title&quot;:&quot;&quot;,&quot;orientation&quot;:&quot;0&quot;}\" data-image-title=\"Heike und Fairy auf der Schwartmecke\" data-image-description=\"\" data-image-caption=\"\" data-large-file=\"https:\/\/i0.wp.com\/hof-hoeherhaus.de\/wp-content\/uploads\/2011\/08\/heike_schwartmecke.jpg?fit=300%2C400&amp;ssl=1\" role=\"button\" tabindex=\"0\" aria-label=\"Bild\u00a01 von 1 im Vollbildmodus \u00f6ffnen\"srcset=\"https:\/\/i1.wp.com\/hof-hoeherhaus.de\/wp-content\/uploads\/2011\/08\/heike_schwartmecke.jpg?strip=info&#038;w=300&#038;ssl=1 300w\" alt=\"Heike und Fairy auf der Schwartmecke\" data-height=\"400\" data-id=\"426\" data-link=\"https:\/\/hof-hoeherhaus.de\/index.php\/reitturnier-schwartmecke\/attachment-heike-und-fairy-auf-der-schwartmecke\/\" data-url=\"https:\/\/hof-hoeherhaus.de\/wp-content\/uploads\/2011\/08\/heike_schwartmecke.jpg\" data-width=\"300\" src=\"https:\/\/i1.wp.com\/hof-hoeherhaus.de\/wp-content\/uploads\/2011\/08\/heike_schwartmecke.jpg?ssl=1\" data-amp-layout=\"responsive\"\/><\/figure><\/div><\/div><\/div><\/div>\n\n\n\n<p>Wir vom Hof-H\u00f6herhaus werden jedenfalls jede Unterst\u00fctzung bieten und freuen uns auf weitere Erfolge.<\/p>\n\n\n\n<p>Insbesondere die Ergebnisse des Paares Fairytopia\/Heike Mantel k\u00f6nnen sich sehen lassen:<\/p>\n\n\n\n<p>1. Platz Dressurreiter A<br>3. Platz Dressurpferde A<br>8. Platz A Dressur<\/p>\n\n\n\n<p>Hier die Ergebnisse aller Teilnehmer vom Hof H\u00f6herhaus<br>Pr\u00fcfung Nr.11 Dressurpferdeprfg. Kl.A<\/p>\n\n\n\n<p>3. P Mantel, Heike (RFV Attendorn-Askay e.V. )&nbsp;&nbsp; auf Fairytopia 3&nbsp;&nbsp;&nbsp;&nbsp;&nbsp;&nbsp; &#8211;&nbsp; 7,20 Wertnote :<br>6. P Huisman, Maren (ZRFV Schwartmecke e.V.)&nbsp;&nbsp; auf St\u00fctchen&nbsp;&nbsp;&nbsp;&nbsp;&nbsp;&nbsp;&nbsp;&nbsp;&nbsp;&nbsp;&nbsp;&#8211;&nbsp; 6,30 Wertnote:<br>8.&nbsp;&nbsp;&nbsp; H\u00e4ner, Yvonne (RFV Olpe e.V.)&nbsp;&nbsp; auf Simply Black 4&nbsp;&nbsp;&nbsp;&nbsp;&nbsp;&nbsp;&nbsp;&nbsp;&nbsp;&nbsp;&nbsp;&nbsp;&nbsp;&nbsp;&nbsp;&nbsp;&nbsp;&nbsp;&nbsp;&nbsp;&nbsp; &nbsp;&#8211; &nbsp;6,00 Wertnote :<br>12.&nbsp;&nbsp; &nbsp;Schmelzer, Christina (RFV Attendorn-Askay e.V. )&nbsp;&nbsp; auf Fili-Fera&nbsp;&nbsp; &#8211;&nbsp; 5,50 Wertnote:<\/p>\n\n\n\n<p>Pr\u00fcfung Nr. 12 Dressurpr\u00fcfung Kl.A<\/p>\n\n\n\n<p>6. P H\u00e4ner, Yvonne (RFV Olpe e.V.)&nbsp;&nbsp; auf Simply Black 4&nbsp;&nbsp;&nbsp;&nbsp;&nbsp;&nbsp;&nbsp;&nbsp;&nbsp;&nbsp;&nbsp;&nbsp;&nbsp;&nbsp;&nbsp;&nbsp;&nbsp;&nbsp;&nbsp;&nbsp;&nbsp; &#8211;&nbsp; &nbsp;6,90 Wertnote :<br>8. P Mantel, Heike (RFV Attendorn-Askay e.V. )&nbsp;&nbsp; auf Fairytopia 3&nbsp;&nbsp;&nbsp;&nbsp;&nbsp;&nbsp; &#8211;&nbsp; &nbsp;6,80 Wertnote :<\/p>\n\n\n\n<p>Pr\u00fcfung Nr. 13 Dressurreiterpr\u00fcfung Kl.A \/ 1.Abteilung<\/p>\n\n\n\n<p>1. P Mantel, Heike (RFV Attendorn-Askay e.V. )&nbsp;&nbsp; auf Fairytopia 3&nbsp; &#8211;&nbsp;&nbsp;&nbsp;&nbsp; &nbsp; 7,50 Wertnote :<br>7.&nbsp;&nbsp;&nbsp; Schmelzer, Christina (RFV Attendorn-Askay e.V. )&nbsp;&nbsp; auf Fili-Fera &#8211;&nbsp;&nbsp; 6,20 Wertnote:<br>11.&nbsp;&nbsp; Heuel, Tanja (RFV Olpe e.V.)&nbsp;&nbsp; auf Havanna 107&nbsp;&nbsp;&nbsp;&nbsp;&nbsp;&nbsp;&nbsp;&nbsp;&nbsp;&nbsp;&nbsp;&nbsp;&nbsp;&nbsp;&nbsp;&nbsp;&nbsp;&nbsp;&nbsp;&nbsp;&nbsp;&nbsp;&nbsp;&nbsp; &#8211;&nbsp;&nbsp; 5,90 Wertnote :<br>12.&nbsp; &nbsp;Scholemann, Anke (RFV Olpe e.V.)&nbsp;&nbsp; auf Argentina 219&nbsp;&nbsp;&nbsp;&nbsp;&nbsp;&nbsp;&nbsp;&nbsp;&nbsp;&nbsp;&nbsp;&nbsp;&nbsp;&nbsp; &#8211;&nbsp;&nbsp; 5,80 Wertnote :<br>14.&nbsp;&nbsp; Huisman, Maren (ZRFV Schwartmecke e.V.)&nbsp;&nbsp; auf St\u00fctchen&nbsp;&nbsp;&nbsp;&nbsp;&nbsp;&nbsp;&nbsp; &nbsp;&#8211;&nbsp;&nbsp; 5,70 Wertnote :<\/p>\n\n\n\n<p>{backbutton}<\/p>\n","protected":false},"excerpt":{"rendered":"<p>Heute fiel der Startschuss des Reitturniers auf der Schwartmecke. Auch vom Team Hof-H\u00f6herhaus starteten mehrere Pferde auf diesem Turnier, von denen\u00a0zwei sogar aus hofeigener Zucht stammen. Alle Starter wurden platziert. Einige Pferde schnupperten zum ersten mal Turnierluft, daher sind die Turnierergebnisse wirklich eine riesen \u00dcberraschung. Das animiert sicher alle Beteiligten noch mehr als bisher sich und ihr Pferd weiter auszubilden.<\/p>\n<p>Wir vom Hof-H\u00f6herhaus werden jedenfalls jede Unterst\u00fctzung bieten und freuen uns auf weitere Erfolge.\u00a0<\/p>\n<\/p>\n<p>\u00a0<\/p>\n<p>\u00a0<\/p>\n","protected":false},"author":2,"featured_media":426,"comment_status":"closed","ping_status":"open","sticky":false,"template":"","format":"standard","meta":{"_jetpack_memberships_contains_paid_content":false,"footnotes":""},"categories":[235],"tags":[286,247],"class_list":{"0":"post-427","1":"post","2":"type-post","3":"status-publish","4":"format-standard","5":"has-post-thumbnail","6":"hentry","7":"category-aktuelles-zur-reitgemeinschaft-hof-hoeherhaus","8":"tag-schwartmecke","9":"tag-turnier","10":"","11":"blog-alt-layout","12":"blog-style-postblock","14":"blog-alt-odd"},"yoast_head":"<!-- This site is optimized with the Yoast SEO plugin v27.4 - https:\/\/yoast.com\/product\/yoast-seo-wordpress\/ -->\n<title>Reitturnier Schwartmecke &#8211; Hof-H\u00f6herhaus<\/title>\n<meta name=\"robots\" content=\"index, follow, max-snippet:-1, max-image-preview:large, max-video-preview:-1\" \/>\n<link rel=\"canonical\" href=\"https:\/\/hof-hoeherhaus.de\/index.php\/reitturnier-schwartmecke\/\" \/>\n<meta property=\"og:locale\" content=\"de_DE\" \/>\n<meta property=\"og:type\" content=\"article\" \/>\n<meta property=\"og:title\" content=\"Reitturnier Schwartmecke &#8211; Hof-H\u00f6herhaus\" \/>\n<meta property=\"og:description\" content=\"Heute fiel der Startschuss des Reitturniers auf der Schwartmecke. Auch vom Team Hof-H\u00f6herhaus starteten mehrere Pferde auf diesem Turnier, von denen\u00a0zwei sogar aus hofeigener Zucht stammen. Alle Starter wurden platziert. Einige Pferde schnupperten zum ersten mal Turnierluft, daher sind die Turnierergebnisse wirklich eine riesen \u00dcberraschung. Das animiert sicher alle Beteiligten noch mehr als bisher sich und ihr Pferd weiter auszubilden. Wir vom Hof-H\u00f6herhaus werden jedenfalls jede Unterst\u00fctzung bieten und freuen uns auf weitere Erfolge.\u00a0 \u00a0 \u00a0\" \/>\n<meta property=\"og:url\" content=\"https:\/\/hof-hoeherhaus.de\/index.php\/reitturnier-schwartmecke\/\" \/>\n<meta property=\"og:site_name\" content=\"Hof-H\u00f6herhaus\" \/>\n<meta property=\"article:published_time\" content=\"2011-08-19T15:11:36+00:00\" \/>\n<meta property=\"article:modified_time\" content=\"2023-03-08T16:33:21+00:00\" \/>\n<meta property=\"og:image\" content=\"https:\/\/hof-hoeherhaus.de\/wp-content\/uploads\/2011\/08\/heike_schwartmecke.jpg\" \/>\n\t<meta property=\"og:image:width\" content=\"300\" \/>\n\t<meta property=\"og:image:height\" content=\"400\" \/>\n\t<meta property=\"og:image:type\" content=\"image\/jpeg\" \/>\n<meta name=\"author\" content=\"Christian Feldmann\" \/>\n<meta name=\"twitter:card\" content=\"summary_large_image\" \/>\n<script type=\"application\/ld+json\" class=\"yoast-schema-graph\">{\"@context\":\"https:\\\/\\\/schema.org\",\"@graph\":[{\"@type\":\"Article\",\"@id\":\"https:\\\/\\\/hof-hoeherhaus.de\\\/index.php\\\/reitturnier-schwartmecke\\\/#article\",\"isPartOf\":{\"@id\":\"https:\\\/\\\/hof-hoeherhaus.de\\\/index.php\\\/reitturnier-schwartmecke\\\/\"},\"author\":{\"name\":\"Christian Feldmann\",\"@id\":\"https:\\\/\\\/hof-hoeherhaus.de\\\/#\\\/schema\\\/person\\\/aa335ddcf542d61b4966cdf7ac67785e\"},\"headline\":\"Reitturnier Schwartmecke\",\"datePublished\":\"2011-08-19T15:11:36+00:00\",\"dateModified\":\"2023-03-08T16:33:21+00:00\",\"mainEntityOfPage\":{\"@id\":\"https:\\\/\\\/hof-hoeherhaus.de\\\/index.php\\\/reitturnier-schwartmecke\\\/\"},\"wordCount\":427,\"publisher\":{\"@id\":\"https:\\\/\\\/hof-hoeherhaus.de\\\/#organization\"},\"image\":{\"@id\":\"https:\\\/\\\/hof-hoeherhaus.de\\\/index.php\\\/reitturnier-schwartmecke\\\/#primaryimage\"},\"thumbnailUrl\":\"https:\\\/\\\/i0.wp.com\\\/hof-hoeherhaus.de\\\/wp-content\\\/uploads\\\/2011\\\/08\\\/heike_schwartmecke.jpg?fit=300%2C400&ssl=1\",\"keywords\":[\"Schwartmecke\",\"Turnier\"],\"articleSection\":[\"RG-Hof-H\u00f6herhaus\"],\"inLanguage\":\"de\"},{\"@type\":\"WebPage\",\"@id\":\"https:\\\/\\\/hof-hoeherhaus.de\\\/index.php\\\/reitturnier-schwartmecke\\\/\",\"url\":\"https:\\\/\\\/hof-hoeherhaus.de\\\/index.php\\\/reitturnier-schwartmecke\\\/\",\"name\":\"Reitturnier Schwartmecke &#8211; Hof-H\u00f6herhaus\",\"isPartOf\":{\"@id\":\"https:\\\/\\\/hof-hoeherhaus.de\\\/#website\"},\"primaryImageOfPage\":{\"@id\":\"https:\\\/\\\/hof-hoeherhaus.de\\\/index.php\\\/reitturnier-schwartmecke\\\/#primaryimage\"},\"image\":{\"@id\":\"https:\\\/\\\/hof-hoeherhaus.de\\\/index.php\\\/reitturnier-schwartmecke\\\/#primaryimage\"},\"thumbnailUrl\":\"https:\\\/\\\/i0.wp.com\\\/hof-hoeherhaus.de\\\/wp-content\\\/uploads\\\/2011\\\/08\\\/heike_schwartmecke.jpg?fit=300%2C400&ssl=1\",\"datePublished\":\"2011-08-19T15:11:36+00:00\",\"dateModified\":\"2023-03-08T16:33:21+00:00\",\"breadcrumb\":{\"@id\":\"https:\\\/\\\/hof-hoeherhaus.de\\\/index.php\\\/reitturnier-schwartmecke\\\/#breadcrumb\"},\"inLanguage\":\"de\",\"potentialAction\":[{\"@type\":\"ReadAction\",\"target\":[\"https:\\\/\\\/hof-hoeherhaus.de\\\/index.php\\\/reitturnier-schwartmecke\\\/\"]}]},{\"@type\":\"ImageObject\",\"inLanguage\":\"de\",\"@id\":\"https:\\\/\\\/hof-hoeherhaus.de\\\/index.php\\\/reitturnier-schwartmecke\\\/#primaryimage\",\"url\":\"https:\\\/\\\/i0.wp.com\\\/hof-hoeherhaus.de\\\/wp-content\\\/uploads\\\/2011\\\/08\\\/heike_schwartmecke.jpg?fit=300%2C400&ssl=1\",\"contentUrl\":\"https:\\\/\\\/i0.wp.com\\\/hof-hoeherhaus.de\\\/wp-content\\\/uploads\\\/2011\\\/08\\\/heike_schwartmecke.jpg?fit=300%2C400&ssl=1\",\"width\":300,\"height\":400,\"caption\":\"Heike und Fairy auf der Schwartmecke\"},{\"@type\":\"BreadcrumbList\",\"@id\":\"https:\\\/\\\/hof-hoeherhaus.de\\\/index.php\\\/reitturnier-schwartmecke\\\/#breadcrumb\",\"itemListElement\":[{\"@type\":\"ListItem\",\"position\":1,\"name\":\"Startseite\",\"item\":\"https:\\\/\\\/hof-hoeherhaus.de\\\/\"},{\"@type\":\"ListItem\",\"position\":2,\"name\":\"Reitturnier Schwartmecke\"}]},{\"@type\":\"WebSite\",\"@id\":\"https:\\\/\\\/hof-hoeherhaus.de\\\/#website\",\"url\":\"https:\\\/\\\/hof-hoeherhaus.de\\\/\",\"name\":\"Hof-H\u00f6herhaus\",\"description\":\"Hof-H\u00f6herhaus - Pferde im sch\u00f6nen Drolshagener und Olper Land.\",\"publisher\":{\"@id\":\"https:\\\/\\\/hof-hoeherhaus.de\\\/#organization\"},\"potentialAction\":[{\"@type\":\"SearchAction\",\"target\":{\"@type\":\"EntryPoint\",\"urlTemplate\":\"https:\\\/\\\/hof-hoeherhaus.de\\\/?s={search_term_string}\"},\"query-input\":{\"@type\":\"PropertyValueSpecification\",\"valueRequired\":true,\"valueName\":\"search_term_string\"}}],\"inLanguage\":\"de\"},{\"@type\":\"Organization\",\"@id\":\"https:\\\/\\\/hof-hoeherhaus.de\\\/#organization\",\"name\":\"Reitgemeinschaft Hof-Hoeherhaus e.V.\",\"url\":\"https:\\\/\\\/hof-hoeherhaus.de\\\/\",\"logo\":{\"@type\":\"ImageObject\",\"inLanguage\":\"de\",\"@id\":\"https:\\\/\\\/hof-hoeherhaus.de\\\/#\\\/schema\\\/logo\\\/image\\\/\",\"url\":\"https:\\\/\\\/i0.wp.com\\\/hof-hoeherhaus.de\\\/wp-content\\\/uploads\\\/2021\\\/11\\\/18.jpg?fit=1024%2C1024&ssl=1\",\"contentUrl\":\"https:\\\/\\\/i0.wp.com\\\/hof-hoeherhaus.de\\\/wp-content\\\/uploads\\\/2021\\\/11\\\/18.jpg?fit=1024%2C1024&ssl=1\",\"width\":1024,\"height\":1024,\"caption\":\"Reitgemeinschaft Hof-Hoeherhaus e.V.\"},\"image\":{\"@id\":\"https:\\\/\\\/hof-hoeherhaus.de\\\/#\\\/schema\\\/logo\\\/image\\\/\"}},{\"@type\":\"Person\",\"@id\":\"https:\\\/\\\/hof-hoeherhaus.de\\\/#\\\/schema\\\/person\\\/aa335ddcf542d61b4966cdf7ac67785e\",\"name\":\"Christian Feldmann\",\"image\":{\"@type\":\"ImageObject\",\"inLanguage\":\"de\",\"@id\":\"https:\\\/\\\/secure.gravatar.com\\\/avatar\\\/28fbfb8afb0625dad08835ca7f5087c90cf64ed1aa5a3e1754cb0bf81b1b9104?s=96&d=mm&r=g\",\"url\":\"https:\\\/\\\/secure.gravatar.com\\\/avatar\\\/28fbfb8afb0625dad08835ca7f5087c90cf64ed1aa5a3e1754cb0bf81b1b9104?s=96&d=mm&r=g\",\"contentUrl\":\"https:\\\/\\\/secure.gravatar.com\\\/avatar\\\/28fbfb8afb0625dad08835ca7f5087c90cf64ed1aa5a3e1754cb0bf81b1b9104?s=96&d=mm&r=g\",\"caption\":\"Christian Feldmann\"}}]}<\/script>\n<!-- \/ Yoast SEO plugin. -->","yoast_head_json":{"title":"Reitturnier Schwartmecke &#8211; Hof-H\u00f6herhaus","robots":{"index":"index","follow":"follow","max-snippet":"max-snippet:-1","max-image-preview":"max-image-preview:large","max-video-preview":"max-video-preview:-1"},"canonical":"https:\/\/hof-hoeherhaus.de\/index.php\/reitturnier-schwartmecke\/","og_locale":"de_DE","og_type":"article","og_title":"Reitturnier Schwartmecke &#8211; Hof-H\u00f6herhaus","og_description":"Heute fiel der Startschuss des Reitturniers auf der Schwartmecke. Auch vom Team Hof-H\u00f6herhaus starteten mehrere Pferde auf diesem Turnier, von denen\u00a0zwei sogar aus hofeigener Zucht stammen. Alle Starter wurden platziert. Einige Pferde schnupperten zum ersten mal Turnierluft, daher sind die Turnierergebnisse wirklich eine riesen \u00dcberraschung. Das animiert sicher alle Beteiligten noch mehr als bisher sich und ihr Pferd weiter auszubilden. Wir vom Hof-H\u00f6herhaus werden jedenfalls jede Unterst\u00fctzung bieten und freuen uns auf weitere Erfolge.\u00a0 \u00a0 \u00a0","og_url":"https:\/\/hof-hoeherhaus.de\/index.php\/reitturnier-schwartmecke\/","og_site_name":"Hof-H\u00f6herhaus","article_published_time":"2011-08-19T15:11:36+00:00","article_modified_time":"2023-03-08T16:33:21+00:00","og_image":[{"width":300,"height":400,"url":"https:\/\/hof-hoeherhaus.de\/wp-content\/uploads\/2011\/08\/heike_schwartmecke.jpg","type":"image\/jpeg"}],"author":"Christian Feldmann","twitter_card":"summary_large_image","schema":{"@context":"https:\/\/schema.org","@graph":[{"@type":"Article","@id":"https:\/\/hof-hoeherhaus.de\/index.php\/reitturnier-schwartmecke\/#article","isPartOf":{"@id":"https:\/\/hof-hoeherhaus.de\/index.php\/reitturnier-schwartmecke\/"},"author":{"name":"Christian Feldmann","@id":"https:\/\/hof-hoeherhaus.de\/#\/schema\/person\/aa335ddcf542d61b4966cdf7ac67785e"},"headline":"Reitturnier Schwartmecke","datePublished":"2011-08-19T15:11:36+00:00","dateModified":"2023-03-08T16:33:21+00:00","mainEntityOfPage":{"@id":"https:\/\/hof-hoeherhaus.de\/index.php\/reitturnier-schwartmecke\/"},"wordCount":427,"publisher":{"@id":"https:\/\/hof-hoeherhaus.de\/#organization"},"image":{"@id":"https:\/\/hof-hoeherhaus.de\/index.php\/reitturnier-schwartmecke\/#primaryimage"},"thumbnailUrl":"https:\/\/i0.wp.com\/hof-hoeherhaus.de\/wp-content\/uploads\/2011\/08\/heike_schwartmecke.jpg?fit=300%2C400&ssl=1","keywords":["Schwartmecke","Turnier"],"articleSection":["RG-Hof-H\u00f6herhaus"],"inLanguage":"de"},{"@type":"WebPage","@id":"https:\/\/hof-hoeherhaus.de\/index.php\/reitturnier-schwartmecke\/","url":"https:\/\/hof-hoeherhaus.de\/index.php\/reitturnier-schwartmecke\/","name":"Reitturnier Schwartmecke &#8211; Hof-H\u00f6herhaus","isPartOf":{"@id":"https:\/\/hof-hoeherhaus.de\/#website"},"primaryImageOfPage":{"@id":"https:\/\/hof-hoeherhaus.de\/index.php\/reitturnier-schwartmecke\/#primaryimage"},"image":{"@id":"https:\/\/hof-hoeherhaus.de\/index.php\/reitturnier-schwartmecke\/#primaryimage"},"thumbnailUrl":"https:\/\/i0.wp.com\/hof-hoeherhaus.de\/wp-content\/uploads\/2011\/08\/heike_schwartmecke.jpg?fit=300%2C400&ssl=1","datePublished":"2011-08-19T15:11:36+00:00","dateModified":"2023-03-08T16:33:21+00:00","breadcrumb":{"@id":"https:\/\/hof-hoeherhaus.de\/index.php\/reitturnier-schwartmecke\/#breadcrumb"},"inLanguage":"de","potentialAction":[{"@type":"ReadAction","target":["https:\/\/hof-hoeherhaus.de\/index.php\/reitturnier-schwartmecke\/"]}]},{"@type":"ImageObject","inLanguage":"de","@id":"https:\/\/hof-hoeherhaus.de\/index.php\/reitturnier-schwartmecke\/#primaryimage","url":"https:\/\/i0.wp.com\/hof-hoeherhaus.de\/wp-content\/uploads\/2011\/08\/heike_schwartmecke.jpg?fit=300%2C400&ssl=1","contentUrl":"https:\/\/i0.wp.com\/hof-hoeherhaus.de\/wp-content\/uploads\/2011\/08\/heike_schwartmecke.jpg?fit=300%2C400&ssl=1","width":300,"height":400,"caption":"Heike und Fairy auf der Schwartmecke"},{"@type":"BreadcrumbList","@id":"https:\/\/hof-hoeherhaus.de\/index.php\/reitturnier-schwartmecke\/#breadcrumb","itemListElement":[{"@type":"ListItem","position":1,"name":"Startseite","item":"https:\/\/hof-hoeherhaus.de\/"},{"@type":"ListItem","position":2,"name":"Reitturnier Schwartmecke"}]},{"@type":"WebSite","@id":"https:\/\/hof-hoeherhaus.de\/#website","url":"https:\/\/hof-hoeherhaus.de\/","name":"Hof-H\u00f6herhaus","description":"Hof-H\u00f6herhaus - Pferde im sch\u00f6nen Drolshagener und Olper Land.","publisher":{"@id":"https:\/\/hof-hoeherhaus.de\/#organization"},"potentialAction":[{"@type":"SearchAction","target":{"@type":"EntryPoint","urlTemplate":"https:\/\/hof-hoeherhaus.de\/?s={search_term_string}"},"query-input":{"@type":"PropertyValueSpecification","valueRequired":true,"valueName":"search_term_string"}}],"inLanguage":"de"},{"@type":"Organization","@id":"https:\/\/hof-hoeherhaus.de\/#organization","name":"Reitgemeinschaft Hof-Hoeherhaus e.V.","url":"https:\/\/hof-hoeherhaus.de\/","logo":{"@type":"ImageObject","inLanguage":"de","@id":"https:\/\/hof-hoeherhaus.de\/#\/schema\/logo\/image\/","url":"https:\/\/i0.wp.com\/hof-hoeherhaus.de\/wp-content\/uploads\/2021\/11\/18.jpg?fit=1024%2C1024&ssl=1","contentUrl":"https:\/\/i0.wp.com\/hof-hoeherhaus.de\/wp-content\/uploads\/2021\/11\/18.jpg?fit=1024%2C1024&ssl=1","width":1024,"height":1024,"caption":"Reitgemeinschaft Hof-Hoeherhaus e.V."},"image":{"@id":"https:\/\/hof-hoeherhaus.de\/#\/schema\/logo\/image\/"}},{"@type":"Person","@id":"https:\/\/hof-hoeherhaus.de\/#\/schema\/person\/aa335ddcf542d61b4966cdf7ac67785e","name":"Christian Feldmann","image":{"@type":"ImageObject","inLanguage":"de","@id":"https:\/\/secure.gravatar.com\/avatar\/28fbfb8afb0625dad08835ca7f5087c90cf64ed1aa5a3e1754cb0bf81b1b9104?s=96&d=mm&r=g","url":"https:\/\/secure.gravatar.com\/avatar\/28fbfb8afb0625dad08835ca7f5087c90cf64ed1aa5a3e1754cb0bf81b1b9104?s=96&d=mm&r=g","contentUrl":"https:\/\/secure.gravatar.com\/avatar\/28fbfb8afb0625dad08835ca7f5087c90cf64ed1aa5a3e1754cb0bf81b1b9104?s=96&d=mm&r=g","caption":"Christian Feldmann"}}]}},"jetpack_featured_media_url":"https:\/\/i0.wp.com\/hof-hoeherhaus.de\/wp-content\/uploads\/2011\/08\/heike_schwartmecke.jpg?fit=300%2C400&ssl=1","jetpack-related-posts":[{"id":495,"url":"https:\/\/hof-hoeherhaus.de\/index.php\/rg-hh-am-230612-gleich-mehrfach-erfolgreich\/","url_meta":{"origin":427,"position":0},"title":"RG HH am 23.06.12 gleich mehrfach erfolgreich!","author":"Christian Feldmann","date":"29. Juni 2012","format":false,"excerpt":"Der 23.06.2012 wird sicherlich einigen Mitgliedern der Reitgemeinschaft Hof-H\u00f6herhaus e.V. in besonders guter Erinnerung bleiben. Gleich drei Paare des noch jungen Vereins gingen erfolgreich in Netphen und Wipperf\u00fcrth an den Start: Yvonne mit ihrem Simply Black startete in einer Dressurreiterpr\u00fcfung der Klasse A, Heike mit ihrer Fairytopia in einer Dressurpferdepr\u00fcfung\u2026","rel":"","context":"In &quot;RG-Hof-H\u00f6herhaus&quot;","block_context":{"text":"RG-Hof-H\u00f6herhaus","link":"https:\/\/hof-hoeherhaus.de\/index.php\/category\/aktuelles-zur-reitgemeinschaft-hof-hoeherhaus\/"},"img":{"alt_text":"","src":"https:\/\/i0.wp.com\/hof-hoeherhaus.de\/wp-content\/uploads\/2012\/06\/Heike_Manktel_mit_Fairy_vom_Hof-Hherhaus.jpg?fit=300%2C400&ssl=1&resize=350%2C200","width":350,"height":200},"classes":[]},{"id":505,"url":"https:\/\/hof-hoeherhaus.de\/index.php\/turnier-abteilun-des-rg-hh-schwaermt-aus\/","url_meta":{"origin":427,"position":1},"title":"Turnierabteilung der RG-HH schw\u00e4rmt aus","author":"Christian Feldmann","date":"22. August 2012","format":false,"excerpt":"In der\u00a033. Kalenderwochenende nutzten einige Mitglieder der RG-HH\u00a0nochmals die Gelegenheit, Turnierluft zu schnuppern. Anke Scholemann, Tanja Heuel, Yvonne H\u00e4ner, Heike Mantel und Michaela Feldmann fuhren am Wochenende zu unterschiedlichen Turnierorten. Schwartmecke war ein Ziel. Jeder einzelne hatte etwas Besonderes im Hinterkopf, was man mal so Ausprobieren k\u00f6nnte. So hatte sich\u2026","rel":"","context":"In &quot;RG-Hof-H\u00f6herhaus&quot;","block_context":{"text":"RG-Hof-H\u00f6herhaus","link":"https:\/\/hof-hoeherhaus.de\/index.php\/category\/aktuelles-zur-reitgemeinschaft-hof-hoeherhaus\/"},"img":{"alt_text":"","src":"","width":0,"height":0},"classes":[]},{"id":422,"url":"https:\/\/hof-hoeherhaus.de\/index.php\/2011turnierpernze\/","url_meta":{"origin":427,"position":2},"title":"Reitturnier in Pernze","author":"Christian Feldmann","date":"8. August 2011","format":false,"excerpt":"Am Sonntag, dem 07.08.2011 fand an der Pferdepension Pernze ein Reitturnier statt bei dem auch ein Teilnehmer vom Hof-H\u00f6herhaus vertreten waren. Reitsportschnuppern in der F\u00fchrz\u00fcgelklasse war f\u00fcr die kleine Sophia Mantel angesagt. Ergebnis eine 7,0 und der \u00a0Platz 3 \u00a0mit dem alle Beteiligten sichtlich zufrieden sind. Ein toller Spa\u00df dazu,\u2026","rel":"","context":"In &quot;RG-Hof-H\u00f6herhaus&quot;","block_context":{"text":"RG-Hof-H\u00f6herhaus","link":"https:\/\/hof-hoeherhaus.de\/index.php\/category\/aktuelles-zur-reitgemeinschaft-hof-hoeherhaus\/"},"img":{"alt_text":"","src":"https:\/\/i0.wp.com\/hof-hoeherhaus.de\/wp-content\/uploads\/2011\/08\/pferd-olpe-drolshagen-essinghausen-turnier-pernze-p6.jpg?resize=350%2C200","width":350,"height":200,"srcset":"https:\/\/i0.wp.com\/hof-hoeherhaus.de\/wp-content\/uploads\/2011\/08\/pferd-olpe-drolshagen-essinghausen-turnier-pernze-p6.jpg?resize=350%2C200 1x, https:\/\/i0.wp.com\/hof-hoeherhaus.de\/wp-content\/uploads\/2011\/08\/pferd-olpe-drolshagen-essinghausen-turnier-pernze-p6.jpg?resize=525%2C300 1.5x"},"classes":[]},{"id":574,"url":"https:\/\/hof-hoeherhaus.de\/index.php\/netphen-2014-fest-in-essinghauser-hand\/","url_meta":{"origin":427,"position":3},"title":"Netphen 2014 fest in Essinghauser Hand","author":"Christian Feldmann","date":"29. Juni 2014","format":false,"excerpt":"Das Reitturnier in Netphen war in diesem Jahr fest in der Hand von Pferd und Reiter der Reitgemeinschaft Hof-H\u00f6herhaus eV. aus Essinghausen. Am 28.-29.06.2014 fand auf der Anlage des Reit- und Fahrverein Netphen e.V. das diesj\u00e4hrige Turnier mit Wertungs-WB zur Cup-Meisterschaft des BV Siegen-Olpe-Wittgenstein statt. Am Turniermorgen war ein reger\u2026","rel":"","context":"In &quot;RG-Hof-H\u00f6herhaus&quot;","block_context":{"text":"RG-Hof-H\u00f6herhaus","link":"https:\/\/hof-hoeherhaus.de\/index.php\/category\/aktuelles-zur-reitgemeinschaft-hof-hoeherhaus\/"},"img":{"alt_text":"","src":"https:\/\/i0.wp.com\/hof-hoeherhaus.de\/wp-content\/uploads\/2014\/06\/turnier-netphen-1.jpg?resize=350%2C200","width":350,"height":200,"srcset":"https:\/\/i0.wp.com\/hof-hoeherhaus.de\/wp-content\/uploads\/2014\/06\/turnier-netphen-1.jpg?resize=350%2C200 1x, https:\/\/i0.wp.com\/hof-hoeherhaus.de\/wp-content\/uploads\/2014\/06\/turnier-netphen-1.jpg?resize=525%2C300 1.5x, https:\/\/i0.wp.com\/hof-hoeherhaus.de\/wp-content\/uploads\/2014\/06\/turnier-netphen-1.jpg?resize=700%2C400 2x"},"classes":[]},{"id":595,"url":"https:\/\/hof-hoeherhaus.de\/index.php\/furioser-turniersaison-2015\/","url_meta":{"origin":427,"position":4},"title":"Furioser Beginn der Turniersaison 2015","author":"Christian Feldmann","date":"14. Februar 2015","format":false,"excerpt":"Das Turnierjahr 2015 begann f\u00fcr die Reiter vom Hof-H\u00f6herhaus schleppend, aber dennoch erfolgreich. Hier eine kurze Zusammenfassung, die aufgrund der vielen Erfolge doch einiges an Lesestoff bieten. Aber beginnen wir einfach: Bei bescheidenem Wetter macht sich Michaela auf nach Freudenberg, einmal muss ja mal der Anfang gemacht werden. Eine Dressurpr\u00fcfung\u2026","rel":"","context":"In &quot;RG-Hof-H\u00f6herhaus&quot;","block_context":{"text":"RG-Hof-H\u00f6herhaus","link":"https:\/\/hof-hoeherhaus.de\/index.php\/category\/aktuelles-zur-reitgemeinschaft-hof-hoeherhaus\/"},"img":{"alt_text":"","src":"https:\/\/i0.wp.com\/hof-hoeherhaus.de\/wp-content\/uploads\/2015\/06\/carlotta-hof.jpg?fit=300%2C357&ssl=1&resize=350%2C200","width":350,"height":200},"classes":[]},{"id":549,"url":"https:\/\/hof-hoeherhaus.de\/index.php\/doppelsieg-in-kreuztal\/","url_meta":{"origin":427,"position":5},"title":"Doppelter Erfolg in Kreuztal","author":"Christian Feldmann","date":"8. Juni 2013","format":false,"excerpt":"An diesem Samstag, dem 08.06.2013 war Kreuztal das Ziel von Heike Mantel mit Ihrer Stute Fairytopia. An sich nichts besonderes f\u00fcr das vom Erfolg verw\u00f6hnte Turnierpaar der RG-Hof-H\u00f6herhaus, denn schlie\u00dflich ist es ja das bereits dritte Turnier f\u00fcr die Beiden in diesem Jahr. Dennoch war der heutige Start nicht so\u2026","rel":"","context":"In &quot;RG-Hof-H\u00f6herhaus&quot;","block_context":{"text":"RG-Hof-H\u00f6herhaus","link":"https:\/\/hof-hoeherhaus.de\/index.php\/category\/aktuelles-zur-reitgemeinschaft-hof-hoeherhaus\/"},"img":{"alt_text":"","src":"https:\/\/i0.wp.com\/hof-hoeherhaus.de\/wp-content\/uploads\/2013\/06\/turnier-kreuztal-5.jpg?resize=350%2C200","width":350,"height":200,"srcset":"https:\/\/i0.wp.com\/hof-hoeherhaus.de\/wp-content\/uploads\/2013\/06\/turnier-kreuztal-5.jpg?resize=350%2C200 1x, https:\/\/i0.wp.com\/hof-hoeherhaus.de\/wp-content\/uploads\/2013\/06\/turnier-kreuztal-5.jpg?resize=525%2C300 1.5x, https:\/\/i0.wp.com\/hof-hoeherhaus.de\/wp-content\/uploads\/2013\/06\/turnier-kreuztal-5.jpg?resize=700%2C400 2x"},"classes":[]}],"jetpack_sharing_enabled":true,"_links":{"self":[{"href":"https:\/\/hof-hoeherhaus.de\/index.php\/wp-json\/wp\/v2\/posts\/427","targetHints":{"allow":["GET"]}}],"collection":[{"href":"https:\/\/hof-hoeherhaus.de\/index.php\/wp-json\/wp\/v2\/posts"}],"about":[{"href":"https:\/\/hof-hoeherhaus.de\/index.php\/wp-json\/wp\/v2\/types\/post"}],"author":[{"embeddable":true,"href":"https:\/\/hof-hoeherhaus.de\/index.php\/wp-json\/wp\/v2\/users\/2"}],"replies":[{"embeddable":true,"href":"https:\/\/hof-hoeherhaus.de\/index.php\/wp-json\/wp\/v2\/comments?post=427"}],"version-history":[{"count":4,"href":"https:\/\/hof-hoeherhaus.de\/index.php\/wp-json\/wp\/v2\/posts\/427\/revisions"}],"predecessor-version":[{"id":4581,"href":"https:\/\/hof-hoeherhaus.de\/index.php\/wp-json\/wp\/v2\/posts\/427\/revisions\/4581"}],"wp:featuredmedia":[{"embeddable":true,"href":"https:\/\/hof-hoeherhaus.de\/index.php\/wp-json\/wp\/v2\/media\/426"}],"wp:attachment":[{"href":"https:\/\/hof-hoeherhaus.de\/index.php\/wp-json\/wp\/v2\/media?parent=427"}],"wp:term":[{"taxonomy":"category","embeddable":true,"href":"https:\/\/hof-hoeherhaus.de\/index.php\/wp-json\/wp\/v2\/categories?post=427"},{"taxonomy":"post_tag","embeddable":true,"href":"https:\/\/hof-hoeherhaus.de\/index.php\/wp-json\/wp\/v2\/tags?post=427"}],"curies":[{"name":"wp","href":"https:\/\/api.w.org\/{rel}","templated":true}]}}