{"id":483,"date":"2012-05-06T16:27:08","date_gmt":"2012-05-06T16:27:08","guid":{"rendered":"http:\/\/wp.rg-hh.de\/index.php\/2012\/05\/06\/feivel-gewinnt-in-bochum\/"},"modified":"2021-11-25T19:47:50","modified_gmt":"2021-11-25T18:47:50","slug":"feivel-gewinnt-in-bochum","status":"publish","type":"post","link":"https:\/\/hof-hoeherhaus.de\/index.php\/feivel-gewinnt-in-bochum\/","title":{"rendered":"Feivel gewinnt in Bochum"},"content":{"rendered":"\n<p>Am heutigen Sonntag gewann&nbsp;<a title=\"Zucht von Hof-H\u00f6herhaus Feivel\" href=\"index.php?option=com_content&amp;view=article&amp;id=108:besuch-bei-erda-und-feivel&amp;catid=39:aktuelles\">Feivel<\/a> in Bochum die Dressurpferde A mit der Note 7,8 unter <a title=\"Herbert K\u00f6ster ist einer unserer Trainer auf Hof-H\u00f6herhaus.\" href=\"index.php?option=com_content&amp;view=article&amp;id=61&amp;Itemid=72\">Herbert K\u00f6ster<\/a>. Wie wir schon vor kurzem berichteten, haben wir unseren Z\u00f6gling Feivel in die H\u00e4nde von Herbert K\u00f6ster (Richter und Tr\u00e4ger des goldenen Reitabzeichens) gegeben. Ziel dieser Kombination war, den noch jungen Wallach in Ruhe in der Dressur auszubilden.<\/p>\n\n\n\n<p>Wir freuen uns daher sehr \u00fcber das Ergebnis, was uns das Signal gibt, dass wir bei Herrn K\u00f6ster an der richtigen Stelle f\u00fcr unser Vorhaben sind und nat\u00fcrlich auf die weitere Zusammenarbeit.<\/p>\n\n\n\n<p>An dieser Stelle einen herzlichen Gl\u00fcckwunsch an Pferd und Reiter. Weiter so!<\/p>\n","protected":false},"excerpt":{"rendered":"<p>Am heutigen Sonntag gewann\u00a0unser Wallach Feivel in Bochum die Dressurpferde A mit der Note 7,8 unter Herbert K\u00f6ster.<\/p>\n","protected":false},"author":2,"featured_media":0,"comment_status":"closed","ping_status":"open","sticky":false,"template":"","format":"standard","meta":{"_jetpack_memberships_contains_paid_content":false,"footnotes":""},"categories":[235],"tags":[335,277,332,336],"class_list":{"0":"post-483","1":"post","2":"type-post","3":"status-publish","4":"format-standard","5":"hentry","6":"category-aktuelles-zur-reitgemeinschaft-hof-hoeherhaus","7":"tag-bochum","8":"tag-dressur","9":"tag-feivel","10":"tag-gewinnt","11":"","12":"blog-alt-layout","13":"blog-style-postblock","15":"blog-alt-odd"},"yoast_head":"<!-- This site is optimized with the Yoast SEO plugin v27.5 - https:\/\/yoast.com\/product\/yoast-seo-wordpress\/ -->\n<title>Feivel gewinnt in Bochum &#8211; Hof-H\u00f6herhaus<\/title>\n<meta name=\"description\" content=\"Am heutigen Sonntag gewann\u00a0unser Wallach Feivel in Bochum die Dressurpferde A mit der Note 7,8 unter Herbert K\u00f6ster.\" \/>\n<meta name=\"robots\" content=\"index, follow, max-snippet:-1, max-image-preview:large, max-video-preview:-1\" \/>\n<link rel=\"canonical\" href=\"https:\/\/hof-hoeherhaus.de\/index.php\/feivel-gewinnt-in-bochum\/\" \/>\n<meta property=\"og:locale\" content=\"de_DE\" \/>\n<meta property=\"og:type\" content=\"article\" \/>\n<meta property=\"og:title\" content=\"Feivel gewinnt in Bochum &#8211; Hof-H\u00f6herhaus\" \/>\n<meta property=\"og:description\" content=\"Am heutigen Sonntag gewann\u00a0unser Wallach Feivel in Bochum die Dressurpferde A mit der Note 7,8 unter Herbert K\u00f6ster.\" \/>\n<meta property=\"og:url\" content=\"https:\/\/hof-hoeherhaus.de\/index.php\/feivel-gewinnt-in-bochum\/\" \/>\n<meta property=\"og:site_name\" content=\"Hof-H\u00f6herhaus\" \/>\n<meta property=\"article:published_time\" content=\"2012-05-06T16:27:08+00:00\" \/>\n<meta property=\"article:modified_time\" content=\"2021-11-25T18:47:50+00:00\" \/>\n<meta property=\"og:image\" content=\"https:\/\/i0.wp.com\/hof-hoeherhaus.de\/wp-content\/uploads\/2012\/07\/pferd-olpe-drolshagen-turnier-yvonne-haehner-simply-black-05.jpg?fit=645%2C800&ssl=1\" \/>\n\t<meta property=\"og:image:width\" content=\"645\" \/>\n\t<meta property=\"og:image:height\" content=\"800\" \/>\n\t<meta property=\"og:image:type\" content=\"image\/jpeg\" \/>\n<meta name=\"author\" content=\"Christian Feldmann\" \/>\n<meta name=\"twitter:card\" content=\"summary_large_image\" \/>\n<script type=\"application\/ld+json\" class=\"yoast-schema-graph\">{\"@context\":\"https:\\\/\\\/schema.org\",\"@graph\":[{\"@type\":\"Article\",\"@id\":\"https:\\\/\\\/hof-hoeherhaus.de\\\/index.php\\\/feivel-gewinnt-in-bochum\\\/#article\",\"isPartOf\":{\"@id\":\"https:\\\/\\\/hof-hoeherhaus.de\\\/index.php\\\/feivel-gewinnt-in-bochum\\\/\"},\"author\":{\"name\":\"Christian Feldmann\",\"@id\":\"https:\\\/\\\/hof-hoeherhaus.de\\\/#\\\/schema\\\/person\\\/aa335ddcf542d61b4966cdf7ac67785e\"},\"headline\":\"Feivel gewinnt in Bochum\",\"datePublished\":\"2012-05-06T16:27:08+00:00\",\"dateModified\":\"2021-11-25T18:47:50+00:00\",\"mainEntityOfPage\":{\"@id\":\"https:\\\/\\\/hof-hoeherhaus.de\\\/index.php\\\/feivel-gewinnt-in-bochum\\\/\"},\"wordCount\":112,\"publisher\":{\"@id\":\"https:\\\/\\\/hof-hoeherhaus.de\\\/#organization\"},\"keywords\":[\"Bochum\",\"Dressur\",\"Feivel\",\"gewinnt\"],\"articleSection\":[\"RG-Hof-H\u00f6herhaus\"],\"inLanguage\":\"de\"},{\"@type\":\"WebPage\",\"@id\":\"https:\\\/\\\/hof-hoeherhaus.de\\\/index.php\\\/feivel-gewinnt-in-bochum\\\/\",\"url\":\"https:\\\/\\\/hof-hoeherhaus.de\\\/index.php\\\/feivel-gewinnt-in-bochum\\\/\",\"name\":\"Feivel gewinnt in Bochum &#8211; Hof-H\u00f6herhaus\",\"isPartOf\":{\"@id\":\"https:\\\/\\\/hof-hoeherhaus.de\\\/#website\"},\"datePublished\":\"2012-05-06T16:27:08+00:00\",\"dateModified\":\"2021-11-25T18:47:50+00:00\",\"description\":\"Am heutigen Sonntag gewann\u00a0unser Wallach Feivel in Bochum die Dressurpferde A mit der Note 7,8 unter Herbert K\u00f6ster.\",\"breadcrumb\":{\"@id\":\"https:\\\/\\\/hof-hoeherhaus.de\\\/index.php\\\/feivel-gewinnt-in-bochum\\\/#breadcrumb\"},\"inLanguage\":\"de\",\"potentialAction\":[{\"@type\":\"ReadAction\",\"target\":[\"https:\\\/\\\/hof-hoeherhaus.de\\\/index.php\\\/feivel-gewinnt-in-bochum\\\/\"]}]},{\"@type\":\"BreadcrumbList\",\"@id\":\"https:\\\/\\\/hof-hoeherhaus.de\\\/index.php\\\/feivel-gewinnt-in-bochum\\\/#breadcrumb\",\"itemListElement\":[{\"@type\":\"ListItem\",\"position\":1,\"name\":\"Startseite\",\"item\":\"https:\\\/\\\/hof-hoeherhaus.de\\\/\"},{\"@type\":\"ListItem\",\"position\":2,\"name\":\"Feivel gewinnt in Bochum\"}]},{\"@type\":\"WebSite\",\"@id\":\"https:\\\/\\\/hof-hoeherhaus.de\\\/#website\",\"url\":\"https:\\\/\\\/hof-hoeherhaus.de\\\/\",\"name\":\"Hof-H\u00f6herhaus\",\"description\":\"Hof-H\u00f6herhaus - Pferde im sch\u00f6nen Drolshagener und Olper Land.\",\"publisher\":{\"@id\":\"https:\\\/\\\/hof-hoeherhaus.de\\\/#organization\"},\"potentialAction\":[{\"@type\":\"SearchAction\",\"target\":{\"@type\":\"EntryPoint\",\"urlTemplate\":\"https:\\\/\\\/hof-hoeherhaus.de\\\/?s={search_term_string}\"},\"query-input\":{\"@type\":\"PropertyValueSpecification\",\"valueRequired\":true,\"valueName\":\"search_term_string\"}}],\"inLanguage\":\"de\"},{\"@type\":\"Organization\",\"@id\":\"https:\\\/\\\/hof-hoeherhaus.de\\\/#organization\",\"name\":\"Reitgemeinschaft Hof-Hoeherhaus e.V.\",\"url\":\"https:\\\/\\\/hof-hoeherhaus.de\\\/\",\"logo\":{\"@type\":\"ImageObject\",\"inLanguage\":\"de\",\"@id\":\"https:\\\/\\\/hof-hoeherhaus.de\\\/#\\\/schema\\\/logo\\\/image\\\/\",\"url\":\"https:\\\/\\\/i0.wp.com\\\/hof-hoeherhaus.de\\\/wp-content\\\/uploads\\\/2021\\\/11\\\/18.jpg?fit=1024%2C1024&ssl=1\",\"contentUrl\":\"https:\\\/\\\/i0.wp.com\\\/hof-hoeherhaus.de\\\/wp-content\\\/uploads\\\/2021\\\/11\\\/18.jpg?fit=1024%2C1024&ssl=1\",\"width\":1024,\"height\":1024,\"caption\":\"Reitgemeinschaft Hof-Hoeherhaus e.V.\"},\"image\":{\"@id\":\"https:\\\/\\\/hof-hoeherhaus.de\\\/#\\\/schema\\\/logo\\\/image\\\/\"}},{\"@type\":\"Person\",\"@id\":\"https:\\\/\\\/hof-hoeherhaus.de\\\/#\\\/schema\\\/person\\\/aa335ddcf542d61b4966cdf7ac67785e\",\"name\":\"Christian Feldmann\",\"image\":{\"@type\":\"ImageObject\",\"inLanguage\":\"de\",\"@id\":\"https:\\\/\\\/secure.gravatar.com\\\/avatar\\\/28fbfb8afb0625dad08835ca7f5087c90cf64ed1aa5a3e1754cb0bf81b1b9104?s=96&d=mm&r=g\",\"url\":\"https:\\\/\\\/secure.gravatar.com\\\/avatar\\\/28fbfb8afb0625dad08835ca7f5087c90cf64ed1aa5a3e1754cb0bf81b1b9104?s=96&d=mm&r=g\",\"contentUrl\":\"https:\\\/\\\/secure.gravatar.com\\\/avatar\\\/28fbfb8afb0625dad08835ca7f5087c90cf64ed1aa5a3e1754cb0bf81b1b9104?s=96&d=mm&r=g\",\"caption\":\"Christian Feldmann\"}}]}<\/script>\n<!-- \/ Yoast SEO plugin. -->","yoast_head_json":{"title":"Feivel gewinnt in Bochum &#8211; Hof-H\u00f6herhaus","description":"Am heutigen Sonntag gewann\u00a0unser Wallach Feivel in Bochum die Dressurpferde A mit der Note 7,8 unter Herbert K\u00f6ster.","robots":{"index":"index","follow":"follow","max-snippet":"max-snippet:-1","max-image-preview":"max-image-preview:large","max-video-preview":"max-video-preview:-1"},"canonical":"https:\/\/hof-hoeherhaus.de\/index.php\/feivel-gewinnt-in-bochum\/","og_locale":"de_DE","og_type":"article","og_title":"Feivel gewinnt in Bochum &#8211; Hof-H\u00f6herhaus","og_description":"Am heutigen Sonntag gewann\u00a0unser Wallach Feivel in Bochum die Dressurpferde A mit der Note 7,8 unter Herbert K\u00f6ster.","og_url":"https:\/\/hof-hoeherhaus.de\/index.php\/feivel-gewinnt-in-bochum\/","og_site_name":"Hof-H\u00f6herhaus","article_published_time":"2012-05-06T16:27:08+00:00","article_modified_time":"2021-11-25T18:47:50+00:00","og_image":[{"width":645,"height":800,"url":"https:\/\/i0.wp.com\/hof-hoeherhaus.de\/wp-content\/uploads\/2012\/07\/pferd-olpe-drolshagen-turnier-yvonne-haehner-simply-black-05.jpg?fit=645%2C800&ssl=1","type":"image\/jpeg"}],"author":"Christian Feldmann","twitter_card":"summary_large_image","schema":{"@context":"https:\/\/schema.org","@graph":[{"@type":"Article","@id":"https:\/\/hof-hoeherhaus.de\/index.php\/feivel-gewinnt-in-bochum\/#article","isPartOf":{"@id":"https:\/\/hof-hoeherhaus.de\/index.php\/feivel-gewinnt-in-bochum\/"},"author":{"name":"Christian Feldmann","@id":"https:\/\/hof-hoeherhaus.de\/#\/schema\/person\/aa335ddcf542d61b4966cdf7ac67785e"},"headline":"Feivel gewinnt in Bochum","datePublished":"2012-05-06T16:27:08+00:00","dateModified":"2021-11-25T18:47:50+00:00","mainEntityOfPage":{"@id":"https:\/\/hof-hoeherhaus.de\/index.php\/feivel-gewinnt-in-bochum\/"},"wordCount":112,"publisher":{"@id":"https:\/\/hof-hoeherhaus.de\/#organization"},"keywords":["Bochum","Dressur","Feivel","gewinnt"],"articleSection":["RG-Hof-H\u00f6herhaus"],"inLanguage":"de"},{"@type":"WebPage","@id":"https:\/\/hof-hoeherhaus.de\/index.php\/feivel-gewinnt-in-bochum\/","url":"https:\/\/hof-hoeherhaus.de\/index.php\/feivel-gewinnt-in-bochum\/","name":"Feivel gewinnt in Bochum &#8211; Hof-H\u00f6herhaus","isPartOf":{"@id":"https:\/\/hof-hoeherhaus.de\/#website"},"datePublished":"2012-05-06T16:27:08+00:00","dateModified":"2021-11-25T18:47:50+00:00","description":"Am heutigen Sonntag gewann\u00a0unser Wallach Feivel in Bochum die Dressurpferde A mit der Note 7,8 unter Herbert K\u00f6ster.","breadcrumb":{"@id":"https:\/\/hof-hoeherhaus.de\/index.php\/feivel-gewinnt-in-bochum\/#breadcrumb"},"inLanguage":"de","potentialAction":[{"@type":"ReadAction","target":["https:\/\/hof-hoeherhaus.de\/index.php\/feivel-gewinnt-in-bochum\/"]}]},{"@type":"BreadcrumbList","@id":"https:\/\/hof-hoeherhaus.de\/index.php\/feivel-gewinnt-in-bochum\/#breadcrumb","itemListElement":[{"@type":"ListItem","position":1,"name":"Startseite","item":"https:\/\/hof-hoeherhaus.de\/"},{"@type":"ListItem","position":2,"name":"Feivel gewinnt in Bochum"}]},{"@type":"WebSite","@id":"https:\/\/hof-hoeherhaus.de\/#website","url":"https:\/\/hof-hoeherhaus.de\/","name":"Hof-H\u00f6herhaus","description":"Hof-H\u00f6herhaus - Pferde im sch\u00f6nen Drolshagener und Olper Land.","publisher":{"@id":"https:\/\/hof-hoeherhaus.de\/#organization"},"potentialAction":[{"@type":"SearchAction","target":{"@type":"EntryPoint","urlTemplate":"https:\/\/hof-hoeherhaus.de\/?s={search_term_string}"},"query-input":{"@type":"PropertyValueSpecification","valueRequired":true,"valueName":"search_term_string"}}],"inLanguage":"de"},{"@type":"Organization","@id":"https:\/\/hof-hoeherhaus.de\/#organization","name":"Reitgemeinschaft Hof-Hoeherhaus e.V.","url":"https:\/\/hof-hoeherhaus.de\/","logo":{"@type":"ImageObject","inLanguage":"de","@id":"https:\/\/hof-hoeherhaus.de\/#\/schema\/logo\/image\/","url":"https:\/\/i0.wp.com\/hof-hoeherhaus.de\/wp-content\/uploads\/2021\/11\/18.jpg?fit=1024%2C1024&ssl=1","contentUrl":"https:\/\/i0.wp.com\/hof-hoeherhaus.de\/wp-content\/uploads\/2021\/11\/18.jpg?fit=1024%2C1024&ssl=1","width":1024,"height":1024,"caption":"Reitgemeinschaft Hof-Hoeherhaus e.V."},"image":{"@id":"https:\/\/hof-hoeherhaus.de\/#\/schema\/logo\/image\/"}},{"@type":"Person","@id":"https:\/\/hof-hoeherhaus.de\/#\/schema\/person\/aa335ddcf542d61b4966cdf7ac67785e","name":"Christian Feldmann","image":{"@type":"ImageObject","inLanguage":"de","@id":"https:\/\/secure.gravatar.com\/avatar\/28fbfb8afb0625dad08835ca7f5087c90cf64ed1aa5a3e1754cb0bf81b1b9104?s=96&d=mm&r=g","url":"https:\/\/secure.gravatar.com\/avatar\/28fbfb8afb0625dad08835ca7f5087c90cf64ed1aa5a3e1754cb0bf81b1b9104?s=96&d=mm&r=g","contentUrl":"https:\/\/secure.gravatar.com\/avatar\/28fbfb8afb0625dad08835ca7f5087c90cf64ed1aa5a3e1754cb0bf81b1b9104?s=96&d=mm&r=g","caption":"Christian Feldmann"}}]}},"jetpack_featured_media_url":"","jetpack-related-posts":[{"id":481,"url":"https:\/\/hof-hoeherhaus.de\/index.php\/besuch-bei-erada-und-feivel\/","url_meta":{"origin":483,"position":0},"title":"Besuch bei Er\u00b4da und Feivel","author":"Christian Feldmann","date":"30. April 2012","format":false,"excerpt":"Am gestrigen Sonntag haben wir zwei unserer Nachzucht-Dressurpferde mal wieder einen Besuch abgestattet.","rel":"","context":"In &quot;RG-Hof-H\u00f6herhaus&quot;","block_context":{"text":"RG-Hof-H\u00f6herhaus","link":"https:\/\/hof-hoeherhaus.de\/index.php\/category\/aktuelles-zur-reitgemeinschaft-hof-hoeherhaus\/"},"img":{"alt_text":"","src":"https:\/\/i0.wp.com\/hof-hoeherhaus.de\/wp-content\/uploads\/2012\/04\/olpe-drolshagen-essinghausen-pferd-erda-bb_image0001.jpg?resize=350%2C200&ssl=1","width":350,"height":200,"srcset":"https:\/\/i0.wp.com\/hof-hoeherhaus.de\/wp-content\/uploads\/2012\/04\/olpe-drolshagen-essinghausen-pferd-erda-bb_image0001.jpg?resize=350%2C200&ssl=1 1x, https:\/\/i0.wp.com\/hof-hoeherhaus.de\/wp-content\/uploads\/2012\/04\/olpe-drolshagen-essinghausen-pferd-erda-bb_image0001.jpg?resize=525%2C300&ssl=1 1.5x, https:\/\/i0.wp.com\/hof-hoeherhaus.de\/wp-content\/uploads\/2012\/04\/olpe-drolshagen-essinghausen-pferd-erda-bb_image0001.jpg?resize=700%2C400&ssl=1 2x"},"classes":[]},{"id":595,"url":"https:\/\/hof-hoeherhaus.de\/index.php\/furioser-turniersaison-2015\/","url_meta":{"origin":483,"position":1},"title":"Furioser Beginn der Turniersaison 2015","author":"Christian Feldmann","date":"14. Februar 2015","format":false,"excerpt":"Das Turnierjahr 2015 begann f\u00fcr die Reiter vom Hof-H\u00f6herhaus schleppend, aber dennoch erfolgreich. Hier eine kurze Zusammenfassung, die aufgrund der vielen Erfolge doch einiges an Lesestoff bieten. Aber beginnen wir einfach: Bei bescheidenem Wetter macht sich Michaela auf nach Freudenberg, einmal muss ja mal der Anfang gemacht werden. Eine Dressurpr\u00fcfung\u2026","rel":"","context":"In &quot;RG-Hof-H\u00f6herhaus&quot;","block_context":{"text":"RG-Hof-H\u00f6herhaus","link":"https:\/\/hof-hoeherhaus.de\/index.php\/category\/aktuelles-zur-reitgemeinschaft-hof-hoeherhaus\/"},"img":{"alt_text":"","src":"https:\/\/i0.wp.com\/hof-hoeherhaus.de\/wp-content\/uploads\/2015\/06\/carlotta-hof.jpg?fit=300%2C357&ssl=1&resize=350%2C200","width":350,"height":200},"classes":[]},{"id":5108,"url":"https:\/\/hof-hoeherhaus.de\/index.php\/dressurunterricht-mit-herbert-koester-auf-hof-hoeherhaus\/","url_meta":{"origin":483,"position":2},"title":"Dressurunterricht mit Herbert K\u00f6ster auf Hof-H\u00f6herhaus","author":"Christian Feldmann","date":"19. Oktober 2025","format":false,"excerpt":"Am 12.10.2025 fand auf unserem Hof-H\u00f6herhaus in Essinghausen wieder ein besonderer Lehrgang mit Herbert K\u00f6ster statt.Herbert ist nicht nur ein sehr erfahrener Reitlehrer, sondern auch lizenzierter Dressur-Richter, der durch diese doppelte Qualifikation eine ganz besondere Perspektive auf Reiter und Pferd einnimmt.Er erkl\u00e4rte praxisnah, worauf Richter in der Dressur besonders achten.\u2026","rel":"","context":"In &quot;RG-Hof-H\u00f6herhaus&quot;","block_context":{"text":"RG-Hof-H\u00f6herhaus","link":"https:\/\/hof-hoeherhaus.de\/index.php\/category\/aktuelles-zur-reitgemeinschaft-hof-hoeherhaus\/"},"img":{"alt_text":"","src":"https:\/\/i0.wp.com\/hof-hoeherhaus.de\/wp-content\/uploads\/2025\/10\/22A4126.jpg?fit=1200%2C801&ssl=1&resize=350%2C200","width":350,"height":200,"srcset":"https:\/\/i0.wp.com\/hof-hoeherhaus.de\/wp-content\/uploads\/2025\/10\/22A4126.jpg?fit=1200%2C801&ssl=1&resize=350%2C200 1x, https:\/\/i0.wp.com\/hof-hoeherhaus.de\/wp-content\/uploads\/2025\/10\/22A4126.jpg?fit=1200%2C801&ssl=1&resize=525%2C300 1.5x, https:\/\/i0.wp.com\/hof-hoeherhaus.de\/wp-content\/uploads\/2025\/10\/22A4126.jpg?fit=1200%2C801&ssl=1&resize=700%2C400 2x, https:\/\/i0.wp.com\/hof-hoeherhaus.de\/wp-content\/uploads\/2025\/10\/22A4126.jpg?fit=1200%2C801&ssl=1&resize=1050%2C600 3x"},"classes":[]},{"id":456,"url":"https:\/\/hof-hoeherhaus.de\/index.php\/ein-neuer-dressur-lehrgang\/","url_meta":{"origin":483,"position":3},"title":"Ein neuer Dressurlehrgang","author":"Christian Feldmann","date":"26. November 2011","format":false,"excerpt":"Herbert K\u00f6ster ist Richter und aktuell Reiter bis zur Hohen Klasse. Daher ist ein Besuch sicher lohnenswert.","rel":"","context":"In &quot;Reiterhof&quot;","block_context":{"text":"Reiterhof","link":"https:\/\/hof-hoeherhaus.de\/index.php\/category\/reiterhof\/"},"img":{"alt_text":"","src":"https:\/\/i0.wp.com\/hof-hoeherhaus.de\/wp-content\/uploads\/2013\/01\/Franziskus.jpg?fit=1024%2C768&ssl=1&resize=350%2C200","width":350,"height":200,"srcset":"https:\/\/i0.wp.com\/hof-hoeherhaus.de\/wp-content\/uploads\/2013\/01\/Franziskus.jpg?fit=1024%2C768&ssl=1&resize=350%2C200 1x, https:\/\/i0.wp.com\/hof-hoeherhaus.de\/wp-content\/uploads\/2013\/01\/Franziskus.jpg?fit=1024%2C768&ssl=1&resize=525%2C300 1.5x, https:\/\/i0.wp.com\/hof-hoeherhaus.de\/wp-content\/uploads\/2013\/01\/Franziskus.jpg?fit=1024%2C768&ssl=1&resize=700%2C400 2x"},"classes":[]},{"id":589,"url":"https:\/\/hof-hoeherhaus.de\/index.php\/eine-frage-der-perspektive\/","url_meta":{"origin":483,"position":4},"title":"Eine Frage der Perspektive","author":"Christian Feldmann","date":"22. M\u00e4rz 2015","format":false,"excerpt":"Gutes Reiten ist unbestritten ein Zusammentreffen von Talent, gutem Training und gutem Verst\u00e4ndnis. W\u00e4hrend man an erstem recht wenig, an zweiten recht viel trainieren kann, ist es doch bei dem Verst\u00e4ndnis schwieriger. Schlie\u00dflich geht es nicht \"nur\" um das gegenseitige Verst\u00e4ndnis zwischen Reiter und Pferd, denn dies kann man schlie\u00dflich\u2026","rel":"","context":"In &quot;RG-Hof-H\u00f6herhaus&quot;","block_context":{"text":"RG-Hof-H\u00f6herhaus","link":"https:\/\/hof-hoeherhaus.de\/index.php\/category\/aktuelles-zur-reitgemeinschaft-hof-hoeherhaus\/"},"img":{"alt_text":"","src":"https:\/\/i0.wp.com\/hof-hoeherhaus.de\/wp-content\/uploads\/2015\/03\/koster-01-von-21.jpg?resize=350%2C200","width":350,"height":200,"srcset":"https:\/\/i0.wp.com\/hof-hoeherhaus.de\/wp-content\/uploads\/2015\/03\/koster-01-von-21.jpg?resize=350%2C200 1x, https:\/\/i0.wp.com\/hof-hoeherhaus.de\/wp-content\/uploads\/2015\/03\/koster-01-von-21.jpg?resize=525%2C300 1.5x, https:\/\/i0.wp.com\/hof-hoeherhaus.de\/wp-content\/uploads\/2015\/03\/koster-01-von-21.jpg?resize=700%2C400 2x, https:\/\/i0.wp.com\/hof-hoeherhaus.de\/wp-content\/uploads\/2015\/03\/koster-01-von-21.jpg?resize=1050%2C600 3x, https:\/\/i0.wp.com\/hof-hoeherhaus.de\/wp-content\/uploads\/2015\/03\/koster-01-von-21.jpg?resize=1400%2C800 4x"},"classes":[]},{"id":505,"url":"https:\/\/hof-hoeherhaus.de\/index.php\/turnier-abteilun-des-rg-hh-schwaermt-aus\/","url_meta":{"origin":483,"position":5},"title":"Turnierabteilung der RG-HH schw\u00e4rmt aus","author":"Christian Feldmann","date":"22. August 2012","format":false,"excerpt":"In der\u00a033. Kalenderwochenende nutzten einige Mitglieder der RG-HH\u00a0nochmals die Gelegenheit, Turnierluft zu schnuppern. Anke Scholemann, Tanja Heuel, Yvonne H\u00e4ner, Heike Mantel und Michaela Feldmann fuhren am Wochenende zu unterschiedlichen Turnierorten. Schwartmecke war ein Ziel. Jeder einzelne hatte etwas Besonderes im Hinterkopf, was man mal so Ausprobieren k\u00f6nnte. So hatte sich\u2026","rel":"","context":"In &quot;RG-Hof-H\u00f6herhaus&quot;","block_context":{"text":"RG-Hof-H\u00f6herhaus","link":"https:\/\/hof-hoeherhaus.de\/index.php\/category\/aktuelles-zur-reitgemeinschaft-hof-hoeherhaus\/"},"img":{"alt_text":"","src":"","width":0,"height":0},"classes":[]}],"jetpack_sharing_enabled":true,"_links":{"self":[{"href":"https:\/\/hof-hoeherhaus.de\/index.php\/wp-json\/wp\/v2\/posts\/483","targetHints":{"allow":["GET"]}}],"collection":[{"href":"https:\/\/hof-hoeherhaus.de\/index.php\/wp-json\/wp\/v2\/posts"}],"about":[{"href":"https:\/\/hof-hoeherhaus.de\/index.php\/wp-json\/wp\/v2\/types\/post"}],"author":[{"embeddable":true,"href":"https:\/\/hof-hoeherhaus.de\/index.php\/wp-json\/wp\/v2\/users\/2"}],"replies":[{"embeddable":true,"href":"https:\/\/hof-hoeherhaus.de\/index.php\/wp-json\/wp\/v2\/comments?post=483"}],"version-history":[{"count":3,"href":"https:\/\/hof-hoeherhaus.de\/index.php\/wp-json\/wp\/v2\/posts\/483\/revisions"}],"predecessor-version":[{"id":3872,"href":"https:\/\/hof-hoeherhaus.de\/index.php\/wp-json\/wp\/v2\/posts\/483\/revisions\/3872"}],"wp:attachment":[{"href":"https:\/\/hof-hoeherhaus.de\/index.php\/wp-json\/wp\/v2\/media?parent=483"}],"wp:term":[{"taxonomy":"category","embeddable":true,"href":"https:\/\/hof-hoeherhaus.de\/index.php\/wp-json\/wp\/v2\/categories?post=483"},{"taxonomy":"post_tag","embeddable":true,"href":"https:\/\/hof-hoeherhaus.de\/index.php\/wp-json\/wp\/v2\/tags?post=483"}],"curies":[{"name":"wp","href":"https:\/\/api.w.org\/{rel}","templated":true}]}}