{"id":539,"date":"2013-02-07T19:32:29","date_gmt":"2013-02-07T19:32:29","guid":{"rendered":"http:\/\/wp.rg-hh.de\/index.php\/2013\/02\/07\/eroeffnung-der-hengststtation-unna-massen-2013\/"},"modified":"2017-03-23T19:32:03","modified_gmt":"2017-03-23T19:32:03","slug":"eroeffnung-der-hengststtation-unna-massen-2013","status":"publish","type":"post","link":"https:\/\/hof-hoeherhaus.de\/index.php\/eroeffnung-der-hengststtation-unna-massen-2013\/","title":{"rendered":"Er\u00f6ffnung der Hengststtation Unna Massen"},"content":{"rendered":"<p style=\"text-align: justify;\">Wie bereits angek\u00fcndigt, war am 03.02.2013 das Reitsportzentrum Unna Massen unser Reiseziel. Einerseits interessierte uns die Anlage, die mit \u00fcber 15 Hektar (das sind 150.000 Quadratmeter!) nicht nur gro\u00df, sondern auch noch recht jung ist. Aber ein weiterer Grund f\u00fcr den Besuch des Reitsportzentrums in Unna war die Er\u00f6ffnung seiner Hengststation und die damit verbundene Hengstschau. Schlie\u00dflich gilt es f\u00fcr uns auch in diesem Jahr wieder einen passenden Vererber f\u00fcr unsere Stuten zu finden.<\/p>\n<p style=\"text-align: justify;\">Insgesamt wurden 2.000 Eintrittskarten mit garantiertem Sitzplatz, eine Rundf\u00fchrung \u00fcber die Anlage und ein Fr\u00fchst\u00fccksbuffet angeboten. Entsprechend hoch war die Nachfrage. \u00dcber 6.000 Karten wurden angefragt und so entschuldigte sich Thomas Wiese, Besitzer des Reitsportzentrums Unna Massen, zu Beginn der Hengstschau f\u00fcr die entsprechend hohe Zahl der Absagen. Gut, dass wir uns recht fr\u00fch in diesem Jahr f\u00fcr diesen Termin entschieden hatten.<\/p>\n<p style=\"text-align: justify;\">Nach dem wirklich ordentlichen Fr\u00fchst\u00fcck ging es f\u00fcr uns dann in die Eventhalle. Schlie\u00dflich wurden dort mit &#8222;Like a Diamond NRW&#8220; der Siegerhengst der Westfalenk\u00f6rung 2012 und mit &#8222;Cachassini&#8220; der beste Hengst aller 30-Tage-Tests 2012 mit einem Springzuchtwert von 151 gezeigt.<\/p>\n<p style=\"text-align: justify;\">Am Ende kann man wirktlich von einer gut organisierten Veranstaltung reden. Der reibungslose Ablauf konnte den professionellen Anstrich unterstreichen. Eine Hengstschau die auch bei uns erreicht hat, was sie soll: eine z\u00fcchterische Entscheidungshilfe.<\/p>\n<div class=\"tiled-gallery type-rectangular tiled-gallery-unresized\" data-original-width=\"900\" data-carousel-extra='{&quot;blog_id&quot;:1,&quot;permalink&quot;:&quot;https:\\\/\\\/hof-hoeherhaus.de\\\/index.php\\\/eroeffnung-der-hengststtation-unna-massen-2013\\\/&quot;,&quot;likes_blog_id&quot;:75030670}' itemscope itemtype=\"http:\/\/schema.org\/ImageGallery\" > <div class=\"gallery-row\" style=\"width: 900px; height: 402px;\" data-original-width=\"900\" data-original-height=\"402\" > <div class=\"gallery-group images-1\" style=\"width: 601px; height: 402px;\" data-original-width=\"601\" data-original-height=\"402\" > <div class=\"tiled-gallery-item tiled-gallery-item-large\" itemprop=\"associatedMedia\" itemscope itemtype=\"http:\/\/schema.org\/ImageObject\"> <a href=\"https:\/\/hof-hoeherhaus.de\/index.php\/eroeffnung-der-hengststtation-unna-massen-2013\/berlusconi-hengstschau-unna-massen-2013\/\" border=\"0\" itemprop=\"url\"> <meta itemprop=\"width\" content=\"597\"> <meta itemprop=\"height\" content=\"398\"> <img decoding=\"async\" class=\"\" data-attachment-id=\"1811\" data-orig-file=\"https:\/\/hof-hoeherhaus.de\/wp-content\/uploads\/2013\/02\/berlusconi-hengstschau-unna-massen-2013.jpg\" data-orig-size=\"1024,683\" data-comments-opened=\"\" data-image-meta=\"{&quot;aperture&quot;:&quot;0&quot;,&quot;credit&quot;:&quot;&quot;,&quot;camera&quot;:&quot;&quot;,&quot;caption&quot;:&quot;&quot;,&quot;created_timestamp&quot;:&quot;0&quot;,&quot;copyright&quot;:&quot;&quot;,&quot;focal_length&quot;:&quot;0&quot;,&quot;iso&quot;:&quot;0&quot;,&quot;shutter_speed&quot;:&quot;0&quot;,&quot;title&quot;:&quot;&quot;,&quot;orientation&quot;:&quot;0&quot;}\" data-image-title=\"berlusconi-hengstschau-unna-massen-2013\" data-image-description=\"\" data-medium-file=\"https:\/\/i0.wp.com\/hof-hoeherhaus.de\/wp-content\/uploads\/2013\/02\/berlusconi-hengstschau-unna-massen-2013.jpg?fit=300%2C200&#038;ssl=1\" data-large-file=\"https:\/\/i0.wp.com\/hof-hoeherhaus.de\/wp-content\/uploads\/2013\/02\/berlusconi-hengstschau-unna-massen-2013.jpg?fit=900%2C600&#038;ssl=1\" src=\"https:\/\/i0.wp.com\/hof-hoeherhaus.de\/wp-content\/uploads\/2013\/02\/berlusconi-hengstschau-unna-massen-2013.jpg?w=597&#038;h=398&#038;ssl=1\" srcset=\"https:\/\/i0.wp.com\/hof-hoeherhaus.de\/wp-content\/uploads\/2013\/02\/berlusconi-hengstschau-unna-massen-2013.jpg?w=1024&amp;ssl=1 1024w, https:\/\/i0.wp.com\/hof-hoeherhaus.de\/wp-content\/uploads\/2013\/02\/berlusconi-hengstschau-unna-massen-2013.jpg?resize=300%2C200&amp;ssl=1 300w, https:\/\/i0.wp.com\/hof-hoeherhaus.de\/wp-content\/uploads\/2013\/02\/berlusconi-hengstschau-unna-massen-2013.jpg?resize=768%2C512&amp;ssl=1 768w\" width=\"597\" height=\"398\" loading=\"lazy\" data-original-width=\"597\" data-original-height=\"398\" itemprop=\"http:\/\/schema.org\/image\" title=\"berlusconi-hengstschau-unna-massen-2013\" alt=\"berlusconi-hengstschau-unna-massen-2013\" style=\"width: 597px; height: 398px;\" \/> <\/a> <\/div> <\/div> <!-- close group --> <div class=\"gallery-group images-2\" style=\"width: 299px; height: 402px;\" data-original-width=\"299\" data-original-height=\"402\" > <div class=\"tiled-gallery-item tiled-gallery-item-large\" itemprop=\"associatedMedia\" itemscope itemtype=\"http:\/\/schema.org\/ImageObject\"> <a href=\"https:\/\/hof-hoeherhaus.de\/index.php\/eroeffnung-der-hengststtation-unna-massen-2013\/colestus-1-hengstschau-unna-massen-2013\/\" border=\"0\" itemprop=\"url\"> <meta itemprop=\"width\" content=\"295\"> <meta itemprop=\"height\" content=\"197\"> <img decoding=\"async\" class=\"\" data-attachment-id=\"1812\" data-orig-file=\"https:\/\/hof-hoeherhaus.de\/wp-content\/uploads\/2013\/02\/colestus-1-hengstschau-unna-massen-2013.jpg\" data-orig-size=\"1024,683\" data-comments-opened=\"\" data-image-meta=\"{&quot;aperture&quot;:&quot;0&quot;,&quot;credit&quot;:&quot;&quot;,&quot;camera&quot;:&quot;&quot;,&quot;caption&quot;:&quot;&quot;,&quot;created_timestamp&quot;:&quot;0&quot;,&quot;copyright&quot;:&quot;&quot;,&quot;focal_length&quot;:&quot;0&quot;,&quot;iso&quot;:&quot;0&quot;,&quot;shutter_speed&quot;:&quot;0&quot;,&quot;title&quot;:&quot;&quot;,&quot;orientation&quot;:&quot;0&quot;}\" data-image-title=\"colestus-1-hengstschau-unna-massen-2013\" data-image-description=\"\" data-medium-file=\"https:\/\/i0.wp.com\/hof-hoeherhaus.de\/wp-content\/uploads\/2013\/02\/colestus-1-hengstschau-unna-massen-2013.jpg?fit=300%2C200&#038;ssl=1\" data-large-file=\"https:\/\/i0.wp.com\/hof-hoeherhaus.de\/wp-content\/uploads\/2013\/02\/colestus-1-hengstschau-unna-massen-2013.jpg?fit=900%2C600&#038;ssl=1\" src=\"https:\/\/i0.wp.com\/hof-hoeherhaus.de\/wp-content\/uploads\/2013\/02\/colestus-1-hengstschau-unna-massen-2013.jpg?w=295&#038;h=197&#038;ssl=1\" srcset=\"https:\/\/i0.wp.com\/hof-hoeherhaus.de\/wp-content\/uploads\/2013\/02\/colestus-1-hengstschau-unna-massen-2013.jpg?w=1024&amp;ssl=1 1024w, https:\/\/i0.wp.com\/hof-hoeherhaus.de\/wp-content\/uploads\/2013\/02\/colestus-1-hengstschau-unna-massen-2013.jpg?resize=300%2C200&amp;ssl=1 300w, https:\/\/i0.wp.com\/hof-hoeherhaus.de\/wp-content\/uploads\/2013\/02\/colestus-1-hengstschau-unna-massen-2013.jpg?resize=768%2C512&amp;ssl=1 768w\" width=\"295\" height=\"197\" loading=\"lazy\" data-original-width=\"295\" data-original-height=\"197\" itemprop=\"http:\/\/schema.org\/image\" title=\"colestus-1-hengstschau-unna-massen-2013\" alt=\"colestus-1-hengstschau-unna-massen-2013\" style=\"width: 295px; height: 197px;\" \/> <\/a> <\/div> <div class=\"tiled-gallery-item tiled-gallery-item-large\" itemprop=\"associatedMedia\" itemscope itemtype=\"http:\/\/schema.org\/ImageObject\"> <a href=\"https:\/\/hof-hoeherhaus.de\/index.php\/eroeffnung-der-hengststtation-unna-massen-2013\/colestus-2-hengstschau-unna-massen-2013\/\" border=\"0\" itemprop=\"url\"> <meta itemprop=\"width\" content=\"295\"> <meta itemprop=\"height\" content=\"197\"> <img decoding=\"async\" class=\"\" data-attachment-id=\"1813\" data-orig-file=\"https:\/\/hof-hoeherhaus.de\/wp-content\/uploads\/2013\/02\/colestus-2-hengstschau-unna-massen-2013.jpg\" data-orig-size=\"1024,683\" data-comments-opened=\"\" data-image-meta=\"{&quot;aperture&quot;:&quot;0&quot;,&quot;credit&quot;:&quot;&quot;,&quot;camera&quot;:&quot;&quot;,&quot;caption&quot;:&quot;&quot;,&quot;created_timestamp&quot;:&quot;0&quot;,&quot;copyright&quot;:&quot;&quot;,&quot;focal_length&quot;:&quot;0&quot;,&quot;iso&quot;:&quot;0&quot;,&quot;shutter_speed&quot;:&quot;0&quot;,&quot;title&quot;:&quot;&quot;,&quot;orientation&quot;:&quot;0&quot;}\" data-image-title=\"colestus-2-hengstschau-unna-massen-2013\" data-image-description=\"\" data-medium-file=\"https:\/\/i0.wp.com\/hof-hoeherhaus.de\/wp-content\/uploads\/2013\/02\/colestus-2-hengstschau-unna-massen-2013.jpg?fit=300%2C200&#038;ssl=1\" data-large-file=\"https:\/\/i0.wp.com\/hof-hoeherhaus.de\/wp-content\/uploads\/2013\/02\/colestus-2-hengstschau-unna-massen-2013.jpg?fit=900%2C600&#038;ssl=1\" src=\"https:\/\/i0.wp.com\/hof-hoeherhaus.de\/wp-content\/uploads\/2013\/02\/colestus-2-hengstschau-unna-massen-2013.jpg?w=295&#038;h=197&#038;ssl=1\" srcset=\"https:\/\/i0.wp.com\/hof-hoeherhaus.de\/wp-content\/uploads\/2013\/02\/colestus-2-hengstschau-unna-massen-2013.jpg?w=1024&amp;ssl=1 1024w, https:\/\/i0.wp.com\/hof-hoeherhaus.de\/wp-content\/uploads\/2013\/02\/colestus-2-hengstschau-unna-massen-2013.jpg?resize=300%2C200&amp;ssl=1 300w, https:\/\/i0.wp.com\/hof-hoeherhaus.de\/wp-content\/uploads\/2013\/02\/colestus-2-hengstschau-unna-massen-2013.jpg?resize=768%2C512&amp;ssl=1 768w\" width=\"295\" height=\"197\" loading=\"lazy\" data-original-width=\"295\" data-original-height=\"197\" itemprop=\"http:\/\/schema.org\/image\" title=\"colestus-2-hengstschau-unna-massen-2013\" alt=\"colestus-2-hengstschau-unna-massen-2013\" style=\"width: 295px; height: 197px;\" \/> <\/a> <\/div> <\/div> <!-- close group --> <\/div> <!-- close row --> <div class=\"gallery-row\" style=\"width: 900px; height: 402px;\" data-original-width=\"900\" data-original-height=\"402\" > <div class=\"gallery-group images-2\" style=\"width: 299px; height: 402px;\" data-original-width=\"299\" data-original-height=\"402\" > <div class=\"tiled-gallery-item tiled-gallery-item-large\" itemprop=\"associatedMedia\" itemscope itemtype=\"http:\/\/schema.org\/ImageObject\"> <a href=\"https:\/\/hof-hoeherhaus.de\/index.php\/eroeffnung-der-hengststtation-unna-massen-2013\/laughton-hengstschau-unna-massen-2013\/\" border=\"0\" itemprop=\"url\"> <meta itemprop=\"width\" content=\"295\"> <meta itemprop=\"height\" content=\"197\"> <img decoding=\"async\" class=\"\" data-attachment-id=\"1814\" data-orig-file=\"https:\/\/hof-hoeherhaus.de\/wp-content\/uploads\/2013\/02\/laughton-hengstschau-unna-massen-2013.jpg\" data-orig-size=\"1024,683\" data-comments-opened=\"\" data-image-meta=\"{&quot;aperture&quot;:&quot;0&quot;,&quot;credit&quot;:&quot;&quot;,&quot;camera&quot;:&quot;&quot;,&quot;caption&quot;:&quot;&quot;,&quot;created_timestamp&quot;:&quot;0&quot;,&quot;copyright&quot;:&quot;&quot;,&quot;focal_length&quot;:&quot;0&quot;,&quot;iso&quot;:&quot;0&quot;,&quot;shutter_speed&quot;:&quot;0&quot;,&quot;title&quot;:&quot;&quot;,&quot;orientation&quot;:&quot;0&quot;}\" data-image-title=\"laughton-hengstschau-unna-massen-2013\" data-image-description=\"\" data-medium-file=\"https:\/\/i0.wp.com\/hof-hoeherhaus.de\/wp-content\/uploads\/2013\/02\/laughton-hengstschau-unna-massen-2013.jpg?fit=300%2C200&#038;ssl=1\" data-large-file=\"https:\/\/i0.wp.com\/hof-hoeherhaus.de\/wp-content\/uploads\/2013\/02\/laughton-hengstschau-unna-massen-2013.jpg?fit=900%2C600&#038;ssl=1\" src=\"https:\/\/i0.wp.com\/hof-hoeherhaus.de\/wp-content\/uploads\/2013\/02\/laughton-hengstschau-unna-massen-2013.jpg?w=295&#038;h=197&#038;ssl=1\" srcset=\"https:\/\/i0.wp.com\/hof-hoeherhaus.de\/wp-content\/uploads\/2013\/02\/laughton-hengstschau-unna-massen-2013.jpg?w=1024&amp;ssl=1 1024w, https:\/\/i0.wp.com\/hof-hoeherhaus.de\/wp-content\/uploads\/2013\/02\/laughton-hengstschau-unna-massen-2013.jpg?resize=300%2C200&amp;ssl=1 300w, https:\/\/i0.wp.com\/hof-hoeherhaus.de\/wp-content\/uploads\/2013\/02\/laughton-hengstschau-unna-massen-2013.jpg?resize=768%2C512&amp;ssl=1 768w\" width=\"295\" height=\"197\" loading=\"lazy\" data-original-width=\"295\" data-original-height=\"197\" itemprop=\"http:\/\/schema.org\/image\" title=\"laughton-hengstschau-unna-massen-2013\" alt=\"laughton-hengstschau-unna-massen-2013\" style=\"width: 295px; height: 197px;\" \/> <\/a> <\/div> <div class=\"tiled-gallery-item tiled-gallery-item-large\" itemprop=\"associatedMedia\" itemscope itemtype=\"http:\/\/schema.org\/ImageObject\"> <a href=\"https:\/\/hof-hoeherhaus.de\/index.php\/eroeffnung-der-hengststtation-unna-massen-2013\/lika-a-diamond-hengstschau-unna-massen-2013\/\" border=\"0\" itemprop=\"url\"> <meta itemprop=\"width\" content=\"295\"> <meta itemprop=\"height\" content=\"197\"> <img decoding=\"async\" class=\"\" data-attachment-id=\"1815\" data-orig-file=\"https:\/\/hof-hoeherhaus.de\/wp-content\/uploads\/2013\/02\/lika-a-diamond-hengstschau-unna-massen-2013.jpg\" data-orig-size=\"1024,683\" data-comments-opened=\"\" data-image-meta=\"{&quot;aperture&quot;:&quot;0&quot;,&quot;credit&quot;:&quot;&quot;,&quot;camera&quot;:&quot;&quot;,&quot;caption&quot;:&quot;&quot;,&quot;created_timestamp&quot;:&quot;0&quot;,&quot;copyright&quot;:&quot;&quot;,&quot;focal_length&quot;:&quot;0&quot;,&quot;iso&quot;:&quot;0&quot;,&quot;shutter_speed&quot;:&quot;0&quot;,&quot;title&quot;:&quot;&quot;,&quot;orientation&quot;:&quot;0&quot;}\" data-image-title=\"lika-a-diamond&amp;#8211;hengstschau-unna-massen-2013\" data-image-description=\"\" data-medium-file=\"https:\/\/i0.wp.com\/hof-hoeherhaus.de\/wp-content\/uploads\/2013\/02\/lika-a-diamond-hengstschau-unna-massen-2013.jpg?fit=300%2C200&#038;ssl=1\" data-large-file=\"https:\/\/i0.wp.com\/hof-hoeherhaus.de\/wp-content\/uploads\/2013\/02\/lika-a-diamond-hengstschau-unna-massen-2013.jpg?fit=900%2C600&#038;ssl=1\" src=\"https:\/\/i0.wp.com\/hof-hoeherhaus.de\/wp-content\/uploads\/2013\/02\/lika-a-diamond-hengstschau-unna-massen-2013.jpg?w=295&#038;h=197&#038;ssl=1\" srcset=\"https:\/\/i0.wp.com\/hof-hoeherhaus.de\/wp-content\/uploads\/2013\/02\/lika-a-diamond-hengstschau-unna-massen-2013.jpg?w=1024&amp;ssl=1 1024w, https:\/\/i0.wp.com\/hof-hoeherhaus.de\/wp-content\/uploads\/2013\/02\/lika-a-diamond-hengstschau-unna-massen-2013.jpg?resize=300%2C200&amp;ssl=1 300w, https:\/\/i0.wp.com\/hof-hoeherhaus.de\/wp-content\/uploads\/2013\/02\/lika-a-diamond-hengstschau-unna-massen-2013.jpg?resize=768%2C512&amp;ssl=1 768w\" width=\"295\" height=\"197\" loading=\"lazy\" data-original-width=\"295\" data-original-height=\"197\" itemprop=\"http:\/\/schema.org\/image\" title=\"lika-a-diamond--hengstschau-unna-massen-2013\" alt=\"lika-a-diamond--hengstschau-unna-massen-2013\" style=\"width: 295px; height: 197px;\" \/> <\/a> <\/div> <\/div> <!-- close group --> <div class=\"gallery-group images-1\" style=\"width: 601px; height: 402px;\" data-original-width=\"601\" data-original-height=\"402\" > <div class=\"tiled-gallery-item tiled-gallery-item-large\" itemprop=\"associatedMedia\" itemscope itemtype=\"http:\/\/schema.org\/ImageObject\"> <a href=\"https:\/\/hof-hoeherhaus.de\/index.php\/eroeffnung-der-hengststtation-unna-massen-2013\/like-a-diamond-1-hengstschau-unna-massen-2013-2\/\" border=\"0\" itemprop=\"url\"> <meta itemprop=\"width\" content=\"597\"> <meta itemprop=\"height\" content=\"398\"> <img decoding=\"async\" class=\"\" data-attachment-id=\"1816\" data-orig-file=\"https:\/\/hof-hoeherhaus.de\/wp-content\/uploads\/2013\/02\/like-a-diamond-1-hengstschau-unna-massen-2013.jpg\" data-orig-size=\"1024,682\" data-comments-opened=\"\" data-image-meta=\"{&quot;aperture&quot;:&quot;0&quot;,&quot;credit&quot;:&quot;&quot;,&quot;camera&quot;:&quot;&quot;,&quot;caption&quot;:&quot;&quot;,&quot;created_timestamp&quot;:&quot;0&quot;,&quot;copyright&quot;:&quot;&quot;,&quot;focal_length&quot;:&quot;0&quot;,&quot;iso&quot;:&quot;0&quot;,&quot;shutter_speed&quot;:&quot;0&quot;,&quot;title&quot;:&quot;&quot;,&quot;orientation&quot;:&quot;0&quot;}\" data-image-title=\"like-a-diamond-1&amp;#8211;hengstschau-unna-massen-2013\" data-image-description=\"\" data-medium-file=\"https:\/\/i0.wp.com\/hof-hoeherhaus.de\/wp-content\/uploads\/2013\/02\/like-a-diamond-1-hengstschau-unna-massen-2013.jpg?fit=300%2C200&#038;ssl=1\" data-large-file=\"https:\/\/i0.wp.com\/hof-hoeherhaus.de\/wp-content\/uploads\/2013\/02\/like-a-diamond-1-hengstschau-unna-massen-2013.jpg?fit=900%2C599&#038;ssl=1\" src=\"https:\/\/i0.wp.com\/hof-hoeherhaus.de\/wp-content\/uploads\/2013\/02\/like-a-diamond-1-hengstschau-unna-massen-2013.jpg?w=597&#038;h=398&#038;ssl=1\" srcset=\"https:\/\/i0.wp.com\/hof-hoeherhaus.de\/wp-content\/uploads\/2013\/02\/like-a-diamond-1-hengstschau-unna-massen-2013.jpg?w=1024&amp;ssl=1 1024w, https:\/\/i0.wp.com\/hof-hoeherhaus.de\/wp-content\/uploads\/2013\/02\/like-a-diamond-1-hengstschau-unna-massen-2013.jpg?resize=300%2C200&amp;ssl=1 300w, https:\/\/i0.wp.com\/hof-hoeherhaus.de\/wp-content\/uploads\/2013\/02\/like-a-diamond-1-hengstschau-unna-massen-2013.jpg?resize=768%2C512&amp;ssl=1 768w\" width=\"597\" height=\"398\" loading=\"lazy\" data-original-width=\"597\" data-original-height=\"398\" itemprop=\"http:\/\/schema.org\/image\" title=\"like-a-diamond-1--hengstschau-unna-massen-2013\" alt=\"like-a-diamond-1--hengstschau-unna-massen-2013\" style=\"width: 597px; height: 398px;\" \/> <\/a> <\/div> <\/div> <!-- close group --> <\/div> <!-- close row --> <div class=\"gallery-row\" style=\"width: 900px; height: 301px;\" data-original-width=\"900\" data-original-height=\"301\" > <div class=\"gallery-group images-1\" style=\"width: 450px; height: 301px;\" data-original-width=\"450\" data-original-height=\"301\" > <div class=\"tiled-gallery-item tiled-gallery-item-large\" itemprop=\"associatedMedia\" itemscope itemtype=\"http:\/\/schema.org\/ImageObject\"> <a href=\"https:\/\/hof-hoeherhaus.de\/index.php\/eroeffnung-der-hengststtation-unna-massen-2013\/ostfrisischer-stammtisch-1-hengstschau-unna-massen-2013\/\" border=\"0\" itemprop=\"url\"> <meta itemprop=\"width\" content=\"446\"> <meta itemprop=\"height\" content=\"297\"> <img decoding=\"async\" class=\"\" data-attachment-id=\"1817\" data-orig-file=\"https:\/\/hof-hoeherhaus.de\/wp-content\/uploads\/2013\/02\/ostfrisischer-stammtisch-1-hengstschau-unna-massen-2013.jpg\" data-orig-size=\"1024,683\" data-comments-opened=\"\" data-image-meta=\"{&quot;aperture&quot;:&quot;0&quot;,&quot;credit&quot;:&quot;&quot;,&quot;camera&quot;:&quot;&quot;,&quot;caption&quot;:&quot;&quot;,&quot;created_timestamp&quot;:&quot;0&quot;,&quot;copyright&quot;:&quot;&quot;,&quot;focal_length&quot;:&quot;0&quot;,&quot;iso&quot;:&quot;0&quot;,&quot;shutter_speed&quot;:&quot;0&quot;,&quot;title&quot;:&quot;&quot;,&quot;orientation&quot;:&quot;0&quot;}\" data-image-title=\"ostfrisischer-stammtisch-1-hengstschau-unna-massen-2013\" data-image-description=\"\" data-medium-file=\"https:\/\/i0.wp.com\/hof-hoeherhaus.de\/wp-content\/uploads\/2013\/02\/ostfrisischer-stammtisch-1-hengstschau-unna-massen-2013.jpg?fit=300%2C200&#038;ssl=1\" data-large-file=\"https:\/\/i0.wp.com\/hof-hoeherhaus.de\/wp-content\/uploads\/2013\/02\/ostfrisischer-stammtisch-1-hengstschau-unna-massen-2013.jpg?fit=900%2C600&#038;ssl=1\" src=\"https:\/\/i0.wp.com\/hof-hoeherhaus.de\/wp-content\/uploads\/2013\/02\/ostfrisischer-stammtisch-1-hengstschau-unna-massen-2013.jpg?w=446&#038;h=297&#038;ssl=1\" srcset=\"https:\/\/i0.wp.com\/hof-hoeherhaus.de\/wp-content\/uploads\/2013\/02\/ostfrisischer-stammtisch-1-hengstschau-unna-massen-2013.jpg?w=1024&amp;ssl=1 1024w, https:\/\/i0.wp.com\/hof-hoeherhaus.de\/wp-content\/uploads\/2013\/02\/ostfrisischer-stammtisch-1-hengstschau-unna-massen-2013.jpg?resize=300%2C200&amp;ssl=1 300w, https:\/\/i0.wp.com\/hof-hoeherhaus.de\/wp-content\/uploads\/2013\/02\/ostfrisischer-stammtisch-1-hengstschau-unna-massen-2013.jpg?resize=768%2C512&amp;ssl=1 768w\" width=\"446\" height=\"297\" loading=\"lazy\" data-original-width=\"446\" data-original-height=\"297\" itemprop=\"http:\/\/schema.org\/image\" title=\"ostfrisischer-stammtisch-1-hengstschau-unna-massen-2013\" alt=\"ostfrisischer-stammtisch-1-hengstschau-unna-massen-2013\" style=\"width: 446px; height: 297px;\" \/> <\/a> <\/div> <\/div> <!-- close group --> <div class=\"gallery-group images-1\" style=\"width: 450px; height: 301px;\" data-original-width=\"450\" data-original-height=\"301\" > <div class=\"tiled-gallery-item tiled-gallery-item-large\" itemprop=\"associatedMedia\" itemscope itemtype=\"http:\/\/schema.org\/ImageObject\"> <a href=\"https:\/\/hof-hoeherhaus.de\/index.php\/eroeffnung-der-hengststtation-unna-massen-2013\/ostfrisischer-stammtisch-hengstschau-unna-massen-2013\/\" border=\"0\" itemprop=\"url\"> <meta itemprop=\"width\" content=\"446\"> <meta itemprop=\"height\" content=\"297\"> <img decoding=\"async\" class=\"\" data-attachment-id=\"1818\" data-orig-file=\"https:\/\/hof-hoeherhaus.de\/wp-content\/uploads\/2013\/02\/ostfrisischer-stammtisch-hengstschau-unna-massen-2013.jpg\" data-orig-size=\"1024,683\" data-comments-opened=\"\" data-image-meta=\"{&quot;aperture&quot;:&quot;0&quot;,&quot;credit&quot;:&quot;&quot;,&quot;camera&quot;:&quot;&quot;,&quot;caption&quot;:&quot;&quot;,&quot;created_timestamp&quot;:&quot;0&quot;,&quot;copyright&quot;:&quot;&quot;,&quot;focal_length&quot;:&quot;0&quot;,&quot;iso&quot;:&quot;0&quot;,&quot;shutter_speed&quot;:&quot;0&quot;,&quot;title&quot;:&quot;&quot;,&quot;orientation&quot;:&quot;0&quot;}\" data-image-title=\"ostfrisischer-stammtisch-hengstschau-unna-massen-2013\" data-image-description=\"\" data-medium-file=\"https:\/\/i0.wp.com\/hof-hoeherhaus.de\/wp-content\/uploads\/2013\/02\/ostfrisischer-stammtisch-hengstschau-unna-massen-2013.jpg?fit=300%2C200&#038;ssl=1\" data-large-file=\"https:\/\/i0.wp.com\/hof-hoeherhaus.de\/wp-content\/uploads\/2013\/02\/ostfrisischer-stammtisch-hengstschau-unna-massen-2013.jpg?fit=900%2C600&#038;ssl=1\" src=\"https:\/\/i0.wp.com\/hof-hoeherhaus.de\/wp-content\/uploads\/2013\/02\/ostfrisischer-stammtisch-hengstschau-unna-massen-2013.jpg?w=446&#038;h=297&#038;ssl=1\" srcset=\"https:\/\/i0.wp.com\/hof-hoeherhaus.de\/wp-content\/uploads\/2013\/02\/ostfrisischer-stammtisch-hengstschau-unna-massen-2013.jpg?w=1024&amp;ssl=1 1024w, https:\/\/i0.wp.com\/hof-hoeherhaus.de\/wp-content\/uploads\/2013\/02\/ostfrisischer-stammtisch-hengstschau-unna-massen-2013.jpg?resize=300%2C200&amp;ssl=1 300w, https:\/\/i0.wp.com\/hof-hoeherhaus.de\/wp-content\/uploads\/2013\/02\/ostfrisischer-stammtisch-hengstschau-unna-massen-2013.jpg?resize=768%2C512&amp;ssl=1 768w\" width=\"446\" height=\"297\" loading=\"lazy\" data-original-width=\"446\" data-original-height=\"297\" itemprop=\"http:\/\/schema.org\/image\" title=\"ostfrisischer-stammtisch-hengstschau-unna-massen-2013\" alt=\"ostfrisischer-stammtisch-hengstschau-unna-massen-2013\" style=\"width: 446px; height: 297px;\" \/> <\/a> <\/div> <\/div> <!-- close group --> <\/div> <!-- close row --> <div class=\"gallery-row\" style=\"width: 900px; height: 175px;\" data-original-width=\"900\" data-original-height=\"175\" > <div class=\"gallery-group images-1\" style=\"width: 261px; height: 175px;\" data-original-width=\"261\" data-original-height=\"175\" > <div class=\"tiled-gallery-item tiled-gallery-item-large\" itemprop=\"associatedMedia\" itemscope itemtype=\"http:\/\/schema.org\/ImageObject\"> <a href=\"https:\/\/hof-hoeherhaus.de\/index.php\/eroeffnung-der-hengststtation-unna-massen-2013\/seitensprung-1-hengstschau-unna-massen-2013\/\" border=\"0\" itemprop=\"url\"> <meta itemprop=\"width\" content=\"257\"> <meta itemprop=\"height\" content=\"171\"> <img decoding=\"async\" class=\"\" data-attachment-id=\"1819\" data-orig-file=\"https:\/\/hof-hoeherhaus.de\/wp-content\/uploads\/2013\/02\/seitensprung-1-hengstschau-unna-massen-2013.jpg\" data-orig-size=\"1024,683\" data-comments-opened=\"\" data-image-meta=\"{&quot;aperture&quot;:&quot;0&quot;,&quot;credit&quot;:&quot;&quot;,&quot;camera&quot;:&quot;&quot;,&quot;caption&quot;:&quot;&quot;,&quot;created_timestamp&quot;:&quot;0&quot;,&quot;copyright&quot;:&quot;&quot;,&quot;focal_length&quot;:&quot;0&quot;,&quot;iso&quot;:&quot;0&quot;,&quot;shutter_speed&quot;:&quot;0&quot;,&quot;title&quot;:&quot;&quot;,&quot;orientation&quot;:&quot;0&quot;}\" data-image-title=\"seitensprung-1&amp;#8211;hengstschau-unna-massen-2013\" data-image-description=\"\" data-medium-file=\"https:\/\/i0.wp.com\/hof-hoeherhaus.de\/wp-content\/uploads\/2013\/02\/seitensprung-1-hengstschau-unna-massen-2013.jpg?fit=300%2C200&#038;ssl=1\" data-large-file=\"https:\/\/i0.wp.com\/hof-hoeherhaus.de\/wp-content\/uploads\/2013\/02\/seitensprung-1-hengstschau-unna-massen-2013.jpg?fit=900%2C600&#038;ssl=1\" src=\"https:\/\/i0.wp.com\/hof-hoeherhaus.de\/wp-content\/uploads\/2013\/02\/seitensprung-1-hengstschau-unna-massen-2013.jpg?w=257&#038;h=171&#038;ssl=1\" srcset=\"https:\/\/i0.wp.com\/hof-hoeherhaus.de\/wp-content\/uploads\/2013\/02\/seitensprung-1-hengstschau-unna-massen-2013.jpg?w=1024&amp;ssl=1 1024w, https:\/\/i0.wp.com\/hof-hoeherhaus.de\/wp-content\/uploads\/2013\/02\/seitensprung-1-hengstschau-unna-massen-2013.jpg?resize=300%2C200&amp;ssl=1 300w, https:\/\/i0.wp.com\/hof-hoeherhaus.de\/wp-content\/uploads\/2013\/02\/seitensprung-1-hengstschau-unna-massen-2013.jpg?resize=768%2C512&amp;ssl=1 768w\" width=\"257\" height=\"171\" loading=\"lazy\" data-original-width=\"257\" data-original-height=\"171\" itemprop=\"http:\/\/schema.org\/image\" title=\"seitensprung-1--hengstschau-unna-massen-2013\" alt=\"seitensprung-1--hengstschau-unna-massen-2013\" style=\"width: 257px; height: 171px;\" \/> <\/a> <\/div> <\/div> <!-- close group --> <div class=\"gallery-group images-1\" style=\"width: 260px; height: 175px;\" data-original-width=\"260\" data-original-height=\"175\" > <div class=\"tiled-gallery-item tiled-gallery-item-large\" itemprop=\"associatedMedia\" itemscope itemtype=\"http:\/\/schema.org\/ImageObject\"> <a href=\"https:\/\/hof-hoeherhaus.de\/index.php\/eroeffnung-der-hengststtation-unna-massen-2013\/seitensprung-hengstschau-unna-massen-2013\/\" border=\"0\" itemprop=\"url\"> <meta itemprop=\"width\" content=\"256\"> <meta itemprop=\"height\" content=\"171\"> <img decoding=\"async\" class=\"\" data-attachment-id=\"1820\" data-orig-file=\"https:\/\/hof-hoeherhaus.de\/wp-content\/uploads\/2013\/02\/seitensprung-hengstschau-unna-massen-2013.jpg\" data-orig-size=\"1024,683\" data-comments-opened=\"\" data-image-meta=\"{&quot;aperture&quot;:&quot;0&quot;,&quot;credit&quot;:&quot;&quot;,&quot;camera&quot;:&quot;&quot;,&quot;caption&quot;:&quot;&quot;,&quot;created_timestamp&quot;:&quot;0&quot;,&quot;copyright&quot;:&quot;&quot;,&quot;focal_length&quot;:&quot;0&quot;,&quot;iso&quot;:&quot;0&quot;,&quot;shutter_speed&quot;:&quot;0&quot;,&quot;title&quot;:&quot;&quot;,&quot;orientation&quot;:&quot;0&quot;}\" data-image-title=\"seitensprung-hengstschau-unna-massen-2013\" data-image-description=\"\" data-medium-file=\"https:\/\/i0.wp.com\/hof-hoeherhaus.de\/wp-content\/uploads\/2013\/02\/seitensprung-hengstschau-unna-massen-2013.jpg?fit=300%2C200&#038;ssl=1\" data-large-file=\"https:\/\/i0.wp.com\/hof-hoeherhaus.de\/wp-content\/uploads\/2013\/02\/seitensprung-hengstschau-unna-massen-2013.jpg?fit=900%2C600&#038;ssl=1\" src=\"https:\/\/i0.wp.com\/hof-hoeherhaus.de\/wp-content\/uploads\/2013\/02\/seitensprung-hengstschau-unna-massen-2013.jpg?w=256&#038;h=171&#038;ssl=1\" srcset=\"https:\/\/i0.wp.com\/hof-hoeherhaus.de\/wp-content\/uploads\/2013\/02\/seitensprung-hengstschau-unna-massen-2013.jpg?w=1024&amp;ssl=1 1024w, https:\/\/i0.wp.com\/hof-hoeherhaus.de\/wp-content\/uploads\/2013\/02\/seitensprung-hengstschau-unna-massen-2013.jpg?resize=300%2C200&amp;ssl=1 300w, https:\/\/i0.wp.com\/hof-hoeherhaus.de\/wp-content\/uploads\/2013\/02\/seitensprung-hengstschau-unna-massen-2013.jpg?resize=768%2C512&amp;ssl=1 768w\" width=\"256\" height=\"171\" loading=\"lazy\" data-original-width=\"256\" data-original-height=\"171\" itemprop=\"http:\/\/schema.org\/image\" title=\"seitensprung-hengstschau-unna-massen-2013\" alt=\"seitensprung-hengstschau-unna-massen-2013\" style=\"width: 256px; height: 171px;\" \/> <\/a> <\/div> <\/div> <!-- close group --> <div class=\"gallery-group images-1\" style=\"width: 118px; height: 175px;\" data-original-width=\"118\" data-original-height=\"175\" > <div class=\"tiled-gallery-item tiled-gallery-item-small\" itemprop=\"associatedMedia\" itemscope itemtype=\"http:\/\/schema.org\/ImageObject\"> <a href=\"https:\/\/hof-hoeherhaus.de\/index.php\/eroeffnung-der-hengststtation-unna-massen-2013\/thomas-wiese-ehrung-hengstschau-unna-massen-2013\/\" border=\"0\" itemprop=\"url\"> <meta itemprop=\"width\" content=\"114\"> <meta itemprop=\"height\" content=\"171\"> <img decoding=\"async\" class=\"\" data-attachment-id=\"1821\" data-orig-file=\"https:\/\/hof-hoeherhaus.de\/wp-content\/uploads\/2013\/02\/thomas-wiese-ehrung-hengstschau-unna-massen-2013.jpg\" data-orig-size=\"683,1024\" data-comments-opened=\"\" data-image-meta=\"{&quot;aperture&quot;:&quot;0&quot;,&quot;credit&quot;:&quot;&quot;,&quot;camera&quot;:&quot;&quot;,&quot;caption&quot;:&quot;&quot;,&quot;created_timestamp&quot;:&quot;0&quot;,&quot;copyright&quot;:&quot;&quot;,&quot;focal_length&quot;:&quot;0&quot;,&quot;iso&quot;:&quot;0&quot;,&quot;shutter_speed&quot;:&quot;0&quot;,&quot;title&quot;:&quot;&quot;,&quot;orientation&quot;:&quot;0&quot;}\" data-image-title=\"thomas-wiese-ehrung-hengstschau-unna-massen-2013\" data-image-description=\"\" data-medium-file=\"https:\/\/i0.wp.com\/hof-hoeherhaus.de\/wp-content\/uploads\/2013\/02\/thomas-wiese-ehrung-hengstschau-unna-massen-2013.jpg?fit=200%2C300&#038;ssl=1\" data-large-file=\"https:\/\/i0.wp.com\/hof-hoeherhaus.de\/wp-content\/uploads\/2013\/02\/thomas-wiese-ehrung-hengstschau-unna-massen-2013.jpg?fit=683%2C1024&#038;ssl=1\" src=\"https:\/\/i0.wp.com\/hof-hoeherhaus.de\/wp-content\/uploads\/2013\/02\/thomas-wiese-ehrung-hengstschau-unna-massen-2013.jpg?w=114&#038;h=171&#038;ssl=1\" srcset=\"https:\/\/i0.wp.com\/hof-hoeherhaus.de\/wp-content\/uploads\/2013\/02\/thomas-wiese-ehrung-hengstschau-unna-massen-2013.jpg?w=683&amp;ssl=1 683w, https:\/\/i0.wp.com\/hof-hoeherhaus.de\/wp-content\/uploads\/2013\/02\/thomas-wiese-ehrung-hengstschau-unna-massen-2013.jpg?resize=200%2C300&amp;ssl=1 200w\" width=\"114\" height=\"171\" loading=\"lazy\" data-original-width=\"114\" data-original-height=\"171\" itemprop=\"http:\/\/schema.org\/image\" title=\"thomas-wiese-ehrung-hengstschau-unna-massen-2013\" alt=\"thomas-wiese-ehrung-hengstschau-unna-massen-2013\" style=\"width: 114px; height: 171px;\" \/> <\/a> <\/div> <\/div> <!-- close group --> <div class=\"gallery-group images-1\" style=\"width: 261px; height: 175px;\" data-original-width=\"261\" data-original-height=\"175\" > <div class=\"tiled-gallery-item tiled-gallery-item-large\" itemprop=\"associatedMedia\" itemscope itemtype=\"http:\/\/schema.org\/ImageObject\"> <a href=\"https:\/\/hof-hoeherhaus.de\/index.php\/eroeffnung-der-hengststtation-unna-massen-2013\/thomas-wiese-hengstschau-unna-massen-2013\/\" border=\"0\" itemprop=\"url\"> <meta itemprop=\"width\" content=\"257\"> <meta itemprop=\"height\" content=\"171\"> <img decoding=\"async\" class=\"\" data-attachment-id=\"1822\" data-orig-file=\"https:\/\/hof-hoeherhaus.de\/wp-content\/uploads\/2013\/02\/thomas-wiese-hengstschau-unna-massen-2013.jpg\" data-orig-size=\"1024,682\" data-comments-opened=\"\" data-image-meta=\"{&quot;aperture&quot;:&quot;0&quot;,&quot;credit&quot;:&quot;&quot;,&quot;camera&quot;:&quot;&quot;,&quot;caption&quot;:&quot;&quot;,&quot;created_timestamp&quot;:&quot;0&quot;,&quot;copyright&quot;:&quot;&quot;,&quot;focal_length&quot;:&quot;0&quot;,&quot;iso&quot;:&quot;0&quot;,&quot;shutter_speed&quot;:&quot;0&quot;,&quot;title&quot;:&quot;&quot;,&quot;orientation&quot;:&quot;0&quot;}\" data-image-title=\"thomas-wiese-hengstschau-unna-massen-2013\" data-image-description=\"\" data-medium-file=\"https:\/\/i0.wp.com\/hof-hoeherhaus.de\/wp-content\/uploads\/2013\/02\/thomas-wiese-hengstschau-unna-massen-2013.jpg?fit=300%2C200&#038;ssl=1\" data-large-file=\"https:\/\/i0.wp.com\/hof-hoeherhaus.de\/wp-content\/uploads\/2013\/02\/thomas-wiese-hengstschau-unna-massen-2013.jpg?fit=900%2C599&#038;ssl=1\" src=\"https:\/\/i0.wp.com\/hof-hoeherhaus.de\/wp-content\/uploads\/2013\/02\/thomas-wiese-hengstschau-unna-massen-2013.jpg?w=257&#038;h=171&#038;ssl=1\" srcset=\"https:\/\/i0.wp.com\/hof-hoeherhaus.de\/wp-content\/uploads\/2013\/02\/thomas-wiese-hengstschau-unna-massen-2013.jpg?w=1024&amp;ssl=1 1024w, https:\/\/i0.wp.com\/hof-hoeherhaus.de\/wp-content\/uploads\/2013\/02\/thomas-wiese-hengstschau-unna-massen-2013.jpg?resize=300%2C200&amp;ssl=1 300w, https:\/\/i0.wp.com\/hof-hoeherhaus.de\/wp-content\/uploads\/2013\/02\/thomas-wiese-hengstschau-unna-massen-2013.jpg?resize=768%2C512&amp;ssl=1 768w\" width=\"257\" height=\"171\" loading=\"lazy\" data-original-width=\"257\" data-original-height=\"171\" itemprop=\"http:\/\/schema.org\/image\" title=\"thomas-wiese-hengstschau-unna-massen-2013\" alt=\"thomas-wiese-hengstschau-unna-massen-2013\" style=\"width: 257px; height: 171px;\" \/> <\/a> <\/div> <\/div> <!-- close group --> <\/div> <!-- close row --> <\/div>\n<p style=\"text-align: justify;\"><span style=\"font-family: 'Times New Roman', 'serif';\">\u00a0<\/span><\/p>\n","protected":false},"excerpt":{"rendered":"<p style=\"text-align: justify;\">Wie bereits angek\u00fcndigt, war am 03.02.2013 das Reitsportzentrum Unna Massen unser Reiseziel. Einerseits interessierte uns die Anlage, die mit \u00fcber 15 Hektar (das sind 150.000 Quadratmeter!) nicht nur gro\u00df, sondern auch noch recht jung ist. Aber ein weiterer Grund f\u00fcr den Besuch des Reitsportzentrums in Unna war die Er\u00f6ffnung seiner Hengststation und die damit verbundene Hengstschau. Schlie\u00dflich gilt es f\u00fcr uns auch in diesem Jahr wieder einen passenden Vererber f\u00fcr unsere Stuten zu finden.<\/p>\n<p style=\"text-align: justify;\">Insgesamt wurden 2.000 Eintrittskarten mit garantiertem Sitzplatz, eine Rundf\u00fchrung \u00fcber die Anlage und ein Fr\u00fchst\u00fccksbuffet angeboten. Entsprechend hoch war die Nachfrage. \u00dcber 6.000 Karten wurden angefragt und so entschuldigte sich Thomas Wiese, Besitzer des Reitsportzentrums Unna Massen, zu Beginn der Hengstschau f\u00fcr die entsprechend hohe Zahl der Absagen. Gut, dass wir uns recht fr\u00fch in diesem Jahr f\u00fcr diesen Termin entschieden hatten.<\/p>\n","protected":false},"author":2,"featured_media":538,"comment_status":"closed","ping_status":"open","sticky":false,"template":"","format":"standard","meta":{"_jetpack_memberships_contains_paid_content":false,"footnotes":""},"categories":[235],"tags":[391,392,394,395,393],"class_list":{"0":"post-539","1":"post","2":"type-post","3":"status-publish","4":"format-standard","5":"has-post-thumbnail","6":"hentry","7":"category-aktuelles-zur-reitgemeinschaft-hof-hoeherhaus","8":"tag-eroeffnung","9":"tag-hengst-station","10":"tag-like-a-diamond","11":"tag-reitsportzentrum","12":"tag-unna-massen-2013","13":"","14":"blog-alt-layout","15":"blog-style-postblock","17":"blog-alt-odd"},"yoast_head":"<!-- This site is optimized with the Yoast SEO plugin v27.5 - https:\/\/yoast.com\/product\/yoast-seo-wordpress\/ -->\n<title>Er\u00f6ffnung der Hengststtation Unna Massen &#8211; Hof-H\u00f6herhaus<\/title>\n<meta name=\"robots\" content=\"index, follow, max-snippet:-1, max-image-preview:large, max-video-preview:-1\" \/>\n<link rel=\"canonical\" href=\"https:\/\/hof-hoeherhaus.de\/index.php\/eroeffnung-der-hengststtation-unna-massen-2013\/\" \/>\n<meta property=\"og:locale\" content=\"de_DE\" \/>\n<meta property=\"og:type\" content=\"article\" \/>\n<meta property=\"og:title\" content=\"Er\u00f6ffnung der Hengststtation Unna Massen &#8211; Hof-H\u00f6herhaus\" \/>\n<meta property=\"og:description\" content=\"Wie bereits angek\u00fcndigt, war am 03.02.2013 das Reitsportzentrum Unna Massen unser Reiseziel. Einerseits interessierte uns die Anlage, die mit \u00fcber 15 Hektar (das sind 150.000 Quadratmeter!) nicht nur gro\u00df, sondern auch noch recht jung ist. Aber ein weiterer Grund f\u00fcr den Besuch des Reitsportzentrums in Unna war die Er\u00f6ffnung seiner Hengststation und die damit verbundene Hengstschau. Schlie\u00dflich gilt es f\u00fcr uns auch in diesem Jahr wieder einen passenden Vererber f\u00fcr unsere Stuten zu finden. Insgesamt wurden 2.000 Eintrittskarten mit garantiertem Sitzplatz, eine Rundf\u00fchrung \u00fcber die Anlage und ein Fr\u00fchst\u00fccksbuffet angeboten. Entsprechend hoch war die Nachfrage. \u00dcber 6.000 Karten wurden angefragt und so entschuldigte sich Thomas Wiese, Besitzer des Reitsportzentrums Unna Massen, zu Beginn der Hengstschau f\u00fcr die entsprechend hohe Zahl der Absagen. Gut, dass wir uns recht fr\u00fch in diesem Jahr f\u00fcr diesen Termin entschieden hatten.\" \/>\n<meta property=\"og:url\" content=\"https:\/\/hof-hoeherhaus.de\/index.php\/eroeffnung-der-hengststtation-unna-massen-2013\/\" \/>\n<meta property=\"og:site_name\" content=\"Hof-H\u00f6herhaus\" \/>\n<meta property=\"article:published_time\" content=\"2013-02-07T19:32:29+00:00\" \/>\n<meta property=\"article:modified_time\" content=\"2017-03-23T19:32:03+00:00\" \/>\n<meta property=\"og:image\" content=\"https:\/\/hof-hoeherhaus.de\/wp-content\/uploads\/2013\/02\/hengststation-unna-massen-2013.jpg\" \/>\n\t<meta property=\"og:image:width\" content=\"300\" \/>\n\t<meta property=\"og:image:height\" content=\"200\" \/>\n\t<meta property=\"og:image:type\" content=\"image\/jpeg\" \/>\n<meta name=\"author\" content=\"Christian Feldmann\" \/>\n<meta name=\"twitter:card\" content=\"summary_large_image\" \/>\n<script type=\"application\/ld+json\" class=\"yoast-schema-graph\">{\"@context\":\"https:\\\/\\\/schema.org\",\"@graph\":[{\"@type\":\"Article\",\"@id\":\"https:\\\/\\\/hof-hoeherhaus.de\\\/index.php\\\/eroeffnung-der-hengststtation-unna-massen-2013\\\/#article\",\"isPartOf\":{\"@id\":\"https:\\\/\\\/hof-hoeherhaus.de\\\/index.php\\\/eroeffnung-der-hengststtation-unna-massen-2013\\\/\"},\"author\":{\"name\":\"Christian Feldmann\",\"@id\":\"https:\\\/\\\/hof-hoeherhaus.de\\\/#\\\/schema\\\/person\\\/aa335ddcf542d61b4966cdf7ac67785e\"},\"headline\":\"Er\u00f6ffnung der Hengststtation Unna Massen\",\"datePublished\":\"2013-02-07T19:32:29+00:00\",\"dateModified\":\"2017-03-23T19:32:03+00:00\",\"mainEntityOfPage\":{\"@id\":\"https:\\\/\\\/hof-hoeherhaus.de\\\/index.php\\\/eroeffnung-der-hengststtation-unna-massen-2013\\\/\"},\"wordCount\":230,\"publisher\":{\"@id\":\"https:\\\/\\\/hof-hoeherhaus.de\\\/#organization\"},\"image\":{\"@id\":\"https:\\\/\\\/hof-hoeherhaus.de\\\/index.php\\\/eroeffnung-der-hengststtation-unna-massen-2013\\\/#primaryimage\"},\"thumbnailUrl\":\"https:\\\/\\\/i0.wp.com\\\/hof-hoeherhaus.de\\\/wp-content\\\/uploads\\\/2013\\\/02\\\/hengststation-unna-massen-2013.jpg?fit=300%2C200&ssl=1\",\"keywords\":[\"Er\u00f6ffnung\",\"Hengst-Station\",\"Like-a-Diamond\",\"Reitsportzentrum\",\"Unna-Massen-2013\"],\"articleSection\":[\"RG-Hof-H\u00f6herhaus\"],\"inLanguage\":\"de\"},{\"@type\":\"WebPage\",\"@id\":\"https:\\\/\\\/hof-hoeherhaus.de\\\/index.php\\\/eroeffnung-der-hengststtation-unna-massen-2013\\\/\",\"url\":\"https:\\\/\\\/hof-hoeherhaus.de\\\/index.php\\\/eroeffnung-der-hengststtation-unna-massen-2013\\\/\",\"name\":\"Er\u00f6ffnung der Hengststtation Unna Massen &#8211; Hof-H\u00f6herhaus\",\"isPartOf\":{\"@id\":\"https:\\\/\\\/hof-hoeherhaus.de\\\/#website\"},\"primaryImageOfPage\":{\"@id\":\"https:\\\/\\\/hof-hoeherhaus.de\\\/index.php\\\/eroeffnung-der-hengststtation-unna-massen-2013\\\/#primaryimage\"},\"image\":{\"@id\":\"https:\\\/\\\/hof-hoeherhaus.de\\\/index.php\\\/eroeffnung-der-hengststtation-unna-massen-2013\\\/#primaryimage\"},\"thumbnailUrl\":\"https:\\\/\\\/i0.wp.com\\\/hof-hoeherhaus.de\\\/wp-content\\\/uploads\\\/2013\\\/02\\\/hengststation-unna-massen-2013.jpg?fit=300%2C200&ssl=1\",\"datePublished\":\"2013-02-07T19:32:29+00:00\",\"dateModified\":\"2017-03-23T19:32:03+00:00\",\"breadcrumb\":{\"@id\":\"https:\\\/\\\/hof-hoeherhaus.de\\\/index.php\\\/eroeffnung-der-hengststtation-unna-massen-2013\\\/#breadcrumb\"},\"inLanguage\":\"de\",\"potentialAction\":[{\"@type\":\"ReadAction\",\"target\":[\"https:\\\/\\\/hof-hoeherhaus.de\\\/index.php\\\/eroeffnung-der-hengststtation-unna-massen-2013\\\/\"]}]},{\"@type\":\"ImageObject\",\"inLanguage\":\"de\",\"@id\":\"https:\\\/\\\/hof-hoeherhaus.de\\\/index.php\\\/eroeffnung-der-hengststtation-unna-massen-2013\\\/#primaryimage\",\"url\":\"https:\\\/\\\/i0.wp.com\\\/hof-hoeherhaus.de\\\/wp-content\\\/uploads\\\/2013\\\/02\\\/hengststation-unna-massen-2013.jpg?fit=300%2C200&ssl=1\",\"contentUrl\":\"https:\\\/\\\/i0.wp.com\\\/hof-hoeherhaus.de\\\/wp-content\\\/uploads\\\/2013\\\/02\\\/hengststation-unna-massen-2013.jpg?fit=300%2C200&ssl=1\",\"width\":300,\"height\":200,\"caption\":\"hengststation-unna-massen-2013\"},{\"@type\":\"BreadcrumbList\",\"@id\":\"https:\\\/\\\/hof-hoeherhaus.de\\\/index.php\\\/eroeffnung-der-hengststtation-unna-massen-2013\\\/#breadcrumb\",\"itemListElement\":[{\"@type\":\"ListItem\",\"position\":1,\"name\":\"Startseite\",\"item\":\"https:\\\/\\\/hof-hoeherhaus.de\\\/\"},{\"@type\":\"ListItem\",\"position\":2,\"name\":\"Er\u00f6ffnung der Hengststtation Unna Massen\"}]},{\"@type\":\"WebSite\",\"@id\":\"https:\\\/\\\/hof-hoeherhaus.de\\\/#website\",\"url\":\"https:\\\/\\\/hof-hoeherhaus.de\\\/\",\"name\":\"Hof-H\u00f6herhaus\",\"description\":\"Hof-H\u00f6herhaus - Pferde im sch\u00f6nen Drolshagener und Olper Land.\",\"publisher\":{\"@id\":\"https:\\\/\\\/hof-hoeherhaus.de\\\/#organization\"},\"potentialAction\":[{\"@type\":\"SearchAction\",\"target\":{\"@type\":\"EntryPoint\",\"urlTemplate\":\"https:\\\/\\\/hof-hoeherhaus.de\\\/?s={search_term_string}\"},\"query-input\":{\"@type\":\"PropertyValueSpecification\",\"valueRequired\":true,\"valueName\":\"search_term_string\"}}],\"inLanguage\":\"de\"},{\"@type\":\"Organization\",\"@id\":\"https:\\\/\\\/hof-hoeherhaus.de\\\/#organization\",\"name\":\"Reitgemeinschaft Hof-Hoeherhaus e.V.\",\"url\":\"https:\\\/\\\/hof-hoeherhaus.de\\\/\",\"logo\":{\"@type\":\"ImageObject\",\"inLanguage\":\"de\",\"@id\":\"https:\\\/\\\/hof-hoeherhaus.de\\\/#\\\/schema\\\/logo\\\/image\\\/\",\"url\":\"https:\\\/\\\/i0.wp.com\\\/hof-hoeherhaus.de\\\/wp-content\\\/uploads\\\/2021\\\/11\\\/18.jpg?fit=1024%2C1024&ssl=1\",\"contentUrl\":\"https:\\\/\\\/i0.wp.com\\\/hof-hoeherhaus.de\\\/wp-content\\\/uploads\\\/2021\\\/11\\\/18.jpg?fit=1024%2C1024&ssl=1\",\"width\":1024,\"height\":1024,\"caption\":\"Reitgemeinschaft Hof-Hoeherhaus e.V.\"},\"image\":{\"@id\":\"https:\\\/\\\/hof-hoeherhaus.de\\\/#\\\/schema\\\/logo\\\/image\\\/\"}},{\"@type\":\"Person\",\"@id\":\"https:\\\/\\\/hof-hoeherhaus.de\\\/#\\\/schema\\\/person\\\/aa335ddcf542d61b4966cdf7ac67785e\",\"name\":\"Christian Feldmann\",\"image\":{\"@type\":\"ImageObject\",\"inLanguage\":\"de\",\"@id\":\"https:\\\/\\\/secure.gravatar.com\\\/avatar\\\/28fbfb8afb0625dad08835ca7f5087c90cf64ed1aa5a3e1754cb0bf81b1b9104?s=96&d=mm&r=g\",\"url\":\"https:\\\/\\\/secure.gravatar.com\\\/avatar\\\/28fbfb8afb0625dad08835ca7f5087c90cf64ed1aa5a3e1754cb0bf81b1b9104?s=96&d=mm&r=g\",\"contentUrl\":\"https:\\\/\\\/secure.gravatar.com\\\/avatar\\\/28fbfb8afb0625dad08835ca7f5087c90cf64ed1aa5a3e1754cb0bf81b1b9104?s=96&d=mm&r=g\",\"caption\":\"Christian Feldmann\"}}]}<\/script>\n<!-- \/ Yoast SEO plugin. -->","yoast_head_json":{"title":"Er\u00f6ffnung der Hengststtation Unna Massen &#8211; Hof-H\u00f6herhaus","robots":{"index":"index","follow":"follow","max-snippet":"max-snippet:-1","max-image-preview":"max-image-preview:large","max-video-preview":"max-video-preview:-1"},"canonical":"https:\/\/hof-hoeherhaus.de\/index.php\/eroeffnung-der-hengststtation-unna-massen-2013\/","og_locale":"de_DE","og_type":"article","og_title":"Er\u00f6ffnung der Hengststtation Unna Massen &#8211; Hof-H\u00f6herhaus","og_description":"Wie bereits angek\u00fcndigt, war am 03.02.2013 das Reitsportzentrum Unna Massen unser Reiseziel. Einerseits interessierte uns die Anlage, die mit \u00fcber 15 Hektar (das sind 150.000 Quadratmeter!) nicht nur gro\u00df, sondern auch noch recht jung ist. Aber ein weiterer Grund f\u00fcr den Besuch des Reitsportzentrums in Unna war die Er\u00f6ffnung seiner Hengststation und die damit verbundene Hengstschau. Schlie\u00dflich gilt es f\u00fcr uns auch in diesem Jahr wieder einen passenden Vererber f\u00fcr unsere Stuten zu finden. Insgesamt wurden 2.000 Eintrittskarten mit garantiertem Sitzplatz, eine Rundf\u00fchrung \u00fcber die Anlage und ein Fr\u00fchst\u00fccksbuffet angeboten. Entsprechend hoch war die Nachfrage. \u00dcber 6.000 Karten wurden angefragt und so entschuldigte sich Thomas Wiese, Besitzer des Reitsportzentrums Unna Massen, zu Beginn der Hengstschau f\u00fcr die entsprechend hohe Zahl der Absagen. Gut, dass wir uns recht fr\u00fch in diesem Jahr f\u00fcr diesen Termin entschieden hatten.","og_url":"https:\/\/hof-hoeherhaus.de\/index.php\/eroeffnung-der-hengststtation-unna-massen-2013\/","og_site_name":"Hof-H\u00f6herhaus","article_published_time":"2013-02-07T19:32:29+00:00","article_modified_time":"2017-03-23T19:32:03+00:00","og_image":[{"width":300,"height":200,"url":"https:\/\/hof-hoeherhaus.de\/wp-content\/uploads\/2013\/02\/hengststation-unna-massen-2013.jpg","type":"image\/jpeg"}],"author":"Christian Feldmann","twitter_card":"summary_large_image","schema":{"@context":"https:\/\/schema.org","@graph":[{"@type":"Article","@id":"https:\/\/hof-hoeherhaus.de\/index.php\/eroeffnung-der-hengststtation-unna-massen-2013\/#article","isPartOf":{"@id":"https:\/\/hof-hoeherhaus.de\/index.php\/eroeffnung-der-hengststtation-unna-massen-2013\/"},"author":{"name":"Christian Feldmann","@id":"https:\/\/hof-hoeherhaus.de\/#\/schema\/person\/aa335ddcf542d61b4966cdf7ac67785e"},"headline":"Er\u00f6ffnung der Hengststtation Unna Massen","datePublished":"2013-02-07T19:32:29+00:00","dateModified":"2017-03-23T19:32:03+00:00","mainEntityOfPage":{"@id":"https:\/\/hof-hoeherhaus.de\/index.php\/eroeffnung-der-hengststtation-unna-massen-2013\/"},"wordCount":230,"publisher":{"@id":"https:\/\/hof-hoeherhaus.de\/#organization"},"image":{"@id":"https:\/\/hof-hoeherhaus.de\/index.php\/eroeffnung-der-hengststtation-unna-massen-2013\/#primaryimage"},"thumbnailUrl":"https:\/\/i0.wp.com\/hof-hoeherhaus.de\/wp-content\/uploads\/2013\/02\/hengststation-unna-massen-2013.jpg?fit=300%2C200&ssl=1","keywords":["Er\u00f6ffnung","Hengst-Station","Like-a-Diamond","Reitsportzentrum","Unna-Massen-2013"],"articleSection":["RG-Hof-H\u00f6herhaus"],"inLanguage":"de"},{"@type":"WebPage","@id":"https:\/\/hof-hoeherhaus.de\/index.php\/eroeffnung-der-hengststtation-unna-massen-2013\/","url":"https:\/\/hof-hoeherhaus.de\/index.php\/eroeffnung-der-hengststtation-unna-massen-2013\/","name":"Er\u00f6ffnung der Hengststtation Unna Massen &#8211; Hof-H\u00f6herhaus","isPartOf":{"@id":"https:\/\/hof-hoeherhaus.de\/#website"},"primaryImageOfPage":{"@id":"https:\/\/hof-hoeherhaus.de\/index.php\/eroeffnung-der-hengststtation-unna-massen-2013\/#primaryimage"},"image":{"@id":"https:\/\/hof-hoeherhaus.de\/index.php\/eroeffnung-der-hengststtation-unna-massen-2013\/#primaryimage"},"thumbnailUrl":"https:\/\/i0.wp.com\/hof-hoeherhaus.de\/wp-content\/uploads\/2013\/02\/hengststation-unna-massen-2013.jpg?fit=300%2C200&ssl=1","datePublished":"2013-02-07T19:32:29+00:00","dateModified":"2017-03-23T19:32:03+00:00","breadcrumb":{"@id":"https:\/\/hof-hoeherhaus.de\/index.php\/eroeffnung-der-hengststtation-unna-massen-2013\/#breadcrumb"},"inLanguage":"de","potentialAction":[{"@type":"ReadAction","target":["https:\/\/hof-hoeherhaus.de\/index.php\/eroeffnung-der-hengststtation-unna-massen-2013\/"]}]},{"@type":"ImageObject","inLanguage":"de","@id":"https:\/\/hof-hoeherhaus.de\/index.php\/eroeffnung-der-hengststtation-unna-massen-2013\/#primaryimage","url":"https:\/\/i0.wp.com\/hof-hoeherhaus.de\/wp-content\/uploads\/2013\/02\/hengststation-unna-massen-2013.jpg?fit=300%2C200&ssl=1","contentUrl":"https:\/\/i0.wp.com\/hof-hoeherhaus.de\/wp-content\/uploads\/2013\/02\/hengststation-unna-massen-2013.jpg?fit=300%2C200&ssl=1","width":300,"height":200,"caption":"hengststation-unna-massen-2013"},{"@type":"BreadcrumbList","@id":"https:\/\/hof-hoeherhaus.de\/index.php\/eroeffnung-der-hengststtation-unna-massen-2013\/#breadcrumb","itemListElement":[{"@type":"ListItem","position":1,"name":"Startseite","item":"https:\/\/hof-hoeherhaus.de\/"},{"@type":"ListItem","position":2,"name":"Er\u00f6ffnung der Hengststtation Unna Massen"}]},{"@type":"WebSite","@id":"https:\/\/hof-hoeherhaus.de\/#website","url":"https:\/\/hof-hoeherhaus.de\/","name":"Hof-H\u00f6herhaus","description":"Hof-H\u00f6herhaus - Pferde im sch\u00f6nen Drolshagener und Olper Land.","publisher":{"@id":"https:\/\/hof-hoeherhaus.de\/#organization"},"potentialAction":[{"@type":"SearchAction","target":{"@type":"EntryPoint","urlTemplate":"https:\/\/hof-hoeherhaus.de\/?s={search_term_string}"},"query-input":{"@type":"PropertyValueSpecification","valueRequired":true,"valueName":"search_term_string"}}],"inLanguage":"de"},{"@type":"Organization","@id":"https:\/\/hof-hoeherhaus.de\/#organization","name":"Reitgemeinschaft Hof-Hoeherhaus e.V.","url":"https:\/\/hof-hoeherhaus.de\/","logo":{"@type":"ImageObject","inLanguage":"de","@id":"https:\/\/hof-hoeherhaus.de\/#\/schema\/logo\/image\/","url":"https:\/\/i0.wp.com\/hof-hoeherhaus.de\/wp-content\/uploads\/2021\/11\/18.jpg?fit=1024%2C1024&ssl=1","contentUrl":"https:\/\/i0.wp.com\/hof-hoeherhaus.de\/wp-content\/uploads\/2021\/11\/18.jpg?fit=1024%2C1024&ssl=1","width":1024,"height":1024,"caption":"Reitgemeinschaft Hof-Hoeherhaus e.V."},"image":{"@id":"https:\/\/hof-hoeherhaus.de\/#\/schema\/logo\/image\/"}},{"@type":"Person","@id":"https:\/\/hof-hoeherhaus.de\/#\/schema\/person\/aa335ddcf542d61b4966cdf7ac67785e","name":"Christian Feldmann","image":{"@type":"ImageObject","inLanguage":"de","@id":"https:\/\/secure.gravatar.com\/avatar\/28fbfb8afb0625dad08835ca7f5087c90cf64ed1aa5a3e1754cb0bf81b1b9104?s=96&d=mm&r=g","url":"https:\/\/secure.gravatar.com\/avatar\/28fbfb8afb0625dad08835ca7f5087c90cf64ed1aa5a3e1754cb0bf81b1b9104?s=96&d=mm&r=g","contentUrl":"https:\/\/secure.gravatar.com\/avatar\/28fbfb8afb0625dad08835ca7f5087c90cf64ed1aa5a3e1754cb0bf81b1b9104?s=96&d=mm&r=g","caption":"Christian Feldmann"}}]}},"jetpack_featured_media_url":"https:\/\/i0.wp.com\/hof-hoeherhaus.de\/wp-content\/uploads\/2013\/02\/hengststation-unna-massen-2013.jpg?fit=300%2C200&ssl=1","jetpack-related-posts":[{"id":535,"url":"https:\/\/hof-hoeherhaus.de\/index.php\/hengstschau-muenster-2013\/","url_meta":{"origin":539,"position":0},"title":"Hengstschau 2013 in M\u00fcnster","author":"Christian Feldmann","date":"27. Januar 2013","format":false,"excerpt":"Z\u00fcchten heisst auch \"sich informieren\" Und genau aus diesem Grunde ging die Reise am Mittwoch, dem 23.01.2012 zur Hengstschau nach M\u00fcnster. Der K&K-Cup in der M\u00fcnsterlandhalle, Deutschlands \u00e4ltestem Hallenturnier,\u00a0 war der perfekte Rahmen f\u00fcr die Veranstaltung und das z\u00fcchterische Highlight. Insgesamt wurden fast 40 Hengste der 14 rennomiertesten Hengststationen Deutschlands,\u2026","rel":"","context":"In &quot;RG-Hof-H\u00f6herhaus&quot;","block_context":{"text":"RG-Hof-H\u00f6herhaus","link":"https:\/\/hof-hoeherhaus.de\/index.php\/category\/aktuelles-zur-reitgemeinschaft-hof-hoeherhaus\/"},"img":{"alt_text":"","src":"https:\/\/i0.wp.com\/hof-hoeherhaus.de\/wp-content\/uploads\/2013\/01\/Cordynox.jpg?resize=350%2C200","width":350,"height":200},"classes":[]},{"id":565,"url":"https:\/\/hof-hoeherhaus.de\/index.php\/2013-der-jahresrueckblick\/","url_meta":{"origin":539,"position":1},"title":"2013-der Jahresr\u00fcckblick","author":"Christian Feldmann","date":"12. Januar 2014","format":false,"excerpt":"Es ist soweit: Ein neues Jahr hat begonnen. Ein perfekter Zeitpunkt, einmal einen Blick in den R\u00fcckspiegel zu werfen und das alte Jahr einmal zu reflektieren. 2013, ein Jahr, auf das man gern zur\u00fcckblickt. Ein Jahr, das bei der Reitgemeinschaft Hof-H\u00f6herhaus in positiver Erinnerung bleibt. Erfolge im Turniersport, neue Vereinszug\u00e4nge,\u2026","rel":"","context":"In &quot;RG-Hof-H\u00f6herhaus&quot;","block_context":{"text":"RG-Hof-H\u00f6herhaus","link":"https:\/\/hof-hoeherhaus.de\/index.php\/category\/aktuelles-zur-reitgemeinschaft-hof-hoeherhaus\/"},"img":{"alt_text":"","src":"https:\/\/i0.wp.com\/hof-hoeherhaus.de\/wp-content\/uploads\/2014\/01\/dressur-ausbildung-5-von-25.jpg?resize=350%2C200","width":350,"height":200,"srcset":"https:\/\/i0.wp.com\/hof-hoeherhaus.de\/wp-content\/uploads\/2014\/01\/dressur-ausbildung-5-von-25.jpg?resize=350%2C200 1x, https:\/\/i0.wp.com\/hof-hoeherhaus.de\/wp-content\/uploads\/2014\/01\/dressur-ausbildung-5-von-25.jpg?resize=525%2C300 1.5x, https:\/\/i0.wp.com\/hof-hoeherhaus.de\/wp-content\/uploads\/2014\/01\/dressur-ausbildung-5-von-25.jpg?resize=700%2C400 2x, https:\/\/i0.wp.com\/hof-hoeherhaus.de\/wp-content\/uploads\/2014\/01\/dressur-ausbildung-5-von-25.jpg?resize=1050%2C600 3x"},"classes":[]},{"id":537,"url":"https:\/\/hof-hoeherhaus.de\/index.php\/hengstschau-2013-holkenbrink\/","url_meta":{"origin":539,"position":2},"title":"Hengstschau 2013 Holkenbrink","author":"Christian Feldmann","date":"5. Februar 2013","format":false,"excerpt":"Ein weiteres Etappenziel wenn man sich f\u00fcr Hengste interessiert, sollte die Hengststation Holkenbrink im m\u00fcnsterl\u00e4ndischen Albachten sein. Die Familie Holkenbrink widmet sich immerhin schon in der zweiten Generation den Pferden und das mit beachtlichem Erfolg. Welche hohe Qualit\u00e4t die Auswahl der Holkenbrink-Hengste in diesem Jahr wieder haben, konnten wir bereits\u2026","rel":"","context":"In &quot;RG-Hof-H\u00f6herhaus&quot;","block_context":{"text":"RG-Hof-H\u00f6herhaus","link":"https:\/\/hof-hoeherhaus.de\/index.php\/category\/aktuelles-zur-reitgemeinschaft-hof-hoeherhaus\/"},"img":{"alt_text":"","src":"https:\/\/i0.wp.com\/hof-hoeherhaus.de\/wp-content\/uploads\/2013\/02\/Holkenbrink-2013.jpg?resize=350%2C200","width":350,"height":200,"srcset":"https:\/\/i0.wp.com\/hof-hoeherhaus.de\/wp-content\/uploads\/2013\/02\/Holkenbrink-2013.jpg?resize=350%2C200 1x, https:\/\/i0.wp.com\/hof-hoeherhaus.de\/wp-content\/uploads\/2013\/02\/Holkenbrink-2013.jpg?resize=525%2C300 1.5x, https:\/\/i0.wp.com\/hof-hoeherhaus.de\/wp-content\/uploads\/2013\/02\/Holkenbrink-2013.jpg?resize=700%2C400 2x"},"classes":[]},{"id":570,"url":"https:\/\/hof-hoeherhaus.de\/index.php\/neue-erfahrungen-fur-die-junge-generation\/","url_meta":{"origin":539,"position":3},"title":"Neue Erfahrungen f\u00fcr die junge Generation","author":"Christian Feldmann","date":"29. M\u00e4rz 2014","format":false,"excerpt":"\u00a0 Am Mittwoch, den 19. M\u00e4rz 2014, \u00f6ffnete die Familie Feldmann ihre Hoftore f\u00fcr die Studierenden des zweiten Fachschuljahres der Fachschule f\u00fcr Agrarwirtschaft in Meschede. Die Gruppe, bestehend aus 20 jungen, angehenden Agrarbetriebswirten\/-innen, besichtigte mit ihren beiden Lehrern f\u00fcr Pflanzenbau (Hans-Friedrich Br\u00e4utigam) und Tierhaltung (Christine Friedrich) an diesem Tag mehrere\u2026","rel":"","context":"In &quot;RG-Hof-H\u00f6herhaus&quot;","block_context":{"text":"RG-Hof-H\u00f6herhaus","link":"https:\/\/hof-hoeherhaus.de\/index.php\/category\/aktuelles-zur-reitgemeinschaft-hof-hoeherhaus\/"},"img":{"alt_text":"","src":"https:\/\/i0.wp.com\/hof-hoeherhaus.de\/wp-content\/uploads\/2014\/03\/Schultag-klein-01.jpg?resize=350%2C200","width":350,"height":200,"srcset":"https:\/\/i0.wp.com\/hof-hoeherhaus.de\/wp-content\/uploads\/2014\/03\/Schultag-klein-01.jpg?resize=350%2C200 1x, https:\/\/i0.wp.com\/hof-hoeherhaus.de\/wp-content\/uploads\/2014\/03\/Schultag-klein-01.jpg?resize=525%2C300 1.5x, https:\/\/i0.wp.com\/hof-hoeherhaus.de\/wp-content\/uploads\/2014\/03\/Schultag-klein-01.jpg?resize=700%2C400 2x, https:\/\/i0.wp.com\/hof-hoeherhaus.de\/wp-content\/uploads\/2014\/03\/Schultag-klein-01.jpg?resize=1050%2C600 3x"},"classes":[]},{"id":507,"url":"https:\/\/hof-hoeherhaus.de\/index.php\/rg-hh-auch-im-muensterland-vertreten\/","url_meta":{"origin":539,"position":4},"title":"RG-HH auch im M\u00fcnsterland vertreten","author":"Christian Feldmann","date":"22. August 2012","format":false,"excerpt":"Am 18. August hie\u00df es f\u00fcr Marion und ihren Friesenhengst Kornelius vom Lindenbaum: Koffer packen! Denn\u00a0sie hatten sich f\u00fcr das internationale Friesenfest zum 20j\u00e4hrigen Bestehen des DFZ (Deutsche Friesenpferdez\u00fcchter) angemeldet. Nachdem der Hengst noch einmal auf Hochglanz geputzt und die fast 1m lange M\u00e4hne eingeflochten wurde, ging es auf nach\u2026","rel":"","context":"In &quot;RG-Hof-H\u00f6herhaus&quot;","block_context":{"text":"RG-Hof-H\u00f6herhaus","link":"https:\/\/hof-hoeherhaus.de\/index.php\/category\/aktuelles-zur-reitgemeinschaft-hof-hoeherhaus\/"},"img":{"alt_text":"","src":"https:\/\/i0.wp.com\/hof-hoeherhaus.de\/wp-content\/uploads\/2012\/08\/friese-olpe-drolshagen-essinghausen-img_8462ms.jpg?resize=350%2C200","width":350,"height":200,"srcset":"https:\/\/i0.wp.com\/hof-hoeherhaus.de\/wp-content\/uploads\/2012\/08\/friese-olpe-drolshagen-essinghausen-img_8462ms.jpg?resize=350%2C200 1x, https:\/\/i0.wp.com\/hof-hoeherhaus.de\/wp-content\/uploads\/2012\/08\/friese-olpe-drolshagen-essinghausen-img_8462ms.jpg?resize=525%2C300 1.5x, https:\/\/i0.wp.com\/hof-hoeherhaus.de\/wp-content\/uploads\/2012\/08\/friese-olpe-drolshagen-essinghausen-img_8462ms.jpg?resize=700%2C400 2x"},"classes":[]},{"id":519,"url":"https:\/\/hof-hoeherhaus.de\/index.php\/erster-auftritt-mit-der-friesenquadrille-westfalen\/","url_meta":{"origin":539,"position":5},"title":"Erster Auftritt mit der Friesenquadrille Westfalen","author":"Christian Feldmann","date":"3. November 2012","format":false,"excerpt":"\u00a0 Nach einem Jahr kontinuierlichen Trainings durfte der Friesenhengst Kornelius vom Lindenbaum das erste Mal mit der Friesenquadrille Westfalen auftreten. Im Zuge des 100j\u00e4hrigen Bestehens der Trabrennbahn Gelsenkirchen wurde nach vielen Jahren erstmals wieder eine \"Nacht des Pferdes\" veranstaltet. Hier war die Friesenquadrille, die sich in einer 6er-Formation mit vier\u2026","rel":"","context":"In &quot;RG-Hof-H\u00f6herhaus&quot;","block_context":{"text":"RG-Hof-H\u00f6herhaus","link":"https:\/\/hof-hoeherhaus.de\/index.php\/category\/aktuelles-zur-reitgemeinschaft-hof-hoeherhaus\/"},"img":{"alt_text":"","src":"https:\/\/i0.wp.com\/hof-hoeherhaus.de\/wp-content\/uploads\/2012\/11\/friese-westfalen-quadrille-olpe-drolshagen-dsc8407.jpg?resize=350%2C200","width":350,"height":200,"srcset":"https:\/\/i0.wp.com\/hof-hoeherhaus.de\/wp-content\/uploads\/2012\/11\/friese-westfalen-quadrille-olpe-drolshagen-dsc8407.jpg?resize=350%2C200 1x, https:\/\/i0.wp.com\/hof-hoeherhaus.de\/wp-content\/uploads\/2012\/11\/friese-westfalen-quadrille-olpe-drolshagen-dsc8407.jpg?resize=525%2C300 1.5x, https:\/\/i0.wp.com\/hof-hoeherhaus.de\/wp-content\/uploads\/2012\/11\/friese-westfalen-quadrille-olpe-drolshagen-dsc8407.jpg?resize=700%2C400 2x"},"classes":[]}],"jetpack_sharing_enabled":true,"_links":{"self":[{"href":"https:\/\/hof-hoeherhaus.de\/index.php\/wp-json\/wp\/v2\/posts\/539","targetHints":{"allow":["GET"]}}],"collection":[{"href":"https:\/\/hof-hoeherhaus.de\/index.php\/wp-json\/wp\/v2\/posts"}],"about":[{"href":"https:\/\/hof-hoeherhaus.de\/index.php\/wp-json\/wp\/v2\/types\/post"}],"author":[{"embeddable":true,"href":"https:\/\/hof-hoeherhaus.de\/index.php\/wp-json\/wp\/v2\/users\/2"}],"replies":[{"embeddable":true,"href":"https:\/\/hof-hoeherhaus.de\/index.php\/wp-json\/wp\/v2\/comments?post=539"}],"version-history":[{"count":2,"href":"https:\/\/hof-hoeherhaus.de\/index.php\/wp-json\/wp\/v2\/posts\/539\/revisions"}],"predecessor-version":[{"id":1823,"href":"https:\/\/hof-hoeherhaus.de\/index.php\/wp-json\/wp\/v2\/posts\/539\/revisions\/1823"}],"wp:featuredmedia":[{"embeddable":true,"href":"https:\/\/hof-hoeherhaus.de\/index.php\/wp-json\/wp\/v2\/media\/538"}],"wp:attachment":[{"href":"https:\/\/hof-hoeherhaus.de\/index.php\/wp-json\/wp\/v2\/media?parent=539"}],"wp:term":[{"taxonomy":"category","embeddable":true,"href":"https:\/\/hof-hoeherhaus.de\/index.php\/wp-json\/wp\/v2\/categories?post=539"},{"taxonomy":"post_tag","embeddable":true,"href":"https:\/\/hof-hoeherhaus.de\/index.php\/wp-json\/wp\/v2\/tags?post=539"}],"curies":[{"name":"wp","href":"https:\/\/api.w.org\/{rel}","templated":true}]}}