{"id":557,"date":"2013-09-02T12:10:29","date_gmt":"2013-09-02T12:10:29","guid":{"rendered":"http:\/\/wp.rg-hh.de\/index.php\/2013\/09\/02\/heike-mantel-ist-verbandsmeister-2013\/"},"modified":"2021-11-25T01:58:38","modified_gmt":"2021-11-25T00:58:38","slug":"heike-mantel-ist-verbandsmeister-2013","status":"publish","type":"post","link":"https:\/\/hof-hoeherhaus.de\/index.php\/heike-mantel-ist-verbandsmeister-2013\/","title":{"rendered":"Heike Mantel ist Verbandsmeister 2013"},"content":{"rendered":"<p style=\"text-align: justify;\"><br style=\"clear: none;\">Am Wochenende des 31.08. &#8211; 01.09.2013 wurden die Verbandsmeisterschaften des Verbandes Siegen-Olpe-Wittgenstein f\u00fcr das Jahr 2013 in der L-Tour Dressur im Rahmen des Lummer &amp; Rudel-Cup&nbsp;auf der Anlage des Reitvereins Giebelwald e.V. in Freudenberg-Niederndorf&nbsp;ausgetragen.<\/p>\n<p style=\"text-align: justify;\">Als amtierende Vizemeisterin in der L-Tour Dressur 2012 ist dieses Event selbstverst\u00e4ndlich ein Pflichttermin&nbsp;im Reitkalender f\u00fcr Heike Mantel und Fairytopia 3 von der Reitgemeinschaft Hof-H\u00f6herhaus. Fairytopia, die sechsj\u00e4hrige, westf\u00e4lische Flovino-Stute, ist ja mittlerweile kein \u00dcberraschungsgast&nbsp;mehr auf den Siegertreppchen der L-Dressur, dennoch ist die Verbandsmeisterschaft eine Pr\u00fcfung der besonderen Art.<\/p>\n<p style=\"text-align: justify;\">Schlie\u00dflich ist schon allein der Pr\u00fcfungsmodus ein anderer als bei &#8222;normalen&#8220; Turnieren. So m\u00fcssen&nbsp;f\u00fcr den Meistertitel am ersten Tag zwei Dressurpr\u00fcfungen auf Trense bew\u00e4ltigt werden und dann am&nbsp;zweiten Tag eine weitere Pr\u00fcfung der Klasse L auf Kandare. Die Punkte der Pr\u00fcfungen werden auch nicht&nbsp;einfach addiert, sondern etwas an den Schwierigkeitsgrad angelehnt. W\u00e4hren die erste Pr\u00fcfung einfach&nbsp;gewertet wird, wird die zweite Aufgabe mit 1,5 und die Finalpr\u00fcfung sogar mit 2 multipliziert. Eine&nbsp;Z\u00e4hlweise, die Spannung bis zum letzten Moment garantiert.<\/p>\n<p style=\"text-align: justify;\">Und genau so spannend wurde es dann auch. Nachdem Heike und Fairy die erste Pr\u00fcfung souver\u00e4n mit einer&nbsp;Wertnote von 7,8 gewann, unterliefen den Beiden in der zweiten Aufgabe einige kleine Fehler, die den Vorsprung bei der starken Konkurrenz dahinschmelzen lie\u00dfen. Nach dem ersten Tag lag unser Team von der RG-HH dann mit einem Punkt R\u00fcckstand auf Platz zwei hinter Karoline Hartmann vom ZRFV Hollekusse.<\/p>\n<p style=\"text-align: justify;\">Am&nbsp;zweiten Tag startete Karoline Hartmann vor Heike Mantel und legte mit einem tollen Ritt und einer Finalwertnote von 701 Punkten, entspricht 46 Punkte im Bezirksturniermodus, mehr als nur ordentlich vor. Jetzt wurde es zur reinen Nervensache! Und eben diese Nerven bewiesen Heike und Fairy. Wie in der ersten Pr\u00fcfung absolvierten sie ihre Aufgabe sehr sicher und legten mit einer Finalwertnote von 702 Punkten nach, was weitere 50 Punkte f\u00fcr das Gesamtergebnis im Bezierksmodus bedeutete. In Summe, mit den Ergebnissen des ersten Tages, ein knapper, aber am Ende verdienter Sieg mit 3 Punkten Vorsprung. &#8222;Der Pott ist in Essinghausen&#8220; waren die ersten Worte von Heike Mantel, die sich riesig freute!<\/p>\n<p style=\"text-align: justify;\">Am gleichen Abend knallten auf Hof H\u00f6herhaus die Sektkorken, den so etwas wird nat\u00fcrlich standesgem\u00e4\u00df gefeiert. Die offizielle&nbsp;Feier f\u00fcr diese Meisterschaft ist aber der Reiterball 2014 in Siegen. Auch hier wird&nbsp;eine Delegation aus Essinghausen erscheinen und den absolut tollen Erfolg noch einmal geb\u00fchrend feiern. Herzlichen Gl\u00fcckwunsch von uns allen auch auf diesem Wege!<\/p>\n<div class=\"tiled-gallery type-rectangular tiled-gallery-unresized\" data-original-width=\"900\" data-carousel-extra='{&quot;blog_id&quot;:1,&quot;permalink&quot;:&quot;https:\\\/\\\/hof-hoeherhaus.de\\\/index.php\\\/heike-mantel-ist-verbandsmeister-2013\\\/&quot;,&quot;likes_blog_id&quot;:75030670}' itemscope itemtype=\"http:\/\/schema.org\/ImageGallery\" > <div class=\"gallery-row\" style=\"width: 900px; height: 451px;\" data-original-width=\"900\" data-original-height=\"451\" > <div class=\"gallery-group images-1\" style=\"width: 600px; height: 451px;\" data-original-width=\"600\" data-original-height=\"451\" > <div class=\"tiled-gallery-item tiled-gallery-item-large\" itemprop=\"associatedMedia\" itemscope itemtype=\"http:\/\/schema.org\/ImageObject\"> <a href=\"https:\/\/hof-hoeherhaus.de\/index.php\/heike-mantel-ist-verbandsmeister-2013\/verbandsmeister-2013-heike-mantel-hof-hoeherhaus\/\" border=\"0\" itemprop=\"url\"> <meta itemprop=\"width\" content=\"596\"> <meta itemprop=\"height\" content=\"447\"> <img decoding=\"async\" class=\"\" data-attachment-id=\"1638\" data-orig-file=\"https:\/\/hof-hoeherhaus.de\/wp-content\/uploads\/2013\/09\/verbandsmeister-2013-freudenberg-01-von-11.jpg\" data-orig-size=\"1280,960\" data-comments-opened=\"\" data-image-meta=\"{&quot;aperture&quot;:&quot;0&quot;,&quot;credit&quot;:&quot;&quot;,&quot;camera&quot;:&quot;&quot;,&quot;caption&quot;:&quot;Verbandsmeister-2013-Heike-Mantel-Hof-H\\u00f6herhaus&quot;,&quot;created_timestamp&quot;:&quot;0&quot;,&quot;copyright&quot;:&quot;&quot;,&quot;focal_length&quot;:&quot;0&quot;,&quot;iso&quot;:&quot;0&quot;,&quot;shutter_speed&quot;:&quot;0&quot;,&quot;title&quot;:&quot;Verbandsmeister-2013-Heike-Mantel-Hof-H\\u00f6herhaus&quot;,&quot;orientation&quot;:&quot;0&quot;}\" data-image-title=\"Verbandsmeister-2013-Heike-Mantel-Hof-H\u00f6herhaus\" data-image-description=\"\" data-medium-file=\"https:\/\/i0.wp.com\/hof-hoeherhaus.de\/wp-content\/uploads\/2013\/09\/verbandsmeister-2013-freudenberg-01-von-11.jpg?fit=300%2C225&#038;ssl=1\" data-large-file=\"https:\/\/i0.wp.com\/hof-hoeherhaus.de\/wp-content\/uploads\/2013\/09\/verbandsmeister-2013-freudenberg-01-von-11.jpg?fit=900%2C675&#038;ssl=1\" src=\"https:\/\/i0.wp.com\/hof-hoeherhaus.de\/wp-content\/uploads\/2013\/09\/verbandsmeister-2013-freudenberg-01-von-11.jpg?w=596&#038;h=447&#038;ssl=1\" srcset=\"https:\/\/i0.wp.com\/hof-hoeherhaus.de\/wp-content\/uploads\/2013\/09\/verbandsmeister-2013-freudenberg-01-von-11.jpg?w=1280&amp;ssl=1 1280w, https:\/\/i0.wp.com\/hof-hoeherhaus.de\/wp-content\/uploads\/2013\/09\/verbandsmeister-2013-freudenberg-01-von-11.jpg?resize=300%2C225&amp;ssl=1 300w, https:\/\/i0.wp.com\/hof-hoeherhaus.de\/wp-content\/uploads\/2013\/09\/verbandsmeister-2013-freudenberg-01-von-11.jpg?resize=768%2C576&amp;ssl=1 768w, https:\/\/i0.wp.com\/hof-hoeherhaus.de\/wp-content\/uploads\/2013\/09\/verbandsmeister-2013-freudenberg-01-von-11.jpg?resize=1024%2C768&amp;ssl=1 1024w\" width=\"596\" height=\"447\" loading=\"lazy\" data-original-width=\"596\" data-original-height=\"447\" itemprop=\"http:\/\/schema.org\/image\" title=\"Verbandsmeister-2013-Heike-Mantel-Hof-H\u00f6herhaus\" alt=\"Verbandsmeister-2013-Heike-Mantel-Hof-H\u00f6herhaus\" style=\"width: 596px; height: 447px;\" \/> <\/a> <div class=\"tiled-gallery-caption\" itemprop=\"caption description\"> Verbandsmeister-2013-Heike-Mantel-Hof-H\u00f6herhaus <\/div> <\/div> <\/div> <!-- close group --> <div class=\"gallery-group images-2\" style=\"width: 300px; height: 451px;\" data-original-width=\"300\" data-original-height=\"451\" > <div class=\"tiled-gallery-item tiled-gallery-item-large\" itemprop=\"associatedMedia\" itemscope itemtype=\"http:\/\/schema.org\/ImageObject\"> <a href=\"https:\/\/hof-hoeherhaus.de\/index.php\/heike-mantel-ist-verbandsmeister-2013\/verbandsmeister-2013-heike-mantel-hof-hoeherhaus-2\/\" border=\"0\" itemprop=\"url\"> <meta itemprop=\"width\" content=\"296\"> <meta itemprop=\"height\" content=\"222\"> <img decoding=\"async\" class=\"\" data-attachment-id=\"1639\" data-orig-file=\"https:\/\/hof-hoeherhaus.de\/wp-content\/uploads\/2013\/09\/verbandsmeister-2013-freudenberg-02-von-11.jpg\" data-orig-size=\"1280,960\" data-comments-opened=\"\" data-image-meta=\"{&quot;aperture&quot;:&quot;0&quot;,&quot;credit&quot;:&quot;&quot;,&quot;camera&quot;:&quot;&quot;,&quot;caption&quot;:&quot;Verbandsmeister-2013-Heike-Mantel-Hof-H\\u00f6herhaus&quot;,&quot;created_timestamp&quot;:&quot;0&quot;,&quot;copyright&quot;:&quot;&quot;,&quot;focal_length&quot;:&quot;0&quot;,&quot;iso&quot;:&quot;0&quot;,&quot;shutter_speed&quot;:&quot;0&quot;,&quot;title&quot;:&quot;Verbandsmeister-2013-Heike-Mantel-Hof-H\\u00f6herhaus&quot;,&quot;orientation&quot;:&quot;0&quot;}\" data-image-title=\"Verbandsmeister-2013-Heike-Mantel-Hof-H\u00f6herhaus\" data-image-description=\"\" data-medium-file=\"https:\/\/i0.wp.com\/hof-hoeherhaus.de\/wp-content\/uploads\/2013\/09\/verbandsmeister-2013-freudenberg-02-von-11.jpg?fit=300%2C225&#038;ssl=1\" data-large-file=\"https:\/\/i0.wp.com\/hof-hoeherhaus.de\/wp-content\/uploads\/2013\/09\/verbandsmeister-2013-freudenberg-02-von-11.jpg?fit=900%2C675&#038;ssl=1\" src=\"https:\/\/i0.wp.com\/hof-hoeherhaus.de\/wp-content\/uploads\/2013\/09\/verbandsmeister-2013-freudenberg-02-von-11.jpg?w=296&#038;h=222&#038;ssl=1\" srcset=\"https:\/\/i0.wp.com\/hof-hoeherhaus.de\/wp-content\/uploads\/2013\/09\/verbandsmeister-2013-freudenberg-02-von-11.jpg?w=1280&amp;ssl=1 1280w, https:\/\/i0.wp.com\/hof-hoeherhaus.de\/wp-content\/uploads\/2013\/09\/verbandsmeister-2013-freudenberg-02-von-11.jpg?resize=300%2C225&amp;ssl=1 300w, https:\/\/i0.wp.com\/hof-hoeherhaus.de\/wp-content\/uploads\/2013\/09\/verbandsmeister-2013-freudenberg-02-von-11.jpg?resize=768%2C576&amp;ssl=1 768w, https:\/\/i0.wp.com\/hof-hoeherhaus.de\/wp-content\/uploads\/2013\/09\/verbandsmeister-2013-freudenberg-02-von-11.jpg?resize=1024%2C768&amp;ssl=1 1024w\" width=\"296\" height=\"222\" loading=\"lazy\" data-original-width=\"296\" data-original-height=\"222\" itemprop=\"http:\/\/schema.org\/image\" title=\"Verbandsmeister-2013-Heike-Mantel-Hof-H\u00f6herhaus\" alt=\"Verbandsmeister-2013-Heike-Mantel-Hof-H\u00f6herhaus\" style=\"width: 296px; height: 222px;\" \/> <\/a> <div class=\"tiled-gallery-caption\" itemprop=\"caption description\"> Verbandsmeister-2013-Heike-Mantel-Hof-H\u00f6herhaus <\/div> <\/div> <div class=\"tiled-gallery-item tiled-gallery-item-large\" itemprop=\"associatedMedia\" itemscope itemtype=\"http:\/\/schema.org\/ImageObject\"> <a href=\"https:\/\/hof-hoeherhaus.de\/index.php\/heike-mantel-ist-verbandsmeister-2013\/verbandsmeister-2013-heike-mantel-hof-hoeherhaus-3\/\" border=\"0\" itemprop=\"url\"> <meta itemprop=\"width\" content=\"296\"> <meta itemprop=\"height\" content=\"221\"> <img decoding=\"async\" class=\"\" data-attachment-id=\"1640\" data-orig-file=\"https:\/\/hof-hoeherhaus.de\/wp-content\/uploads\/2013\/09\/verbandsmeister-2013-freudenberg-03-von-11.jpg\" data-orig-size=\"1280,960\" data-comments-opened=\"\" data-image-meta=\"{&quot;aperture&quot;:&quot;0&quot;,&quot;credit&quot;:&quot;&quot;,&quot;camera&quot;:&quot;&quot;,&quot;caption&quot;:&quot;Verbandsmeister-2013-Heike-Mantel-Hof-H\\u00f6herhaus&quot;,&quot;created_timestamp&quot;:&quot;0&quot;,&quot;copyright&quot;:&quot;&quot;,&quot;focal_length&quot;:&quot;0&quot;,&quot;iso&quot;:&quot;0&quot;,&quot;shutter_speed&quot;:&quot;0&quot;,&quot;title&quot;:&quot;Verbandsmeister-2013-Heike-Mantel-Hof-H\\u00f6herhaus&quot;,&quot;orientation&quot;:&quot;0&quot;}\" data-image-title=\"Verbandsmeister-2013-Heike-Mantel-Hof-H\u00f6herhaus\" data-image-description=\"\" data-medium-file=\"https:\/\/i0.wp.com\/hof-hoeherhaus.de\/wp-content\/uploads\/2013\/09\/verbandsmeister-2013-freudenberg-03-von-11.jpg?fit=300%2C225&#038;ssl=1\" data-large-file=\"https:\/\/i0.wp.com\/hof-hoeherhaus.de\/wp-content\/uploads\/2013\/09\/verbandsmeister-2013-freudenberg-03-von-11.jpg?fit=900%2C675&#038;ssl=1\" src=\"https:\/\/i0.wp.com\/hof-hoeherhaus.de\/wp-content\/uploads\/2013\/09\/verbandsmeister-2013-freudenberg-03-von-11.jpg?w=296&#038;h=221&#038;ssl=1\" srcset=\"https:\/\/i0.wp.com\/hof-hoeherhaus.de\/wp-content\/uploads\/2013\/09\/verbandsmeister-2013-freudenberg-03-von-11.jpg?w=1280&amp;ssl=1 1280w, https:\/\/i0.wp.com\/hof-hoeherhaus.de\/wp-content\/uploads\/2013\/09\/verbandsmeister-2013-freudenberg-03-von-11.jpg?resize=300%2C225&amp;ssl=1 300w, https:\/\/i0.wp.com\/hof-hoeherhaus.de\/wp-content\/uploads\/2013\/09\/verbandsmeister-2013-freudenberg-03-von-11.jpg?resize=768%2C576&amp;ssl=1 768w, https:\/\/i0.wp.com\/hof-hoeherhaus.de\/wp-content\/uploads\/2013\/09\/verbandsmeister-2013-freudenberg-03-von-11.jpg?resize=1024%2C768&amp;ssl=1 1024w\" width=\"296\" height=\"221\" loading=\"lazy\" data-original-width=\"296\" data-original-height=\"221\" itemprop=\"http:\/\/schema.org\/image\" title=\"Verbandsmeister-2013-Heike-Mantel-Hof-H\u00f6herhaus\" alt=\"Verbandsmeister-2013-Heike-Mantel-Hof-H\u00f6herhaus\" style=\"width: 296px; height: 221px;\" \/> <\/a> <div class=\"tiled-gallery-caption\" itemprop=\"caption description\"> Verbandsmeister-2013-Heike-Mantel-Hof-H\u00f6herhaus <\/div> <\/div> <\/div> <!-- close group --> <\/div> <!-- close row --> <div class=\"gallery-row\" style=\"width: 900px; height: 226px;\" data-original-width=\"900\" data-original-height=\"226\" > <div class=\"gallery-group images-1\" style=\"width: 300px; height: 226px;\" data-original-width=\"300\" data-original-height=\"226\" > <div class=\"tiled-gallery-item tiled-gallery-item-large\" itemprop=\"associatedMedia\" itemscope itemtype=\"http:\/\/schema.org\/ImageObject\"> <a href=\"https:\/\/hof-hoeherhaus.de\/index.php\/heike-mantel-ist-verbandsmeister-2013\/verbandsmeister-2013-heike-mantel-hof-hoeherhaus-4\/\" border=\"0\" itemprop=\"url\"> <meta itemprop=\"width\" content=\"296\"> <meta itemprop=\"height\" content=\"222\"> <img decoding=\"async\" class=\"\" data-attachment-id=\"1641\" data-orig-file=\"https:\/\/hof-hoeherhaus.de\/wp-content\/uploads\/2013\/09\/verbandsmeister-2013-freudenberg-04-von-11.jpg\" data-orig-size=\"1280,960\" data-comments-opened=\"\" data-image-meta=\"{&quot;aperture&quot;:&quot;0&quot;,&quot;credit&quot;:&quot;&quot;,&quot;camera&quot;:&quot;&quot;,&quot;caption&quot;:&quot;Verbandsmeister-2013-Heike-Mantel-Hof-H\\u00f6herhaus&quot;,&quot;created_timestamp&quot;:&quot;0&quot;,&quot;copyright&quot;:&quot;&quot;,&quot;focal_length&quot;:&quot;0&quot;,&quot;iso&quot;:&quot;0&quot;,&quot;shutter_speed&quot;:&quot;0&quot;,&quot;title&quot;:&quot;Verbandsmeister-2013-Heike-Mantel-Hof-H\\u00f6herhaus&quot;,&quot;orientation&quot;:&quot;0&quot;}\" data-image-title=\"Verbandsmeister-2013-Heike-Mantel-Hof-H\u00f6herhaus\" data-image-description=\"\" data-medium-file=\"https:\/\/i0.wp.com\/hof-hoeherhaus.de\/wp-content\/uploads\/2013\/09\/verbandsmeister-2013-freudenberg-04-von-11.jpg?fit=300%2C225&#038;ssl=1\" data-large-file=\"https:\/\/i0.wp.com\/hof-hoeherhaus.de\/wp-content\/uploads\/2013\/09\/verbandsmeister-2013-freudenberg-04-von-11.jpg?fit=900%2C675&#038;ssl=1\" src=\"https:\/\/i0.wp.com\/hof-hoeherhaus.de\/wp-content\/uploads\/2013\/09\/verbandsmeister-2013-freudenberg-04-von-11.jpg?w=296&#038;h=222&#038;ssl=1\" srcset=\"https:\/\/i0.wp.com\/hof-hoeherhaus.de\/wp-content\/uploads\/2013\/09\/verbandsmeister-2013-freudenberg-04-von-11.jpg?w=1280&amp;ssl=1 1280w, https:\/\/i0.wp.com\/hof-hoeherhaus.de\/wp-content\/uploads\/2013\/09\/verbandsmeister-2013-freudenberg-04-von-11.jpg?resize=300%2C225&amp;ssl=1 300w, https:\/\/i0.wp.com\/hof-hoeherhaus.de\/wp-content\/uploads\/2013\/09\/verbandsmeister-2013-freudenberg-04-von-11.jpg?resize=768%2C576&amp;ssl=1 768w, https:\/\/i0.wp.com\/hof-hoeherhaus.de\/wp-content\/uploads\/2013\/09\/verbandsmeister-2013-freudenberg-04-von-11.jpg?resize=1024%2C768&amp;ssl=1 1024w\" width=\"296\" height=\"222\" loading=\"lazy\" data-original-width=\"296\" data-original-height=\"222\" itemprop=\"http:\/\/schema.org\/image\" title=\"Verbandsmeister-2013-Heike-Mantel-Hof-H\u00f6herhaus\" alt=\"Verbandsmeister-2013-Heike-Mantel-Hof-H\u00f6herhaus\" style=\"width: 296px; height: 222px;\" \/> <\/a> <div class=\"tiled-gallery-caption\" itemprop=\"caption description\"> Verbandsmeister-2013-Heike-Mantel-Hof-H\u00f6herhaus <\/div> <\/div> <\/div> <!-- close group --> <div class=\"gallery-group images-1\" style=\"width: 300px; height: 226px;\" data-original-width=\"300\" data-original-height=\"226\" > <div class=\"tiled-gallery-item tiled-gallery-item-large\" itemprop=\"associatedMedia\" itemscope itemtype=\"http:\/\/schema.org\/ImageObject\"> <a href=\"https:\/\/hof-hoeherhaus.de\/index.php\/heike-mantel-ist-verbandsmeister-2013\/verbandsmeister-2013-heike-mantel-hof-hoeherhaus-5\/\" border=\"0\" itemprop=\"url\"> <meta itemprop=\"width\" content=\"296\"> <meta itemprop=\"height\" content=\"222\"> <img decoding=\"async\" class=\"\" data-attachment-id=\"1642\" data-orig-file=\"https:\/\/hof-hoeherhaus.de\/wp-content\/uploads\/2013\/09\/verbandsmeister-2013-freudenberg-05-von-11.jpg\" data-orig-size=\"1280,960\" data-comments-opened=\"\" data-image-meta=\"{&quot;aperture&quot;:&quot;0&quot;,&quot;credit&quot;:&quot;&quot;,&quot;camera&quot;:&quot;&quot;,&quot;caption&quot;:&quot;Verbandsmeister-2013-Heike-Mantel-Hof-H\\u00f6herhaus&quot;,&quot;created_timestamp&quot;:&quot;0&quot;,&quot;copyright&quot;:&quot;&quot;,&quot;focal_length&quot;:&quot;0&quot;,&quot;iso&quot;:&quot;0&quot;,&quot;shutter_speed&quot;:&quot;0&quot;,&quot;title&quot;:&quot;Verbandsmeister-2013-Heike-Mantel-Hof-H\\u00f6herhaus&quot;,&quot;orientation&quot;:&quot;0&quot;}\" data-image-title=\"Verbandsmeister-2013-Heike-Mantel-Hof-H\u00f6herhaus\" data-image-description=\"\" data-medium-file=\"https:\/\/i0.wp.com\/hof-hoeherhaus.de\/wp-content\/uploads\/2013\/09\/verbandsmeister-2013-freudenberg-05-von-11.jpg?fit=300%2C225&#038;ssl=1\" data-large-file=\"https:\/\/i0.wp.com\/hof-hoeherhaus.de\/wp-content\/uploads\/2013\/09\/verbandsmeister-2013-freudenberg-05-von-11.jpg?fit=900%2C675&#038;ssl=1\" src=\"https:\/\/i0.wp.com\/hof-hoeherhaus.de\/wp-content\/uploads\/2013\/09\/verbandsmeister-2013-freudenberg-05-von-11.jpg?w=296&#038;h=222&#038;ssl=1\" srcset=\"https:\/\/i0.wp.com\/hof-hoeherhaus.de\/wp-content\/uploads\/2013\/09\/verbandsmeister-2013-freudenberg-05-von-11.jpg?w=1280&amp;ssl=1 1280w, https:\/\/i0.wp.com\/hof-hoeherhaus.de\/wp-content\/uploads\/2013\/09\/verbandsmeister-2013-freudenberg-05-von-11.jpg?resize=300%2C225&amp;ssl=1 300w, https:\/\/i0.wp.com\/hof-hoeherhaus.de\/wp-content\/uploads\/2013\/09\/verbandsmeister-2013-freudenberg-05-von-11.jpg?resize=768%2C576&amp;ssl=1 768w, https:\/\/i0.wp.com\/hof-hoeherhaus.de\/wp-content\/uploads\/2013\/09\/verbandsmeister-2013-freudenberg-05-von-11.jpg?resize=1024%2C768&amp;ssl=1 1024w\" width=\"296\" height=\"222\" loading=\"lazy\" data-original-width=\"296\" data-original-height=\"222\" itemprop=\"http:\/\/schema.org\/image\" title=\"Verbandsmeister-2013-Heike-Mantel-Hof-H\u00f6herhaus\" alt=\"Verbandsmeister-2013-Heike-Mantel-Hof-H\u00f6herhaus\" style=\"width: 296px; height: 222px;\" \/> <\/a> <div class=\"tiled-gallery-caption\" itemprop=\"caption description\"> Verbandsmeister-2013-Heike-Mantel-Hof-H\u00f6herhaus <\/div> <\/div> <\/div> <!-- close group --> <div class=\"gallery-group images-1\" style=\"width: 300px; height: 226px;\" data-original-width=\"300\" data-original-height=\"226\" > <div class=\"tiled-gallery-item tiled-gallery-item-large\" itemprop=\"associatedMedia\" itemscope itemtype=\"http:\/\/schema.org\/ImageObject\"> <a href=\"https:\/\/hof-hoeherhaus.de\/index.php\/heike-mantel-ist-verbandsmeister-2013\/verbandsmeister-2013-heike-mantel-hof-hoeherhaus-6\/\" border=\"0\" itemprop=\"url\"> <meta itemprop=\"width\" content=\"296\"> <meta itemprop=\"height\" content=\"222\"> <img decoding=\"async\" class=\"\" data-attachment-id=\"1643\" data-orig-file=\"https:\/\/hof-hoeherhaus.de\/wp-content\/uploads\/2013\/09\/verbandsmeister-2013-freudenberg-06-von-11.jpg\" data-orig-size=\"1280,960\" data-comments-opened=\"\" data-image-meta=\"{&quot;aperture&quot;:&quot;0&quot;,&quot;credit&quot;:&quot;&quot;,&quot;camera&quot;:&quot;&quot;,&quot;caption&quot;:&quot;Verbandsmeister-2013-Heike-Mantel-Hof-H\\u00f6herhaus&quot;,&quot;created_timestamp&quot;:&quot;0&quot;,&quot;copyright&quot;:&quot;&quot;,&quot;focal_length&quot;:&quot;0&quot;,&quot;iso&quot;:&quot;0&quot;,&quot;shutter_speed&quot;:&quot;0&quot;,&quot;title&quot;:&quot;Verbandsmeister-2013-Heike-Mantel-Hof-H\\u00f6herhaus&quot;,&quot;orientation&quot;:&quot;0&quot;}\" data-image-title=\"Verbandsmeister-2013-Heike-Mantel-Hof-H\u00f6herhaus\" data-image-description=\"\" data-medium-file=\"https:\/\/i0.wp.com\/hof-hoeherhaus.de\/wp-content\/uploads\/2013\/09\/verbandsmeister-2013-freudenberg-06-von-11.jpg?fit=300%2C225&#038;ssl=1\" data-large-file=\"https:\/\/i0.wp.com\/hof-hoeherhaus.de\/wp-content\/uploads\/2013\/09\/verbandsmeister-2013-freudenberg-06-von-11.jpg?fit=900%2C675&#038;ssl=1\" src=\"https:\/\/i0.wp.com\/hof-hoeherhaus.de\/wp-content\/uploads\/2013\/09\/verbandsmeister-2013-freudenberg-06-von-11.jpg?w=296&#038;h=222&#038;ssl=1\" srcset=\"https:\/\/i0.wp.com\/hof-hoeherhaus.de\/wp-content\/uploads\/2013\/09\/verbandsmeister-2013-freudenberg-06-von-11.jpg?w=1280&amp;ssl=1 1280w, https:\/\/i0.wp.com\/hof-hoeherhaus.de\/wp-content\/uploads\/2013\/09\/verbandsmeister-2013-freudenberg-06-von-11.jpg?resize=300%2C225&amp;ssl=1 300w, https:\/\/i0.wp.com\/hof-hoeherhaus.de\/wp-content\/uploads\/2013\/09\/verbandsmeister-2013-freudenberg-06-von-11.jpg?resize=768%2C576&amp;ssl=1 768w, https:\/\/i0.wp.com\/hof-hoeherhaus.de\/wp-content\/uploads\/2013\/09\/verbandsmeister-2013-freudenberg-06-von-11.jpg?resize=1024%2C768&amp;ssl=1 1024w\" width=\"296\" height=\"222\" loading=\"lazy\" data-original-width=\"296\" data-original-height=\"222\" itemprop=\"http:\/\/schema.org\/image\" title=\"Verbandsmeister-2013-Heike-Mantel-Hof-H\u00f6herhaus\" alt=\"Verbandsmeister-2013-Heike-Mantel-Hof-H\u00f6herhaus\" style=\"width: 296px; height: 222px;\" \/> <\/a> <div class=\"tiled-gallery-caption\" itemprop=\"caption description\"> Verbandsmeister-2013-Heike-Mantel-Hof-H\u00f6herhaus <\/div> <\/div> <\/div> <!-- close group --> <\/div> <!-- close row --> <div class=\"gallery-row\" style=\"width: 900px; height: 810px;\" data-original-width=\"900\" data-original-height=\"810\" > <div class=\"gallery-group images-3\" style=\"width: 359px; height: 810px;\" data-original-width=\"359\" data-original-height=\"810\" > <div class=\"tiled-gallery-item tiled-gallery-item-large\" itemprop=\"associatedMedia\" itemscope itemtype=\"http:\/\/schema.org\/ImageObject\"> <a href=\"https:\/\/hof-hoeherhaus.de\/index.php\/heike-mantel-ist-verbandsmeister-2013\/verbandsmeister-2013-heike-mantel-hof-hoeherhaus-7\/\" border=\"0\" itemprop=\"url\"> <meta itemprop=\"width\" content=\"355\"> <meta itemprop=\"height\" content=\"266\"> <img decoding=\"async\" class=\"\" data-attachment-id=\"1644\" data-orig-file=\"https:\/\/hof-hoeherhaus.de\/wp-content\/uploads\/2013\/09\/verbandsmeister-2013-freudenberg-07-von-11.jpg\" data-orig-size=\"1280,960\" data-comments-opened=\"\" data-image-meta=\"{&quot;aperture&quot;:&quot;0&quot;,&quot;credit&quot;:&quot;&quot;,&quot;camera&quot;:&quot;&quot;,&quot;caption&quot;:&quot;Verbandsmeister-2013-Heike-Mantel-Hof-H\\u00f6herhaus&quot;,&quot;created_timestamp&quot;:&quot;0&quot;,&quot;copyright&quot;:&quot;&quot;,&quot;focal_length&quot;:&quot;0&quot;,&quot;iso&quot;:&quot;0&quot;,&quot;shutter_speed&quot;:&quot;0&quot;,&quot;title&quot;:&quot;Verbandsmeister-2013-Heike-Mantel-Hof-H\\u00f6herhaus&quot;,&quot;orientation&quot;:&quot;0&quot;}\" data-image-title=\"Verbandsmeister-2013-Heike-Mantel-Hof-H\u00f6herhaus\" data-image-description=\"\" data-medium-file=\"https:\/\/i0.wp.com\/hof-hoeherhaus.de\/wp-content\/uploads\/2013\/09\/verbandsmeister-2013-freudenberg-07-von-11.jpg?fit=300%2C225&#038;ssl=1\" data-large-file=\"https:\/\/i0.wp.com\/hof-hoeherhaus.de\/wp-content\/uploads\/2013\/09\/verbandsmeister-2013-freudenberg-07-von-11.jpg?fit=900%2C675&#038;ssl=1\" src=\"https:\/\/i0.wp.com\/hof-hoeherhaus.de\/wp-content\/uploads\/2013\/09\/verbandsmeister-2013-freudenberg-07-von-11.jpg?w=355&#038;h=266&#038;ssl=1\" srcset=\"https:\/\/i0.wp.com\/hof-hoeherhaus.de\/wp-content\/uploads\/2013\/09\/verbandsmeister-2013-freudenberg-07-von-11.jpg?w=1280&amp;ssl=1 1280w, https:\/\/i0.wp.com\/hof-hoeherhaus.de\/wp-content\/uploads\/2013\/09\/verbandsmeister-2013-freudenberg-07-von-11.jpg?resize=300%2C225&amp;ssl=1 300w, https:\/\/i0.wp.com\/hof-hoeherhaus.de\/wp-content\/uploads\/2013\/09\/verbandsmeister-2013-freudenberg-07-von-11.jpg?resize=768%2C576&amp;ssl=1 768w, https:\/\/i0.wp.com\/hof-hoeherhaus.de\/wp-content\/uploads\/2013\/09\/verbandsmeister-2013-freudenberg-07-von-11.jpg?resize=1024%2C768&amp;ssl=1 1024w\" width=\"355\" height=\"266\" loading=\"lazy\" data-original-width=\"355\" data-original-height=\"266\" itemprop=\"http:\/\/schema.org\/image\" title=\"Verbandsmeister-2013-Heike-Mantel-Hof-H\u00f6herhaus\" alt=\"Verbandsmeister-2013-Heike-Mantel-Hof-H\u00f6herhaus\" style=\"width: 355px; height: 266px;\" \/> <\/a> <div class=\"tiled-gallery-caption\" itemprop=\"caption description\"> Verbandsmeister-2013-Heike-Mantel-Hof-H\u00f6herhaus <\/div> <\/div> <div class=\"tiled-gallery-item tiled-gallery-item-large\" itemprop=\"associatedMedia\" itemscope itemtype=\"http:\/\/schema.org\/ImageObject\"> <a href=\"https:\/\/hof-hoeherhaus.de\/index.php\/heike-mantel-ist-verbandsmeister-2013\/verbandsmeister-2013-heike-mantel-hof-hoeherhaus-8\/\" border=\"0\" itemprop=\"url\"> <meta itemprop=\"width\" content=\"355\"> <meta itemprop=\"height\" content=\"266\"> <img decoding=\"async\" class=\"\" data-attachment-id=\"1645\" data-orig-file=\"https:\/\/hof-hoeherhaus.de\/wp-content\/uploads\/2013\/09\/verbandsmeister-2013-freudenberg-08-von-11.jpg\" data-orig-size=\"1280,960\" data-comments-opened=\"\" data-image-meta=\"{&quot;aperture&quot;:&quot;0&quot;,&quot;credit&quot;:&quot;&quot;,&quot;camera&quot;:&quot;&quot;,&quot;caption&quot;:&quot;Verbandsmeister-2013-Heike-Mantel-Hof-H\\u00f6herhaus&quot;,&quot;created_timestamp&quot;:&quot;0&quot;,&quot;copyright&quot;:&quot;&quot;,&quot;focal_length&quot;:&quot;0&quot;,&quot;iso&quot;:&quot;0&quot;,&quot;shutter_speed&quot;:&quot;0&quot;,&quot;title&quot;:&quot;Verbandsmeister-2013-Heike-Mantel-Hof-H\\u00f6herhaus&quot;,&quot;orientation&quot;:&quot;0&quot;}\" data-image-title=\"Verbandsmeister-2013-Heike-Mantel-Hof-H\u00f6herhaus\" data-image-description=\"\" data-medium-file=\"https:\/\/i0.wp.com\/hof-hoeherhaus.de\/wp-content\/uploads\/2013\/09\/verbandsmeister-2013-freudenberg-08-von-11.jpg?fit=300%2C225&#038;ssl=1\" data-large-file=\"https:\/\/i0.wp.com\/hof-hoeherhaus.de\/wp-content\/uploads\/2013\/09\/verbandsmeister-2013-freudenberg-08-von-11.jpg?fit=900%2C675&#038;ssl=1\" src=\"https:\/\/i0.wp.com\/hof-hoeherhaus.de\/wp-content\/uploads\/2013\/09\/verbandsmeister-2013-freudenberg-08-von-11.jpg?w=355&#038;h=266&#038;ssl=1\" srcset=\"https:\/\/i0.wp.com\/hof-hoeherhaus.de\/wp-content\/uploads\/2013\/09\/verbandsmeister-2013-freudenberg-08-von-11.jpg?w=1280&amp;ssl=1 1280w, https:\/\/i0.wp.com\/hof-hoeherhaus.de\/wp-content\/uploads\/2013\/09\/verbandsmeister-2013-freudenberg-08-von-11.jpg?resize=300%2C225&amp;ssl=1 300w, https:\/\/i0.wp.com\/hof-hoeherhaus.de\/wp-content\/uploads\/2013\/09\/verbandsmeister-2013-freudenberg-08-von-11.jpg?resize=768%2C576&amp;ssl=1 768w, https:\/\/i0.wp.com\/hof-hoeherhaus.de\/wp-content\/uploads\/2013\/09\/verbandsmeister-2013-freudenberg-08-von-11.jpg?resize=1024%2C768&amp;ssl=1 1024w\" width=\"355\" height=\"266\" loading=\"lazy\" data-original-width=\"355\" data-original-height=\"266\" itemprop=\"http:\/\/schema.org\/image\" title=\"Verbandsmeister-2013-Heike-Mantel-Hof-H\u00f6herhaus\" alt=\"Verbandsmeister-2013-Heike-Mantel-Hof-H\u00f6herhaus\" style=\"width: 355px; height: 266px;\" \/> <\/a> <div class=\"tiled-gallery-caption\" itemprop=\"caption description\"> Verbandsmeister-2013-Heike-Mantel-Hof-H\u00f6herhaus <\/div> <\/div> <div class=\"tiled-gallery-item tiled-gallery-item-large\" itemprop=\"associatedMedia\" itemscope itemtype=\"http:\/\/schema.org\/ImageObject\"> <a href=\"https:\/\/hof-hoeherhaus.de\/index.php\/heike-mantel-ist-verbandsmeister-2013\/verbandsmeister-2013-heike-mantel-hof-hoeherhaus-9\/\" border=\"0\" itemprop=\"url\"> <meta itemprop=\"width\" content=\"355\"> <meta itemprop=\"height\" content=\"266\"> <img decoding=\"async\" class=\"\" data-attachment-id=\"1646\" data-orig-file=\"https:\/\/hof-hoeherhaus.de\/wp-content\/uploads\/2013\/09\/verbandsmeister-2013-freudenberg-09-von-11.jpg\" data-orig-size=\"1280,960\" data-comments-opened=\"\" data-image-meta=\"{&quot;aperture&quot;:&quot;0&quot;,&quot;credit&quot;:&quot;&quot;,&quot;camera&quot;:&quot;&quot;,&quot;caption&quot;:&quot;Verbandsmeister-2013-Heike-Mantel-Hof-H\\u00f6herhaus&quot;,&quot;created_timestamp&quot;:&quot;0&quot;,&quot;copyright&quot;:&quot;&quot;,&quot;focal_length&quot;:&quot;0&quot;,&quot;iso&quot;:&quot;0&quot;,&quot;shutter_speed&quot;:&quot;0&quot;,&quot;title&quot;:&quot;Verbandsmeister-2013-Heike-Mantel-Hof-H\\u00f6herhaus&quot;,&quot;orientation&quot;:&quot;0&quot;}\" data-image-title=\"Verbandsmeister-2013-Heike-Mantel-Hof-H\u00f6herhaus\" data-image-description=\"\" data-medium-file=\"https:\/\/i0.wp.com\/hof-hoeherhaus.de\/wp-content\/uploads\/2013\/09\/verbandsmeister-2013-freudenberg-09-von-11.jpg?fit=300%2C225&#038;ssl=1\" data-large-file=\"https:\/\/i0.wp.com\/hof-hoeherhaus.de\/wp-content\/uploads\/2013\/09\/verbandsmeister-2013-freudenberg-09-von-11.jpg?fit=900%2C675&#038;ssl=1\" src=\"https:\/\/i0.wp.com\/hof-hoeherhaus.de\/wp-content\/uploads\/2013\/09\/verbandsmeister-2013-freudenberg-09-von-11.jpg?w=355&#038;h=266&#038;ssl=1\" srcset=\"https:\/\/i0.wp.com\/hof-hoeherhaus.de\/wp-content\/uploads\/2013\/09\/verbandsmeister-2013-freudenberg-09-von-11.jpg?w=1280&amp;ssl=1 1280w, https:\/\/i0.wp.com\/hof-hoeherhaus.de\/wp-content\/uploads\/2013\/09\/verbandsmeister-2013-freudenberg-09-von-11.jpg?resize=300%2C225&amp;ssl=1 300w, https:\/\/i0.wp.com\/hof-hoeherhaus.de\/wp-content\/uploads\/2013\/09\/verbandsmeister-2013-freudenberg-09-von-11.jpg?resize=768%2C576&amp;ssl=1 768w, https:\/\/i0.wp.com\/hof-hoeherhaus.de\/wp-content\/uploads\/2013\/09\/verbandsmeister-2013-freudenberg-09-von-11.jpg?resize=1024%2C768&amp;ssl=1 1024w\" width=\"355\" height=\"266\" loading=\"lazy\" data-original-width=\"355\" data-original-height=\"266\" itemprop=\"http:\/\/schema.org\/image\" title=\"Verbandsmeister-2013-Heike-Mantel-Hof-H\u00f6herhaus\" alt=\"Verbandsmeister-2013-Heike-Mantel-Hof-H\u00f6herhaus\" style=\"width: 355px; height: 266px;\" \/> <\/a> <div class=\"tiled-gallery-caption\" itemprop=\"caption description\"> Verbandsmeister-2013-Heike-Mantel-Hof-H\u00f6herhaus <\/div> <\/div> <\/div> <!-- close group --> <div class=\"gallery-group images-1\" style=\"width: 541px; height: 810px;\" data-original-width=\"541\" data-original-height=\"810\" > <div class=\"tiled-gallery-item tiled-gallery-item-large\" itemprop=\"associatedMedia\" itemscope itemtype=\"http:\/\/schema.org\/ImageObject\"> <a href=\"https:\/\/hof-hoeherhaus.de\/index.php\/heike-mantel-ist-verbandsmeister-2013\/verbandsmeister-2013-heike-mantel-hof-hoeherhaus-10\/\" border=\"0\" itemprop=\"url\"> <meta itemprop=\"width\" content=\"537\"> <meta itemprop=\"height\" content=\"806\"> <img decoding=\"async\" class=\"\" data-attachment-id=\"1647\" data-orig-file=\"https:\/\/hof-hoeherhaus.de\/wp-content\/uploads\/2013\/09\/verbandsmeister-2013-freudenberg-10-von-11.jpg\" data-orig-size=\"720,1080\" data-comments-opened=\"\" data-image-meta=\"{&quot;aperture&quot;:&quot;0&quot;,&quot;credit&quot;:&quot;&quot;,&quot;camera&quot;:&quot;&quot;,&quot;caption&quot;:&quot;Verbandsmeister-2013-Heike-Mantel-Hof-H\\u00f6herhaus&quot;,&quot;created_timestamp&quot;:&quot;0&quot;,&quot;copyright&quot;:&quot;&quot;,&quot;focal_length&quot;:&quot;0&quot;,&quot;iso&quot;:&quot;0&quot;,&quot;shutter_speed&quot;:&quot;0&quot;,&quot;title&quot;:&quot;Verbandsmeister-2013-Heike-Mantel-Hof-H\\u00f6herhaus&quot;,&quot;orientation&quot;:&quot;0&quot;}\" data-image-title=\"Verbandsmeister-2013-Heike-Mantel-Hof-H\u00f6herhaus\" data-image-description=\"\" data-medium-file=\"https:\/\/i0.wp.com\/hof-hoeherhaus.de\/wp-content\/uploads\/2013\/09\/verbandsmeister-2013-freudenberg-10-von-11.jpg?fit=200%2C300&#038;ssl=1\" data-large-file=\"https:\/\/i0.wp.com\/hof-hoeherhaus.de\/wp-content\/uploads\/2013\/09\/verbandsmeister-2013-freudenberg-10-von-11.jpg?fit=683%2C1024&#038;ssl=1\" src=\"https:\/\/i0.wp.com\/hof-hoeherhaus.de\/wp-content\/uploads\/2013\/09\/verbandsmeister-2013-freudenberg-10-von-11.jpg?w=537&#038;h=806&#038;ssl=1\" srcset=\"https:\/\/i0.wp.com\/hof-hoeherhaus.de\/wp-content\/uploads\/2013\/09\/verbandsmeister-2013-freudenberg-10-von-11.jpg?w=720&amp;ssl=1 720w, https:\/\/i0.wp.com\/hof-hoeherhaus.de\/wp-content\/uploads\/2013\/09\/verbandsmeister-2013-freudenberg-10-von-11.jpg?resize=200%2C300&amp;ssl=1 200w, https:\/\/i0.wp.com\/hof-hoeherhaus.de\/wp-content\/uploads\/2013\/09\/verbandsmeister-2013-freudenberg-10-von-11.jpg?resize=683%2C1024&amp;ssl=1 683w\" width=\"537\" height=\"806\" loading=\"lazy\" data-original-width=\"537\" data-original-height=\"806\" itemprop=\"http:\/\/schema.org\/image\" title=\"Verbandsmeister-2013-Heike-Mantel-Hof-H\u00f6herhaus\" alt=\"Verbandsmeister-2013-Heike-Mantel-Hof-H\u00f6herhaus\" style=\"width: 537px; height: 806px;\" \/> <\/a> <div class=\"tiled-gallery-caption\" itemprop=\"caption description\"> Verbandsmeister-2013-Heike-Mantel-Hof-H\u00f6herhaus <\/div> <\/div> <\/div> <!-- close group --> <\/div> <!-- close row --> <div class=\"gallery-row\" style=\"width: 900px; height: 508px;\" data-original-width=\"900\" data-original-height=\"508\" > <div class=\"gallery-group images-1\" style=\"width: 900px; height: 508px;\" data-original-width=\"900\" data-original-height=\"508\" > <div class=\"tiled-gallery-item tiled-gallery-item-large\" itemprop=\"associatedMedia\" itemscope itemtype=\"http:\/\/schema.org\/ImageObject\"> <a href=\"https:\/\/hof-hoeherhaus.de\/index.php\/heike-mantel-ist-verbandsmeister-2013\/verbandsmeister-2013-heike-mantel-hof-hoeherhaus-11\/\" border=\"0\" itemprop=\"url\"> <meta itemprop=\"width\" content=\"896\"> <meta itemprop=\"height\" content=\"504\"> <img decoding=\"async\" class=\"\" data-attachment-id=\"1648\" data-orig-file=\"https:\/\/hof-hoeherhaus.de\/wp-content\/uploads\/2013\/09\/verbandsmeister-2013-freudenberg-11-von-11.jpg\" data-orig-size=\"1280,720\" data-comments-opened=\"\" data-image-meta=\"{&quot;aperture&quot;:&quot;0&quot;,&quot;credit&quot;:&quot;&quot;,&quot;camera&quot;:&quot;&quot;,&quot;caption&quot;:&quot;Verbandsmeister-2013-Heike-Mantel-Hof-H\\u00f6herhaus&quot;,&quot;created_timestamp&quot;:&quot;0&quot;,&quot;copyright&quot;:&quot;&quot;,&quot;focal_length&quot;:&quot;0&quot;,&quot;iso&quot;:&quot;0&quot;,&quot;shutter_speed&quot;:&quot;0&quot;,&quot;title&quot;:&quot;Verbandsmeister-2013-Heike-Mantel-Hof-H\\u00f6herhaus&quot;,&quot;orientation&quot;:&quot;0&quot;}\" data-image-title=\"Verbandsmeister-2013-Heike-Mantel-Hof-H\u00f6herhaus\" data-image-description=\"\" data-medium-file=\"https:\/\/i0.wp.com\/hof-hoeherhaus.de\/wp-content\/uploads\/2013\/09\/verbandsmeister-2013-freudenberg-11-von-11.jpg?fit=300%2C169&#038;ssl=1\" data-large-file=\"https:\/\/i0.wp.com\/hof-hoeherhaus.de\/wp-content\/uploads\/2013\/09\/verbandsmeister-2013-freudenberg-11-von-11.jpg?fit=900%2C506&#038;ssl=1\" src=\"https:\/\/i0.wp.com\/hof-hoeherhaus.de\/wp-content\/uploads\/2013\/09\/verbandsmeister-2013-freudenberg-11-von-11.jpg?w=896&#038;h=504&#038;ssl=1\" srcset=\"https:\/\/i0.wp.com\/hof-hoeherhaus.de\/wp-content\/uploads\/2013\/09\/verbandsmeister-2013-freudenberg-11-von-11.jpg?w=1280&amp;ssl=1 1280w, https:\/\/i0.wp.com\/hof-hoeherhaus.de\/wp-content\/uploads\/2013\/09\/verbandsmeister-2013-freudenberg-11-von-11.jpg?resize=300%2C169&amp;ssl=1 300w, https:\/\/i0.wp.com\/hof-hoeherhaus.de\/wp-content\/uploads\/2013\/09\/verbandsmeister-2013-freudenberg-11-von-11.jpg?resize=768%2C432&amp;ssl=1 768w, https:\/\/i0.wp.com\/hof-hoeherhaus.de\/wp-content\/uploads\/2013\/09\/verbandsmeister-2013-freudenberg-11-von-11.jpg?resize=1024%2C576&amp;ssl=1 1024w\" width=\"896\" height=\"504\" loading=\"lazy\" data-original-width=\"896\" data-original-height=\"504\" itemprop=\"http:\/\/schema.org\/image\" title=\"Verbandsmeister-2013-Heike-Mantel-Hof-H\u00f6herhaus\" alt=\"Verbandsmeister-2013-Heike-Mantel-Hof-H\u00f6herhaus\" style=\"width: 896px; height: 504px;\" \/> <\/a> <div class=\"tiled-gallery-caption\" itemprop=\"caption description\"> Verbandsmeister-2013-Heike-Mantel-Hof-H\u00f6herhaus <\/div> <\/div> <\/div> <!-- close group --> <\/div> <!-- close row --> <\/div>\n<p style=\"text-align: justify;\">\n","protected":false},"excerpt":{"rendered":"<p style=\"text-align: justify;\"><br style=\"clear: none;\" \/>Am Wochenende des 31.08. &#8211; 01.09.2013 wurden die Verbandsmeisterschaften des Verbandes Siegen-Olpe-Wittgenstein f\u00fcr das Jahr 2013 in der L-Tour Dressur im Rahmen des Lummer &amp; Rudel-Cup&nbsp;auf der Anlage des Reitvereins Giebelwald e.V. in Freudenberg-Niederndorf&nbsp;ausgetragen.<\/p>\n<p style=\"text-align: justify;\">Als amtierende Vizemeisterin in der L-Tour Dressur 2012 ist dieses Event selbstverst\u00e4ndlich ein Pflichttermin&nbsp;im Reitkalender f\u00fcr Heike Mantel und Fairytopia 3 von der Reitgemeinschaft Hof-H\u00f6herhaus. Fairytopia, die sechsj\u00e4hrige, westf\u00e4lische Flovino-Stute, ist ja mittlerweile kein \u00dcberraschungsgast&nbsp;mehr auf den Siegertreppchen der L-Dressur, dennoch ist die Verbandsmeisterschaft eine Pr\u00fcfung der besonderen Art.<\/p>\n<p style=\"text-align: justify;\">Schlie\u00dflich ist schon allein der Pr\u00fcfungsmodus ein anderer als bei &#8222;normalen&#8220; Turnieren. So m\u00fcssen&nbsp;f\u00fcr den Meistertitel am ersten Tag zwei Dressurpr\u00fcfungen auf Trense bew\u00e4ltigt werden und dann am&nbsp;zweiten Tag eine weitere Pr\u00fcfung der Klasse L auf Kandare. Die Punkte der Pr\u00fcfungen werden auch nicht&nbsp;einfach addiert, sondern etwas an den Schwierigkeitsgrad angelehnt. W\u00e4hren die erste Pr\u00fcfung einfach&nbsp;gewertet wird, wird die zweite Aufgabe mit 1,5 und die Finalpr\u00fcfung sogar mit 2 multipliziert. Eine&nbsp;Z\u00e4hlweise, die Spannung bis zum letzten Moment garantiert.<\/p>\n<p style=\"text-align: justify;\">Und genau so spannend wurde es dann auch. Nachdem Heike und Fairy die erste Pr\u00fcfung souver\u00e4n mit einer&nbsp;Wertnote von 7,8 gewann, unterliefen den Beiden in der zweiten Aufgabe einige kleine Fehler, die den Vorsprung bei der starken Konkurrenz dahinschmelzen lie\u00dfen. Nach dem ersten Tag lag unser Team von der RG-HH dann mit einem Punkt R\u00fcckstand auf Platz zwei hinter Karoline Hartmann vom ZRFV Hollekusse.<\/p>\n","protected":false},"author":2,"featured_media":556,"comment_status":"closed","ping_status":"open","sticky":false,"template":"","format":"standard","meta":{"_jetpack_memberships_contains_paid_content":false,"footnotes":""},"categories":[235],"tags":[412,411],"class_list":{"0":"post-557","1":"post","2":"type-post","3":"status-publish","4":"format-standard","5":"has-post-thumbnail","6":"hentry","7":"category-aktuelles-zur-reitgemeinschaft-hof-hoeherhaus","8":"tag-freudenberg-niederndorf","9":"tag-verbandsmeisterschaft","10":"","11":"blog-alt-layout","12":"blog-style-postblock","14":"blog-alt-odd"},"yoast_head":"<!-- This site is optimized with the Yoast SEO plugin v27.5 - https:\/\/yoast.com\/product\/yoast-seo-wordpress\/ -->\n<title>Heike Mantel ist Verbandsmeister 2013 &#8211; Hof-H\u00f6herhaus<\/title>\n<meta name=\"robots\" content=\"index, follow, max-snippet:-1, max-image-preview:large, max-video-preview:-1\" \/>\n<link rel=\"canonical\" href=\"https:\/\/hof-hoeherhaus.de\/index.php\/heike-mantel-ist-verbandsmeister-2013\/\" \/>\n<meta property=\"og:locale\" content=\"de_DE\" \/>\n<meta property=\"og:type\" content=\"article\" \/>\n<meta property=\"og:title\" content=\"Heike Mantel ist Verbandsmeister 2013 &#8211; Hof-H\u00f6herhaus\" \/>\n<meta property=\"og:description\" content=\"Am Wochenende des 31.08. - 01.09.2013 wurden die Verbandsmeisterschaften des Verbandes Siegen-Olpe-Wittgenstein f\u00fcr das Jahr 2013 in der L-Tour Dressur im Rahmen des Lummer &amp; Rudel-Cup&nbsp;auf der Anlage des Reitvereins Giebelwald e.V. in Freudenberg-Niederndorf&nbsp;ausgetragen. Als amtierende Vizemeisterin in der L-Tour Dressur 2012 ist dieses Event selbstverst\u00e4ndlich ein Pflichttermin&nbsp;im Reitkalender f\u00fcr Heike Mantel und Fairytopia 3 von der Reitgemeinschaft Hof-H\u00f6herhaus. Fairytopia, die sechsj\u00e4hrige, westf\u00e4lische Flovino-Stute, ist ja mittlerweile kein \u00dcberraschungsgast&nbsp;mehr auf den Siegertreppchen der L-Dressur, dennoch ist die Verbandsmeisterschaft eine Pr\u00fcfung der besonderen Art. Schlie\u00dflich ist schon allein der Pr\u00fcfungsmodus ein anderer als bei &quot;normalen&quot; Turnieren. So m\u00fcssen&nbsp;f\u00fcr den Meistertitel am ersten Tag zwei Dressurpr\u00fcfungen auf Trense bew\u00e4ltigt werden und dann am&nbsp;zweiten Tag eine weitere Pr\u00fcfung der Klasse L auf Kandare. Die Punkte der Pr\u00fcfungen werden auch nicht&nbsp;einfach addiert, sondern etwas an den Schwierigkeitsgrad angelehnt. W\u00e4hren die erste Pr\u00fcfung einfach&nbsp;gewertet wird, wird die zweite Aufgabe mit 1,5 und die Finalpr\u00fcfung sogar mit 2 multipliziert. Eine&nbsp;Z\u00e4hlweise, die Spannung bis zum letzten Moment garantiert. Und genau so spannend wurde es dann auch. Nachdem Heike und Fairy die erste Pr\u00fcfung souver\u00e4n mit einer&nbsp;Wertnote von 7,8 gewann, unterliefen den Beiden in der zweiten Aufgabe einige kleine Fehler, die den Vorsprung bei der starken Konkurrenz dahinschmelzen lie\u00dfen. Nach dem ersten Tag lag unser Team von der RG-HH dann mit einem Punkt R\u00fcckstand auf Platz zwei hinter Karoline Hartmann vom ZRFV Hollekusse.\" \/>\n<meta property=\"og:url\" content=\"https:\/\/hof-hoeherhaus.de\/index.php\/heike-mantel-ist-verbandsmeister-2013\/\" \/>\n<meta property=\"og:site_name\" content=\"Hof-H\u00f6herhaus\" \/>\n<meta property=\"article:published_time\" content=\"2013-09-02T12:10:29+00:00\" \/>\n<meta property=\"article:modified_time\" content=\"2021-11-25T00:58:38+00:00\" \/>\n<meta property=\"og:image\" content=\"https:\/\/hof-hoeherhaus.de\/wp-content\/uploads\/2013\/09\/verbandsmeister-2013-freudenberg-ist-heike-mantel.png\" \/>\n\t<meta property=\"og:image:width\" content=\"300\" \/>\n\t<meta property=\"og:image:height\" content=\"225\" \/>\n\t<meta property=\"og:image:type\" content=\"image\/png\" \/>\n<meta name=\"author\" content=\"Christian Feldmann\" \/>\n<meta name=\"twitter:card\" content=\"summary_large_image\" \/>\n<script type=\"application\/ld+json\" class=\"yoast-schema-graph\">{\"@context\":\"https:\\\/\\\/schema.org\",\"@graph\":[{\"@type\":\"Article\",\"@id\":\"https:\\\/\\\/hof-hoeherhaus.de\\\/index.php\\\/heike-mantel-ist-verbandsmeister-2013\\\/#article\",\"isPartOf\":{\"@id\":\"https:\\\/\\\/hof-hoeherhaus.de\\\/index.php\\\/heike-mantel-ist-verbandsmeister-2013\\\/\"},\"author\":{\"name\":\"Christian Feldmann\",\"@id\":\"https:\\\/\\\/hof-hoeherhaus.de\\\/#\\\/schema\\\/person\\\/aa335ddcf542d61b4966cdf7ac67785e\"},\"headline\":\"Heike Mantel ist Verbandsmeister 2013\",\"datePublished\":\"2013-09-02T12:10:29+00:00\",\"dateModified\":\"2021-11-25T00:58:38+00:00\",\"mainEntityOfPage\":{\"@id\":\"https:\\\/\\\/hof-hoeherhaus.de\\\/index.php\\\/heike-mantel-ist-verbandsmeister-2013\\\/\"},\"wordCount\":438,\"publisher\":{\"@id\":\"https:\\\/\\\/hof-hoeherhaus.de\\\/#organization\"},\"image\":{\"@id\":\"https:\\\/\\\/hof-hoeherhaus.de\\\/index.php\\\/heike-mantel-ist-verbandsmeister-2013\\\/#primaryimage\"},\"thumbnailUrl\":\"https:\\\/\\\/i0.wp.com\\\/hof-hoeherhaus.de\\\/wp-content\\\/uploads\\\/2013\\\/09\\\/verbandsmeister-2013-freudenberg-ist-heike-mantel.png?fit=300%2C225&ssl=1\",\"keywords\":[\"Freudenberg-Niederndorf\",\"Verbandsmeisterschaft\"],\"articleSection\":[\"RG-Hof-H\u00f6herhaus\"],\"inLanguage\":\"de\"},{\"@type\":\"WebPage\",\"@id\":\"https:\\\/\\\/hof-hoeherhaus.de\\\/index.php\\\/heike-mantel-ist-verbandsmeister-2013\\\/\",\"url\":\"https:\\\/\\\/hof-hoeherhaus.de\\\/index.php\\\/heike-mantel-ist-verbandsmeister-2013\\\/\",\"name\":\"Heike Mantel ist Verbandsmeister 2013 &#8211; Hof-H\u00f6herhaus\",\"isPartOf\":{\"@id\":\"https:\\\/\\\/hof-hoeherhaus.de\\\/#website\"},\"primaryImageOfPage\":{\"@id\":\"https:\\\/\\\/hof-hoeherhaus.de\\\/index.php\\\/heike-mantel-ist-verbandsmeister-2013\\\/#primaryimage\"},\"image\":{\"@id\":\"https:\\\/\\\/hof-hoeherhaus.de\\\/index.php\\\/heike-mantel-ist-verbandsmeister-2013\\\/#primaryimage\"},\"thumbnailUrl\":\"https:\\\/\\\/i0.wp.com\\\/hof-hoeherhaus.de\\\/wp-content\\\/uploads\\\/2013\\\/09\\\/verbandsmeister-2013-freudenberg-ist-heike-mantel.png?fit=300%2C225&ssl=1\",\"datePublished\":\"2013-09-02T12:10:29+00:00\",\"dateModified\":\"2021-11-25T00:58:38+00:00\",\"breadcrumb\":{\"@id\":\"https:\\\/\\\/hof-hoeherhaus.de\\\/index.php\\\/heike-mantel-ist-verbandsmeister-2013\\\/#breadcrumb\"},\"inLanguage\":\"de\",\"potentialAction\":[{\"@type\":\"ReadAction\",\"target\":[\"https:\\\/\\\/hof-hoeherhaus.de\\\/index.php\\\/heike-mantel-ist-verbandsmeister-2013\\\/\"]}]},{\"@type\":\"ImageObject\",\"inLanguage\":\"de\",\"@id\":\"https:\\\/\\\/hof-hoeherhaus.de\\\/index.php\\\/heike-mantel-ist-verbandsmeister-2013\\\/#primaryimage\",\"url\":\"https:\\\/\\\/i0.wp.com\\\/hof-hoeherhaus.de\\\/wp-content\\\/uploads\\\/2013\\\/09\\\/verbandsmeister-2013-freudenberg-ist-heike-mantel.png?fit=300%2C225&ssl=1\",\"contentUrl\":\"https:\\\/\\\/i0.wp.com\\\/hof-hoeherhaus.de\\\/wp-content\\\/uploads\\\/2013\\\/09\\\/verbandsmeister-2013-freudenberg-ist-heike-mantel.png?fit=300%2C225&ssl=1\",\"width\":300,\"height\":225,\"caption\":\"verbandsmeister-2013-freudenberg-ist-heike-mantel\"},{\"@type\":\"BreadcrumbList\",\"@id\":\"https:\\\/\\\/hof-hoeherhaus.de\\\/index.php\\\/heike-mantel-ist-verbandsmeister-2013\\\/#breadcrumb\",\"itemListElement\":[{\"@type\":\"ListItem\",\"position\":1,\"name\":\"Startseite\",\"item\":\"https:\\\/\\\/hof-hoeherhaus.de\\\/\"},{\"@type\":\"ListItem\",\"position\":2,\"name\":\"Heike Mantel ist Verbandsmeister 2013\"}]},{\"@type\":\"WebSite\",\"@id\":\"https:\\\/\\\/hof-hoeherhaus.de\\\/#website\",\"url\":\"https:\\\/\\\/hof-hoeherhaus.de\\\/\",\"name\":\"Hof-H\u00f6herhaus\",\"description\":\"Hof-H\u00f6herhaus - Pferde im sch\u00f6nen Drolshagener und Olper Land.\",\"publisher\":{\"@id\":\"https:\\\/\\\/hof-hoeherhaus.de\\\/#organization\"},\"potentialAction\":[{\"@type\":\"SearchAction\",\"target\":{\"@type\":\"EntryPoint\",\"urlTemplate\":\"https:\\\/\\\/hof-hoeherhaus.de\\\/?s={search_term_string}\"},\"query-input\":{\"@type\":\"PropertyValueSpecification\",\"valueRequired\":true,\"valueName\":\"search_term_string\"}}],\"inLanguage\":\"de\"},{\"@type\":\"Organization\",\"@id\":\"https:\\\/\\\/hof-hoeherhaus.de\\\/#organization\",\"name\":\"Reitgemeinschaft Hof-Hoeherhaus e.V.\",\"url\":\"https:\\\/\\\/hof-hoeherhaus.de\\\/\",\"logo\":{\"@type\":\"ImageObject\",\"inLanguage\":\"de\",\"@id\":\"https:\\\/\\\/hof-hoeherhaus.de\\\/#\\\/schema\\\/logo\\\/image\\\/\",\"url\":\"https:\\\/\\\/i0.wp.com\\\/hof-hoeherhaus.de\\\/wp-content\\\/uploads\\\/2021\\\/11\\\/18.jpg?fit=1024%2C1024&ssl=1\",\"contentUrl\":\"https:\\\/\\\/i0.wp.com\\\/hof-hoeherhaus.de\\\/wp-content\\\/uploads\\\/2021\\\/11\\\/18.jpg?fit=1024%2C1024&ssl=1\",\"width\":1024,\"height\":1024,\"caption\":\"Reitgemeinschaft Hof-Hoeherhaus e.V.\"},\"image\":{\"@id\":\"https:\\\/\\\/hof-hoeherhaus.de\\\/#\\\/schema\\\/logo\\\/image\\\/\"}},{\"@type\":\"Person\",\"@id\":\"https:\\\/\\\/hof-hoeherhaus.de\\\/#\\\/schema\\\/person\\\/aa335ddcf542d61b4966cdf7ac67785e\",\"name\":\"Christian Feldmann\",\"image\":{\"@type\":\"ImageObject\",\"inLanguage\":\"de\",\"@id\":\"https:\\\/\\\/secure.gravatar.com\\\/avatar\\\/28fbfb8afb0625dad08835ca7f5087c90cf64ed1aa5a3e1754cb0bf81b1b9104?s=96&d=mm&r=g\",\"url\":\"https:\\\/\\\/secure.gravatar.com\\\/avatar\\\/28fbfb8afb0625dad08835ca7f5087c90cf64ed1aa5a3e1754cb0bf81b1b9104?s=96&d=mm&r=g\",\"contentUrl\":\"https:\\\/\\\/secure.gravatar.com\\\/avatar\\\/28fbfb8afb0625dad08835ca7f5087c90cf64ed1aa5a3e1754cb0bf81b1b9104?s=96&d=mm&r=g\",\"caption\":\"Christian Feldmann\"}}]}<\/script>\n<!-- \/ Yoast SEO plugin. -->","yoast_head_json":{"title":"Heike Mantel ist Verbandsmeister 2013 &#8211; Hof-H\u00f6herhaus","robots":{"index":"index","follow":"follow","max-snippet":"max-snippet:-1","max-image-preview":"max-image-preview:large","max-video-preview":"max-video-preview:-1"},"canonical":"https:\/\/hof-hoeherhaus.de\/index.php\/heike-mantel-ist-verbandsmeister-2013\/","og_locale":"de_DE","og_type":"article","og_title":"Heike Mantel ist Verbandsmeister 2013 &#8211; Hof-H\u00f6herhaus","og_description":"Am Wochenende des 31.08. - 01.09.2013 wurden die Verbandsmeisterschaften des Verbandes Siegen-Olpe-Wittgenstein f\u00fcr das Jahr 2013 in der L-Tour Dressur im Rahmen des Lummer &amp; Rudel-Cup&nbsp;auf der Anlage des Reitvereins Giebelwald e.V. in Freudenberg-Niederndorf&nbsp;ausgetragen. Als amtierende Vizemeisterin in der L-Tour Dressur 2012 ist dieses Event selbstverst\u00e4ndlich ein Pflichttermin&nbsp;im Reitkalender f\u00fcr Heike Mantel und Fairytopia 3 von der Reitgemeinschaft Hof-H\u00f6herhaus. Fairytopia, die sechsj\u00e4hrige, westf\u00e4lische Flovino-Stute, ist ja mittlerweile kein \u00dcberraschungsgast&nbsp;mehr auf den Siegertreppchen der L-Dressur, dennoch ist die Verbandsmeisterschaft eine Pr\u00fcfung der besonderen Art. Schlie\u00dflich ist schon allein der Pr\u00fcfungsmodus ein anderer als bei \"normalen\" Turnieren. So m\u00fcssen&nbsp;f\u00fcr den Meistertitel am ersten Tag zwei Dressurpr\u00fcfungen auf Trense bew\u00e4ltigt werden und dann am&nbsp;zweiten Tag eine weitere Pr\u00fcfung der Klasse L auf Kandare. Die Punkte der Pr\u00fcfungen werden auch nicht&nbsp;einfach addiert, sondern etwas an den Schwierigkeitsgrad angelehnt. W\u00e4hren die erste Pr\u00fcfung einfach&nbsp;gewertet wird, wird die zweite Aufgabe mit 1,5 und die Finalpr\u00fcfung sogar mit 2 multipliziert. Eine&nbsp;Z\u00e4hlweise, die Spannung bis zum letzten Moment garantiert. Und genau so spannend wurde es dann auch. Nachdem Heike und Fairy die erste Pr\u00fcfung souver\u00e4n mit einer&nbsp;Wertnote von 7,8 gewann, unterliefen den Beiden in der zweiten Aufgabe einige kleine Fehler, die den Vorsprung bei der starken Konkurrenz dahinschmelzen lie\u00dfen. Nach dem ersten Tag lag unser Team von der RG-HH dann mit einem Punkt R\u00fcckstand auf Platz zwei hinter Karoline Hartmann vom ZRFV Hollekusse.","og_url":"https:\/\/hof-hoeherhaus.de\/index.php\/heike-mantel-ist-verbandsmeister-2013\/","og_site_name":"Hof-H\u00f6herhaus","article_published_time":"2013-09-02T12:10:29+00:00","article_modified_time":"2021-11-25T00:58:38+00:00","og_image":[{"width":300,"height":225,"url":"https:\/\/hof-hoeherhaus.de\/wp-content\/uploads\/2013\/09\/verbandsmeister-2013-freudenberg-ist-heike-mantel.png","type":"image\/png"}],"author":"Christian Feldmann","twitter_card":"summary_large_image","schema":{"@context":"https:\/\/schema.org","@graph":[{"@type":"Article","@id":"https:\/\/hof-hoeherhaus.de\/index.php\/heike-mantel-ist-verbandsmeister-2013\/#article","isPartOf":{"@id":"https:\/\/hof-hoeherhaus.de\/index.php\/heike-mantel-ist-verbandsmeister-2013\/"},"author":{"name":"Christian Feldmann","@id":"https:\/\/hof-hoeherhaus.de\/#\/schema\/person\/aa335ddcf542d61b4966cdf7ac67785e"},"headline":"Heike Mantel ist Verbandsmeister 2013","datePublished":"2013-09-02T12:10:29+00:00","dateModified":"2021-11-25T00:58:38+00:00","mainEntityOfPage":{"@id":"https:\/\/hof-hoeherhaus.de\/index.php\/heike-mantel-ist-verbandsmeister-2013\/"},"wordCount":438,"publisher":{"@id":"https:\/\/hof-hoeherhaus.de\/#organization"},"image":{"@id":"https:\/\/hof-hoeherhaus.de\/index.php\/heike-mantel-ist-verbandsmeister-2013\/#primaryimage"},"thumbnailUrl":"https:\/\/i0.wp.com\/hof-hoeherhaus.de\/wp-content\/uploads\/2013\/09\/verbandsmeister-2013-freudenberg-ist-heike-mantel.png?fit=300%2C225&ssl=1","keywords":["Freudenberg-Niederndorf","Verbandsmeisterschaft"],"articleSection":["RG-Hof-H\u00f6herhaus"],"inLanguage":"de"},{"@type":"WebPage","@id":"https:\/\/hof-hoeherhaus.de\/index.php\/heike-mantel-ist-verbandsmeister-2013\/","url":"https:\/\/hof-hoeherhaus.de\/index.php\/heike-mantel-ist-verbandsmeister-2013\/","name":"Heike Mantel ist Verbandsmeister 2013 &#8211; Hof-H\u00f6herhaus","isPartOf":{"@id":"https:\/\/hof-hoeherhaus.de\/#website"},"primaryImageOfPage":{"@id":"https:\/\/hof-hoeherhaus.de\/index.php\/heike-mantel-ist-verbandsmeister-2013\/#primaryimage"},"image":{"@id":"https:\/\/hof-hoeherhaus.de\/index.php\/heike-mantel-ist-verbandsmeister-2013\/#primaryimage"},"thumbnailUrl":"https:\/\/i0.wp.com\/hof-hoeherhaus.de\/wp-content\/uploads\/2013\/09\/verbandsmeister-2013-freudenberg-ist-heike-mantel.png?fit=300%2C225&ssl=1","datePublished":"2013-09-02T12:10:29+00:00","dateModified":"2021-11-25T00:58:38+00:00","breadcrumb":{"@id":"https:\/\/hof-hoeherhaus.de\/index.php\/heike-mantel-ist-verbandsmeister-2013\/#breadcrumb"},"inLanguage":"de","potentialAction":[{"@type":"ReadAction","target":["https:\/\/hof-hoeherhaus.de\/index.php\/heike-mantel-ist-verbandsmeister-2013\/"]}]},{"@type":"ImageObject","inLanguage":"de","@id":"https:\/\/hof-hoeherhaus.de\/index.php\/heike-mantel-ist-verbandsmeister-2013\/#primaryimage","url":"https:\/\/i0.wp.com\/hof-hoeherhaus.de\/wp-content\/uploads\/2013\/09\/verbandsmeister-2013-freudenberg-ist-heike-mantel.png?fit=300%2C225&ssl=1","contentUrl":"https:\/\/i0.wp.com\/hof-hoeherhaus.de\/wp-content\/uploads\/2013\/09\/verbandsmeister-2013-freudenberg-ist-heike-mantel.png?fit=300%2C225&ssl=1","width":300,"height":225,"caption":"verbandsmeister-2013-freudenberg-ist-heike-mantel"},{"@type":"BreadcrumbList","@id":"https:\/\/hof-hoeherhaus.de\/index.php\/heike-mantel-ist-verbandsmeister-2013\/#breadcrumb","itemListElement":[{"@type":"ListItem","position":1,"name":"Startseite","item":"https:\/\/hof-hoeherhaus.de\/"},{"@type":"ListItem","position":2,"name":"Heike Mantel ist Verbandsmeister 2013"}]},{"@type":"WebSite","@id":"https:\/\/hof-hoeherhaus.de\/#website","url":"https:\/\/hof-hoeherhaus.de\/","name":"Hof-H\u00f6herhaus","description":"Hof-H\u00f6herhaus - Pferde im sch\u00f6nen Drolshagener und Olper Land.","publisher":{"@id":"https:\/\/hof-hoeherhaus.de\/#organization"},"potentialAction":[{"@type":"SearchAction","target":{"@type":"EntryPoint","urlTemplate":"https:\/\/hof-hoeherhaus.de\/?s={search_term_string}"},"query-input":{"@type":"PropertyValueSpecification","valueRequired":true,"valueName":"search_term_string"}}],"inLanguage":"de"},{"@type":"Organization","@id":"https:\/\/hof-hoeherhaus.de\/#organization","name":"Reitgemeinschaft Hof-Hoeherhaus e.V.","url":"https:\/\/hof-hoeherhaus.de\/","logo":{"@type":"ImageObject","inLanguage":"de","@id":"https:\/\/hof-hoeherhaus.de\/#\/schema\/logo\/image\/","url":"https:\/\/i0.wp.com\/hof-hoeherhaus.de\/wp-content\/uploads\/2021\/11\/18.jpg?fit=1024%2C1024&ssl=1","contentUrl":"https:\/\/i0.wp.com\/hof-hoeherhaus.de\/wp-content\/uploads\/2021\/11\/18.jpg?fit=1024%2C1024&ssl=1","width":1024,"height":1024,"caption":"Reitgemeinschaft Hof-Hoeherhaus e.V."},"image":{"@id":"https:\/\/hof-hoeherhaus.de\/#\/schema\/logo\/image\/"}},{"@type":"Person","@id":"https:\/\/hof-hoeherhaus.de\/#\/schema\/person\/aa335ddcf542d61b4966cdf7ac67785e","name":"Christian Feldmann","image":{"@type":"ImageObject","inLanguage":"de","@id":"https:\/\/secure.gravatar.com\/avatar\/28fbfb8afb0625dad08835ca7f5087c90cf64ed1aa5a3e1754cb0bf81b1b9104?s=96&d=mm&r=g","url":"https:\/\/secure.gravatar.com\/avatar\/28fbfb8afb0625dad08835ca7f5087c90cf64ed1aa5a3e1754cb0bf81b1b9104?s=96&d=mm&r=g","contentUrl":"https:\/\/secure.gravatar.com\/avatar\/28fbfb8afb0625dad08835ca7f5087c90cf64ed1aa5a3e1754cb0bf81b1b9104?s=96&d=mm&r=g","caption":"Christian Feldmann"}}]}},"jetpack_featured_media_url":"https:\/\/i0.wp.com\/hof-hoeherhaus.de\/wp-content\/uploads\/2013\/09\/verbandsmeister-2013-freudenberg-ist-heike-mantel.png?fit=300%2C225&ssl=1","jetpack-related-posts":[{"id":561,"url":"https:\/\/hof-hoeherhaus.de\/index.php\/reiterball-2013-in-siegen\/","url_meta":{"origin":557,"position":0},"title":"Reiterball 2013 in Siegen","author":"Christian Feldmann","date":"1. Dezember 2013","format":false,"excerpt":"F\u00fcr die Turnierreiter des Bezirksverbands Siegen-Olpe-Wittgenstein ist der Reiterball im Leonard-Gl\u00e4ser-Saal der Siegerlandhalle jedes Jahr das feierliche Finale der Turniersaison.\u00a0Auch in diesem Jahr wurden die Verbandsmeister 2013 von Heike Jung einzeln oder in Gruppen auf gro\u00dfer B\u00fchne im Leonhard-Gl\u00e4ser-Saal der Siegerlandhalle geehrt. Der erste Platz der Verbandsmeisterschaft 2013 L-Tour Dressur\u2026","rel":"","context":"In &quot;RG-Hof-H\u00f6herhaus&quot;","block_context":{"text":"RG-Hof-H\u00f6herhaus","link":"https:\/\/hof-hoeherhaus.de\/index.php\/category\/aktuelles-zur-reitgemeinschaft-hof-hoeherhaus\/"},"img":{"alt_text":"","src":"https:\/\/i0.wp.com\/hof-hoeherhaus.de\/wp-content\/uploads\/2013\/12\/reiterball-siegen-2013-00.jpg?resize=350%2C200","width":350,"height":200,"srcset":"https:\/\/i0.wp.com\/hof-hoeherhaus.de\/wp-content\/uploads\/2013\/12\/reiterball-siegen-2013-00.jpg?resize=350%2C200 1x, https:\/\/i0.wp.com\/hof-hoeherhaus.de\/wp-content\/uploads\/2013\/12\/reiterball-siegen-2013-00.jpg?resize=525%2C300 1.5x, https:\/\/i0.wp.com\/hof-hoeherhaus.de\/wp-content\/uploads\/2013\/12\/reiterball-siegen-2013-00.jpg?resize=700%2C400 2x, https:\/\/i0.wp.com\/hof-hoeherhaus.de\/wp-content\/uploads\/2013\/12\/reiterball-siegen-2013-00.jpg?resize=1050%2C600 3x, https:\/\/i0.wp.com\/hof-hoeherhaus.de\/wp-content\/uploads\/2013\/12\/reiterball-siegen-2013-00.jpg?resize=1400%2C800 4x"},"classes":[]},{"id":509,"url":"https:\/\/hof-hoeherhaus.de\/index.php\/heike-mantel-ist-vize-verbandsmeister-2012\/","url_meta":{"origin":557,"position":1},"title":"Heike Mantel ist Vize-Verbandsmeister 2012","author":"Christian Feldmann","date":"26. August 2012","format":false,"excerpt":"Die Verbandsmeisterschaft 2012 des Bezirks-Reiter- und Fahrerverband Siegen \u00b7 Olpe \u00b7 Wittgenstein fand an diesem Wochenende auf \u00a0der sch\u00f6nen Reitanlage des Polo Club Siegen in Weidenau, dem Hofgut Dautenbach statt. Dieser Club hatte die komplette Anlage f\u00fcr diese Meisterschaft zur Verf\u00fcgung gestellt.","rel":"","context":"In &quot;RG-Hof-H\u00f6herhaus&quot;","block_context":{"text":"RG-Hof-H\u00f6herhaus","link":"https:\/\/hof-hoeherhaus.de\/index.php\/category\/aktuelles-zur-reitgemeinschaft-hof-hoeherhaus\/"},"img":{"alt_text":"","src":"https:\/\/i0.wp.com\/hof-hoeherhaus.de\/wp-content\/uploads\/2012\/08\/verbandsmeisterschaft-2012-siegen-fairy-heike-mantel-01.jpg?resize=350%2C200","width":350,"height":200},"classes":[]},{"id":1082,"url":"https:\/\/hof-hoeherhaus.de\/index.php\/ehrung-unserer-verbandsmeister\/","url_meta":{"origin":557,"position":2},"title":"Ehrung unserer Verbandsmeister","author":"Christian Feldmann","date":"20. M\u00e4rz 2017","format":false,"excerpt":"Am 17.02.2017 wurden im Rahmen der Jahreshauptversammlung der Reitgemeinschaft Hof-H\u00f6herhaus e.V. die erfolgreichen Teilnehmerinnen der Verbandsmeisterschaft 2016 des Bezirks-Reiter-und Fahrverbands Siegen-Olpe-Wittgenstein\u00a0geehrt","rel":"","context":"In &quot;Presse&quot;","block_context":{"text":"Presse","link":"https:\/\/hof-hoeherhaus.de\/index.php\/category\/presse\/"},"img":{"alt_text":"","src":"https:\/\/i0.wp.com\/hof-hoeherhaus.de\/wp-content\/uploads\/2017\/02\/Vorstandssitzung-1-von-4.jpg?fit=1200%2C900&ssl=1&resize=350%2C200","width":350,"height":200,"srcset":"https:\/\/i0.wp.com\/hof-hoeherhaus.de\/wp-content\/uploads\/2017\/02\/Vorstandssitzung-1-von-4.jpg?fit=1200%2C900&ssl=1&resize=350%2C200 1x, https:\/\/i0.wp.com\/hof-hoeherhaus.de\/wp-content\/uploads\/2017\/02\/Vorstandssitzung-1-von-4.jpg?fit=1200%2C900&ssl=1&resize=525%2C300 1.5x, https:\/\/i0.wp.com\/hof-hoeherhaus.de\/wp-content\/uploads\/2017\/02\/Vorstandssitzung-1-von-4.jpg?fit=1200%2C900&ssl=1&resize=700%2C400 2x, https:\/\/i0.wp.com\/hof-hoeherhaus.de\/wp-content\/uploads\/2017\/02\/Vorstandssitzung-1-von-4.jpg?fit=1200%2C900&ssl=1&resize=1050%2C600 3x"},"classes":[]},{"id":523,"url":"https:\/\/hof-hoeherhaus.de\/index.php\/reiterball-in-der-siegerlandhalle\/","url_meta":{"origin":557,"position":3},"title":"Reiterball in der Siegerlandhalle","author":"Christian Feldmann","date":"29. November 2012","format":false,"excerpt":"Am vergangenen Samstag fand im Leonhard-Gl\u00e4ser-Saal der Siegerlandhalle in Siegen die Reitsaison 2012 ihr feierliches Ende. Eine Saison, die auch f\u00fcr Heike Mantel von der Reitgemeinschaft Hof-H\u00f6herhaus Drolshagen-Essinghausen eine sehr erfolgreiche war. Das beeindruckende Saisonergebnis von Heike: 19 Platzierungen, davon 15 unter den ersten drei in A und L bei\u2026","rel":"","context":"In &quot;RG-Hof-H\u00f6herhaus&quot;","block_context":{"text":"RG-Hof-H\u00f6herhaus","link":"https:\/\/hof-hoeherhaus.de\/index.php\/category\/aktuelles-zur-reitgemeinschaft-hof-hoeherhaus\/"},"img":{"alt_text":"","src":"https:\/\/i0.wp.com\/hof-hoeherhaus.de\/wp-content\/uploads\/2012\/11\/pferd-olpe-drolshagen-essinghausen-reiterball_siegen_00.jpg?resize=350%2C200","width":350,"height":200,"srcset":"https:\/\/i0.wp.com\/hof-hoeherhaus.de\/wp-content\/uploads\/2012\/11\/pferd-olpe-drolshagen-essinghausen-reiterball_siegen_00.jpg?resize=350%2C200 1x, https:\/\/i0.wp.com\/hof-hoeherhaus.de\/wp-content\/uploads\/2012\/11\/pferd-olpe-drolshagen-essinghausen-reiterball_siegen_00.jpg?resize=525%2C300 1.5x, https:\/\/i0.wp.com\/hof-hoeherhaus.de\/wp-content\/uploads\/2012\/11\/pferd-olpe-drolshagen-essinghausen-reiterball_siegen_00.jpg?resize=700%2C400 2x, https:\/\/i0.wp.com\/hof-hoeherhaus.de\/wp-content\/uploads\/2012\/11\/pferd-olpe-drolshagen-essinghausen-reiterball_siegen_00.jpg?resize=1050%2C600 3x"},"classes":[]},{"id":565,"url":"https:\/\/hof-hoeherhaus.de\/index.php\/2013-der-jahresrueckblick\/","url_meta":{"origin":557,"position":4},"title":"2013-der Jahresr\u00fcckblick","author":"Christian Feldmann","date":"12. Januar 2014","format":false,"excerpt":"Es ist soweit: Ein neues Jahr hat begonnen. Ein perfekter Zeitpunkt, einmal einen Blick in den R\u00fcckspiegel zu werfen und das alte Jahr einmal zu reflektieren. 2013, ein Jahr, auf das man gern zur\u00fcckblickt. Ein Jahr, das bei der Reitgemeinschaft Hof-H\u00f6herhaus in positiver Erinnerung bleibt. Erfolge im Turniersport, neue Vereinszug\u00e4nge,\u2026","rel":"","context":"In &quot;RG-Hof-H\u00f6herhaus&quot;","block_context":{"text":"RG-Hof-H\u00f6herhaus","link":"https:\/\/hof-hoeherhaus.de\/index.php\/category\/aktuelles-zur-reitgemeinschaft-hof-hoeherhaus\/"},"img":{"alt_text":"","src":"https:\/\/i0.wp.com\/hof-hoeherhaus.de\/wp-content\/uploads\/2014\/01\/dressur-ausbildung-5-von-25.jpg?resize=350%2C200","width":350,"height":200,"srcset":"https:\/\/i0.wp.com\/hof-hoeherhaus.de\/wp-content\/uploads\/2014\/01\/dressur-ausbildung-5-von-25.jpg?resize=350%2C200 1x, https:\/\/i0.wp.com\/hof-hoeherhaus.de\/wp-content\/uploads\/2014\/01\/dressur-ausbildung-5-von-25.jpg?resize=525%2C300 1.5x, https:\/\/i0.wp.com\/hof-hoeherhaus.de\/wp-content\/uploads\/2014\/01\/dressur-ausbildung-5-von-25.jpg?resize=700%2C400 2x, https:\/\/i0.wp.com\/hof-hoeherhaus.de\/wp-content\/uploads\/2014\/01\/dressur-ausbildung-5-von-25.jpg?resize=1050%2C600 3x"},"classes":[]},{"id":595,"url":"https:\/\/hof-hoeherhaus.de\/index.php\/furioser-turniersaison-2015\/","url_meta":{"origin":557,"position":5},"title":"Furioser Beginn der Turniersaison 2015","author":"Christian Feldmann","date":"14. Februar 2015","format":false,"excerpt":"Das Turnierjahr 2015 begann f\u00fcr die Reiter vom Hof-H\u00f6herhaus schleppend, aber dennoch erfolgreich. Hier eine kurze Zusammenfassung, die aufgrund der vielen Erfolge doch einiges an Lesestoff bieten. Aber beginnen wir einfach: Bei bescheidenem Wetter macht sich Michaela auf nach Freudenberg, einmal muss ja mal der Anfang gemacht werden. Eine Dressurpr\u00fcfung\u2026","rel":"","context":"In &quot;RG-Hof-H\u00f6herhaus&quot;","block_context":{"text":"RG-Hof-H\u00f6herhaus","link":"https:\/\/hof-hoeherhaus.de\/index.php\/category\/aktuelles-zur-reitgemeinschaft-hof-hoeherhaus\/"},"img":{"alt_text":"","src":"https:\/\/i0.wp.com\/hof-hoeherhaus.de\/wp-content\/uploads\/2015\/06\/carlotta-hof.jpg?fit=300%2C357&ssl=1&resize=350%2C200","width":350,"height":200},"classes":[]}],"jetpack_sharing_enabled":true,"_links":{"self":[{"href":"https:\/\/hof-hoeherhaus.de\/index.php\/wp-json\/wp\/v2\/posts\/557","targetHints":{"allow":["GET"]}}],"collection":[{"href":"https:\/\/hof-hoeherhaus.de\/index.php\/wp-json\/wp\/v2\/posts"}],"about":[{"href":"https:\/\/hof-hoeherhaus.de\/index.php\/wp-json\/wp\/v2\/types\/post"}],"author":[{"embeddable":true,"href":"https:\/\/hof-hoeherhaus.de\/index.php\/wp-json\/wp\/v2\/users\/2"}],"replies":[{"embeddable":true,"href":"https:\/\/hof-hoeherhaus.de\/index.php\/wp-json\/wp\/v2\/comments?post=557"}],"version-history":[{"count":3,"href":"https:\/\/hof-hoeherhaus.de\/index.php\/wp-json\/wp\/v2\/posts\/557\/revisions"}],"predecessor-version":[{"id":3844,"href":"https:\/\/hof-hoeherhaus.de\/index.php\/wp-json\/wp\/v2\/posts\/557\/revisions\/3844"}],"wp:featuredmedia":[{"embeddable":true,"href":"https:\/\/hof-hoeherhaus.de\/index.php\/wp-json\/wp\/v2\/media\/556"}],"wp:attachment":[{"href":"https:\/\/hof-hoeherhaus.de\/index.php\/wp-json\/wp\/v2\/media?parent=557"}],"wp:term":[{"taxonomy":"category","embeddable":true,"href":"https:\/\/hof-hoeherhaus.de\/index.php\/wp-json\/wp\/v2\/categories?post=557"},{"taxonomy":"post_tag","embeddable":true,"href":"https:\/\/hof-hoeherhaus.de\/index.php\/wp-json\/wp\/v2\/tags?post=557"}],"curies":[{"name":"wp","href":"https:\/\/api.w.org\/{rel}","templated":true}]}}