{"id":565,"date":"2014-01-12T16:45:15","date_gmt":"2014-01-12T16:45:15","guid":{"rendered":"http:\/\/wp.rg-hh.de\/index.php\/2014\/01\/12\/2013-der-jahresrueckblick\/"},"modified":"2021-11-25T01:58:31","modified_gmt":"2021-11-25T00:58:31","slug":"2013-der-jahresrueckblick","status":"publish","type":"post","link":"https:\/\/hof-hoeherhaus.de\/index.php\/2013-der-jahresrueckblick\/","title":{"rendered":"2013-der Jahresr\u00fcckblick"},"content":{"rendered":"<p style=\"text-align: justify;\">Es ist soweit: Ein neues Jahr hat begonnen. Ein perfekter Zeitpunkt, einmal einen Blick in den R\u00fcckspiegel zu werfen und das alte Jahr einmal zu reflektieren. 2013, ein Jahr, auf das man gern zur\u00fcckblickt. Ein Jahr, das bei der Reitgemeinschaft Hof-H\u00f6herhaus in positiver Erinnerung bleibt. Erfolge im Turniersport, neue Vereinszug\u00e4nge, kontinuierliche Fortschritte in der Ausbildung, Aktivit\u00e4ten in der Vereinsarbeit, all das haben wir versucht, in einer chronologischen Reihenfolge aufzuarbeiten.<\/p>\n<p style=\"text-align: justify;\">Wie immer standen die ersten Monate im Jahr im Zeichen der Ausbildung. Im Jahre 2013 hat sich unser stalleigener Reitverein nach Au\u00dfen ge\u00f6ffnet und das zeigte sich auch in den Aus- und Fortbildungen. So konnten wir neben den stallans\u00e4ssigen Teilnehmern einige externe Reiter in vielen Dressurlehrg\u00e4ngen, aber auch Sitzschulungen, von Rolf Grebe begr\u00fc\u00dfen. Rolf Grebe wurde im Laufe des Jahres zu einem festen Bestandteil der Ausbildung bei uns und wurde direkt von Beginn an intensiv in Anspruch genommen. Aber auch Christine Friedrich, Egbert Helm und Claudia Seekatz-Fernholz haben intensiv mit unseren Reitern an der Leistungsschraube gedreht.<\/p>\n<p style=\"text-align: justify;\"><!--more--><\/p>\n<div class=\"tiled-gallery type-rectangular tiled-gallery-unresized\" data-original-width=\"900\" data-carousel-extra='{&quot;blog_id&quot;:1,&quot;permalink&quot;:&quot;https:\\\/\\\/hof-hoeherhaus.de\\\/index.php\\\/2013-der-jahresrueckblick\\\/&quot;,&quot;likes_blog_id&quot;:75030670}' itemscope itemtype=\"http:\/\/schema.org\/ImageGallery\" > <div class=\"gallery-row\" style=\"width: 900px; height: 402px;\" data-original-width=\"900\" data-original-height=\"402\" > <div class=\"gallery-group images-1\" style=\"width: 601px; height: 402px;\" data-original-width=\"601\" data-original-height=\"402\" > <div class=\"tiled-gallery-item tiled-gallery-item-large\" itemprop=\"associatedMedia\" itemscope itemtype=\"http:\/\/schema.org\/ImageObject\"> <a href=\"https:\/\/hof-hoeherhaus.de\/index.php\/2013-der-jahresrueckblick\/dressur-ausbildung-5-von-25\/\" border=\"0\" itemprop=\"url\"> <meta itemprop=\"width\" content=\"597\"> <meta itemprop=\"height\" content=\"398\"> <img decoding=\"async\" class=\"\" data-attachment-id=\"1655\" data-orig-file=\"https:\/\/hof-hoeherhaus.de\/wp-content\/uploads\/2014\/01\/dressur-ausbildung-5-von-25.jpg\" data-orig-size=\"1280,853\" data-comments-opened=\"\" data-image-meta=\"{&quot;aperture&quot;:&quot;0&quot;,&quot;credit&quot;:&quot;&quot;,&quot;camera&quot;:&quot;&quot;,&quot;caption&quot;:&quot;&quot;,&quot;created_timestamp&quot;:&quot;0&quot;,&quot;copyright&quot;:&quot;&quot;,&quot;focal_length&quot;:&quot;0&quot;,&quot;iso&quot;:&quot;0&quot;,&quot;shutter_speed&quot;:&quot;0&quot;,&quot;title&quot;:&quot;&quot;,&quot;orientation&quot;:&quot;0&quot;}\" data-image-title=\"dressur-ausbildung (5 von 25)\" data-image-description=\"\" data-medium-file=\"https:\/\/i0.wp.com\/hof-hoeherhaus.de\/wp-content\/uploads\/2014\/01\/dressur-ausbildung-5-von-25.jpg?fit=300%2C200&#038;ssl=1\" data-large-file=\"https:\/\/i0.wp.com\/hof-hoeherhaus.de\/wp-content\/uploads\/2014\/01\/dressur-ausbildung-5-von-25.jpg?fit=900%2C599&#038;ssl=1\" src=\"https:\/\/i0.wp.com\/hof-hoeherhaus.de\/wp-content\/uploads\/2014\/01\/dressur-ausbildung-5-von-25.jpg?w=597&#038;h=398&#038;ssl=1\" srcset=\"https:\/\/i0.wp.com\/hof-hoeherhaus.de\/wp-content\/uploads\/2014\/01\/dressur-ausbildung-5-von-25.jpg?w=1280&amp;ssl=1 1280w, https:\/\/i0.wp.com\/hof-hoeherhaus.de\/wp-content\/uploads\/2014\/01\/dressur-ausbildung-5-von-25.jpg?resize=300%2C200&amp;ssl=1 300w, https:\/\/i0.wp.com\/hof-hoeherhaus.de\/wp-content\/uploads\/2014\/01\/dressur-ausbildung-5-von-25.jpg?resize=768%2C512&amp;ssl=1 768w, https:\/\/i0.wp.com\/hof-hoeherhaus.de\/wp-content\/uploads\/2014\/01\/dressur-ausbildung-5-von-25.jpg?resize=1024%2C682&amp;ssl=1 1024w\" width=\"597\" height=\"398\" loading=\"lazy\" data-original-width=\"597\" data-original-height=\"398\" itemprop=\"http:\/\/schema.org\/image\" title=\"dressur-ausbildung (5 von 25)\" alt=\"dressur-ausbildung (5 von 25)\" style=\"width: 597px; height: 398px;\" \/> <\/a> <\/div> <\/div> <!-- close group --> <div class=\"gallery-group images-2\" style=\"width: 299px; height: 402px;\" data-original-width=\"299\" data-original-height=\"402\" > <div class=\"tiled-gallery-item tiled-gallery-item-large\" itemprop=\"associatedMedia\" itemscope itemtype=\"http:\/\/schema.org\/ImageObject\"> <a href=\"https:\/\/hof-hoeherhaus.de\/index.php\/2013-der-jahresrueckblick\/dressur-ausbildung-21-von-25\/\" border=\"0\" itemprop=\"url\"> <meta itemprop=\"width\" content=\"295\"> <meta itemprop=\"height\" content=\"197\"> <img decoding=\"async\" class=\"\" data-attachment-id=\"1656\" data-orig-file=\"https:\/\/hof-hoeherhaus.de\/wp-content\/uploads\/2014\/01\/dressur-ausbildung-21-von-25.jpg\" data-orig-size=\"1280,853\" data-comments-opened=\"\" data-image-meta=\"{&quot;aperture&quot;:&quot;0&quot;,&quot;credit&quot;:&quot;&quot;,&quot;camera&quot;:&quot;&quot;,&quot;caption&quot;:&quot;&quot;,&quot;created_timestamp&quot;:&quot;0&quot;,&quot;copyright&quot;:&quot;&quot;,&quot;focal_length&quot;:&quot;0&quot;,&quot;iso&quot;:&quot;0&quot;,&quot;shutter_speed&quot;:&quot;0&quot;,&quot;title&quot;:&quot;&quot;,&quot;orientation&quot;:&quot;0&quot;}\" data-image-title=\"dressur-ausbildung (21 von 25)\" data-image-description=\"\" data-medium-file=\"https:\/\/i0.wp.com\/hof-hoeherhaus.de\/wp-content\/uploads\/2014\/01\/dressur-ausbildung-21-von-25.jpg?fit=300%2C200&#038;ssl=1\" data-large-file=\"https:\/\/i0.wp.com\/hof-hoeherhaus.de\/wp-content\/uploads\/2014\/01\/dressur-ausbildung-21-von-25.jpg?fit=900%2C599&#038;ssl=1\" src=\"https:\/\/i0.wp.com\/hof-hoeherhaus.de\/wp-content\/uploads\/2014\/01\/dressur-ausbildung-21-von-25.jpg?w=295&#038;h=197&#038;ssl=1\" srcset=\"https:\/\/i0.wp.com\/hof-hoeherhaus.de\/wp-content\/uploads\/2014\/01\/dressur-ausbildung-21-von-25.jpg?w=1280&amp;ssl=1 1280w, https:\/\/i0.wp.com\/hof-hoeherhaus.de\/wp-content\/uploads\/2014\/01\/dressur-ausbildung-21-von-25.jpg?resize=300%2C200&amp;ssl=1 300w, https:\/\/i0.wp.com\/hof-hoeherhaus.de\/wp-content\/uploads\/2014\/01\/dressur-ausbildung-21-von-25.jpg?resize=768%2C512&amp;ssl=1 768w, https:\/\/i0.wp.com\/hof-hoeherhaus.de\/wp-content\/uploads\/2014\/01\/dressur-ausbildung-21-von-25.jpg?resize=1024%2C682&amp;ssl=1 1024w\" width=\"295\" height=\"197\" loading=\"lazy\" data-original-width=\"295\" data-original-height=\"197\" itemprop=\"http:\/\/schema.org\/image\" title=\"dressur-ausbildung (21 von 25)\" alt=\"dressur-ausbildung (21 von 25)\" style=\"width: 295px; height: 197px;\" \/> <\/a> <\/div> <div class=\"tiled-gallery-item tiled-gallery-item-large\" itemprop=\"associatedMedia\" itemscope itemtype=\"http:\/\/schema.org\/ImageObject\"> <a href=\"https:\/\/hof-hoeherhaus.de\/index.php\/2013-der-jahresrueckblick\/dressur-ausbildung-25-von-25\/\" border=\"0\" itemprop=\"url\"> <meta itemprop=\"width\" content=\"295\"> <meta itemprop=\"height\" content=\"197\"> <img decoding=\"async\" class=\"\" data-attachment-id=\"1657\" data-orig-file=\"https:\/\/hof-hoeherhaus.de\/wp-content\/uploads\/2014\/01\/dressur-ausbildung-25-von-25.jpg\" data-orig-size=\"1280,853\" data-comments-opened=\"\" data-image-meta=\"{&quot;aperture&quot;:&quot;0&quot;,&quot;credit&quot;:&quot;&quot;,&quot;camera&quot;:&quot;&quot;,&quot;caption&quot;:&quot;&quot;,&quot;created_timestamp&quot;:&quot;0&quot;,&quot;copyright&quot;:&quot;&quot;,&quot;focal_length&quot;:&quot;0&quot;,&quot;iso&quot;:&quot;0&quot;,&quot;shutter_speed&quot;:&quot;0&quot;,&quot;title&quot;:&quot;&quot;,&quot;orientation&quot;:&quot;0&quot;}\" data-image-title=\"dressur-ausbildung (25 von 25)\" data-image-description=\"\" data-medium-file=\"https:\/\/i0.wp.com\/hof-hoeherhaus.de\/wp-content\/uploads\/2014\/01\/dressur-ausbildung-25-von-25.jpg?fit=300%2C200&#038;ssl=1\" data-large-file=\"https:\/\/i0.wp.com\/hof-hoeherhaus.de\/wp-content\/uploads\/2014\/01\/dressur-ausbildung-25-von-25.jpg?fit=900%2C599&#038;ssl=1\" src=\"https:\/\/i0.wp.com\/hof-hoeherhaus.de\/wp-content\/uploads\/2014\/01\/dressur-ausbildung-25-von-25.jpg?w=295&#038;h=197&#038;ssl=1\" srcset=\"https:\/\/i0.wp.com\/hof-hoeherhaus.de\/wp-content\/uploads\/2014\/01\/dressur-ausbildung-25-von-25.jpg?w=1280&amp;ssl=1 1280w, https:\/\/i0.wp.com\/hof-hoeherhaus.de\/wp-content\/uploads\/2014\/01\/dressur-ausbildung-25-von-25.jpg?resize=300%2C200&amp;ssl=1 300w, https:\/\/i0.wp.com\/hof-hoeherhaus.de\/wp-content\/uploads\/2014\/01\/dressur-ausbildung-25-von-25.jpg?resize=768%2C512&amp;ssl=1 768w, https:\/\/i0.wp.com\/hof-hoeherhaus.de\/wp-content\/uploads\/2014\/01\/dressur-ausbildung-25-von-25.jpg?resize=1024%2C682&amp;ssl=1 1024w\" width=\"295\" height=\"197\" loading=\"lazy\" data-original-width=\"295\" data-original-height=\"197\" itemprop=\"http:\/\/schema.org\/image\" title=\"dressur-ausbildung (25 von 25)\" alt=\"dressur-ausbildung (25 von 25)\" style=\"width: 295px; height: 197px;\" \/> <\/a> <\/div> <\/div> <!-- close group --> <\/div> <!-- close row --> <div class=\"gallery-row\" style=\"width: 900px; height: 226px;\" data-original-width=\"900\" data-original-height=\"226\" > <div class=\"gallery-group images-1\" style=\"width: 300px; height: 226px;\" data-original-width=\"300\" data-original-height=\"226\" > <div class=\"tiled-gallery-item tiled-gallery-item-large\" itemprop=\"associatedMedia\" itemscope itemtype=\"http:\/\/schema.org\/ImageObject\"> <a href=\"https:\/\/hof-hoeherhaus.de\/index.php\/2013-der-jahresrueckblick\/dressur-training-in-essinghausen\/\" border=\"0\" itemprop=\"url\"> <meta itemprop=\"width\" content=\"296\"> <meta itemprop=\"height\" content=\"222\"> <img decoding=\"async\" class=\"\" data-attachment-id=\"1659\" data-orig-file=\"https:\/\/hof-hoeherhaus.de\/wp-content\/uploads\/2014\/01\/grebelehrgang-4-von-17.jpg\" data-orig-size=\"1280,960\" data-comments-opened=\"\" data-image-meta=\"{&quot;aperture&quot;:&quot;0&quot;,&quot;credit&quot;:&quot;&quot;,&quot;camera&quot;:&quot;&quot;,&quot;caption&quot;:&quot;Dressur Training in Essinghausen&quot;,&quot;created_timestamp&quot;:&quot;0&quot;,&quot;copyright&quot;:&quot;Christian Feldmann&quot;,&quot;focal_length&quot;:&quot;0&quot;,&quot;iso&quot;:&quot;0&quot;,&quot;shutter_speed&quot;:&quot;0&quot;,&quot;title&quot;:&quot;Dressur Training in Essinghausen&quot;,&quot;orientation&quot;:&quot;0&quot;}\" data-image-title=\"Dressur Training in Essinghausen\" data-image-description=\"\" data-medium-file=\"https:\/\/i0.wp.com\/hof-hoeherhaus.de\/wp-content\/uploads\/2014\/01\/grebelehrgang-4-von-17.jpg?fit=300%2C225&#038;ssl=1\" data-large-file=\"https:\/\/i0.wp.com\/hof-hoeherhaus.de\/wp-content\/uploads\/2014\/01\/grebelehrgang-4-von-17.jpg?fit=900%2C675&#038;ssl=1\" src=\"https:\/\/i0.wp.com\/hof-hoeherhaus.de\/wp-content\/uploads\/2014\/01\/grebelehrgang-4-von-17.jpg?w=296&#038;h=222&#038;ssl=1\" srcset=\"https:\/\/i0.wp.com\/hof-hoeherhaus.de\/wp-content\/uploads\/2014\/01\/grebelehrgang-4-von-17.jpg?w=1280&amp;ssl=1 1280w, https:\/\/i0.wp.com\/hof-hoeherhaus.de\/wp-content\/uploads\/2014\/01\/grebelehrgang-4-von-17.jpg?resize=300%2C225&amp;ssl=1 300w, https:\/\/i0.wp.com\/hof-hoeherhaus.de\/wp-content\/uploads\/2014\/01\/grebelehrgang-4-von-17.jpg?resize=768%2C576&amp;ssl=1 768w, https:\/\/i0.wp.com\/hof-hoeherhaus.de\/wp-content\/uploads\/2014\/01\/grebelehrgang-4-von-17.jpg?resize=1024%2C768&amp;ssl=1 1024w\" width=\"296\" height=\"222\" loading=\"lazy\" data-original-width=\"296\" data-original-height=\"222\" itemprop=\"http:\/\/schema.org\/image\" title=\"Dressur Training in Essinghausen\" alt=\"Dressur Training in Essinghausen\" style=\"width: 296px; height: 222px;\" \/> <\/a> <div class=\"tiled-gallery-caption\" itemprop=\"caption description\"> Dressur Training in Essinghausen <\/div> <\/div> <\/div> <!-- close group --> <div class=\"gallery-group images-1\" style=\"width: 300px; height: 226px;\" data-original-width=\"300\" data-original-height=\"226\" > <div class=\"tiled-gallery-item tiled-gallery-item-large\" itemprop=\"associatedMedia\" itemscope itemtype=\"http:\/\/schema.org\/ImageObject\"> <a href=\"https:\/\/hof-hoeherhaus.de\/index.php\/2013-der-jahresrueckblick\/dressur-training-in-essinghausen-2\/\" border=\"0\" itemprop=\"url\"> <meta itemprop=\"width\" content=\"296\"> <meta itemprop=\"height\" content=\"222\"> <img decoding=\"async\" class=\"\" data-attachment-id=\"1660\" data-orig-file=\"https:\/\/hof-hoeherhaus.de\/wp-content\/uploads\/2014\/01\/grebelehrgang-7-von-17.jpg\" data-orig-size=\"1280,960\" data-comments-opened=\"\" data-image-meta=\"{&quot;aperture&quot;:&quot;0&quot;,&quot;credit&quot;:&quot;&quot;,&quot;camera&quot;:&quot;&quot;,&quot;caption&quot;:&quot;Dressur Training in Essinghausen&quot;,&quot;created_timestamp&quot;:&quot;0&quot;,&quot;copyright&quot;:&quot;Christian Feldmann&quot;,&quot;focal_length&quot;:&quot;0&quot;,&quot;iso&quot;:&quot;0&quot;,&quot;shutter_speed&quot;:&quot;0&quot;,&quot;title&quot;:&quot;Dressur Training in Essinghausen&quot;,&quot;orientation&quot;:&quot;0&quot;}\" data-image-title=\"Dressur Training in Essinghausen\" data-image-description=\"\" data-medium-file=\"https:\/\/i0.wp.com\/hof-hoeherhaus.de\/wp-content\/uploads\/2014\/01\/grebelehrgang-7-von-17.jpg?fit=300%2C225&#038;ssl=1\" data-large-file=\"https:\/\/i0.wp.com\/hof-hoeherhaus.de\/wp-content\/uploads\/2014\/01\/grebelehrgang-7-von-17.jpg?fit=900%2C675&#038;ssl=1\" src=\"https:\/\/i0.wp.com\/hof-hoeherhaus.de\/wp-content\/uploads\/2014\/01\/grebelehrgang-7-von-17.jpg?w=296&#038;h=222&#038;ssl=1\" srcset=\"https:\/\/i0.wp.com\/hof-hoeherhaus.de\/wp-content\/uploads\/2014\/01\/grebelehrgang-7-von-17.jpg?w=1280&amp;ssl=1 1280w, https:\/\/i0.wp.com\/hof-hoeherhaus.de\/wp-content\/uploads\/2014\/01\/grebelehrgang-7-von-17.jpg?resize=300%2C225&amp;ssl=1 300w, https:\/\/i0.wp.com\/hof-hoeherhaus.de\/wp-content\/uploads\/2014\/01\/grebelehrgang-7-von-17.jpg?resize=768%2C576&amp;ssl=1 768w, https:\/\/i0.wp.com\/hof-hoeherhaus.de\/wp-content\/uploads\/2014\/01\/grebelehrgang-7-von-17.jpg?resize=1024%2C768&amp;ssl=1 1024w\" width=\"296\" height=\"222\" loading=\"lazy\" data-original-width=\"296\" data-original-height=\"222\" itemprop=\"http:\/\/schema.org\/image\" title=\"Dressur Training in Essinghausen\" alt=\"Dressur Training in Essinghausen\" style=\"width: 296px; height: 222px;\" \/> <\/a> <div class=\"tiled-gallery-caption\" itemprop=\"caption description\"> Dressur Training in Essinghausen <\/div> <\/div> <\/div> <!-- close group --> <div class=\"gallery-group images-1\" style=\"width: 300px; height: 226px;\" data-original-width=\"300\" data-original-height=\"226\" > <div class=\"tiled-gallery-item tiled-gallery-item-large\" itemprop=\"associatedMedia\" itemscope itemtype=\"http:\/\/schema.org\/ImageObject\"> <a href=\"https:\/\/hof-hoeherhaus.de\/index.php\/2013-der-jahresrueckblick\/dressur-training-in-essinghausen-3\/\" border=\"0\" itemprop=\"url\"> <meta itemprop=\"width\" content=\"296\"> <meta itemprop=\"height\" content=\"222\"> <img decoding=\"async\" class=\"\" data-attachment-id=\"1661\" data-orig-file=\"https:\/\/hof-hoeherhaus.de\/wp-content\/uploads\/2014\/01\/grebelehrgang-14-von-17.jpg\" data-orig-size=\"1280,960\" data-comments-opened=\"\" data-image-meta=\"{&quot;aperture&quot;:&quot;0&quot;,&quot;credit&quot;:&quot;&quot;,&quot;camera&quot;:&quot;&quot;,&quot;caption&quot;:&quot;Dressur Training in Essinghausen&quot;,&quot;created_timestamp&quot;:&quot;0&quot;,&quot;copyright&quot;:&quot;Christian Feldmann&quot;,&quot;focal_length&quot;:&quot;0&quot;,&quot;iso&quot;:&quot;0&quot;,&quot;shutter_speed&quot;:&quot;0&quot;,&quot;title&quot;:&quot;Dressur Training in Essinghausen&quot;,&quot;orientation&quot;:&quot;0&quot;}\" data-image-title=\"Dressur Training in Essinghausen\" data-image-description=\"&lt;p&gt;Dressur Training in Essinghausen&lt;\/p&gt; \" data-medium-file=\"https:\/\/i0.wp.com\/hof-hoeherhaus.de\/wp-content\/uploads\/2014\/01\/grebelehrgang-14-von-17.jpg?fit=300%2C225&#038;ssl=1\" data-large-file=\"https:\/\/i0.wp.com\/hof-hoeherhaus.de\/wp-content\/uploads\/2014\/01\/grebelehrgang-14-von-17.jpg?fit=900%2C675&#038;ssl=1\" src=\"https:\/\/i0.wp.com\/hof-hoeherhaus.de\/wp-content\/uploads\/2014\/01\/grebelehrgang-14-von-17.jpg?w=296&#038;h=222&#038;ssl=1\" srcset=\"https:\/\/i0.wp.com\/hof-hoeherhaus.de\/wp-content\/uploads\/2014\/01\/grebelehrgang-14-von-17.jpg?w=1280&amp;ssl=1 1280w, https:\/\/i0.wp.com\/hof-hoeherhaus.de\/wp-content\/uploads\/2014\/01\/grebelehrgang-14-von-17.jpg?resize=300%2C225&amp;ssl=1 300w, https:\/\/i0.wp.com\/hof-hoeherhaus.de\/wp-content\/uploads\/2014\/01\/grebelehrgang-14-von-17.jpg?resize=768%2C576&amp;ssl=1 768w, https:\/\/i0.wp.com\/hof-hoeherhaus.de\/wp-content\/uploads\/2014\/01\/grebelehrgang-14-von-17.jpg?resize=1024%2C768&amp;ssl=1 1024w\" width=\"296\" height=\"222\" loading=\"lazy\" data-original-width=\"296\" data-original-height=\"222\" itemprop=\"http:\/\/schema.org\/image\" title=\"Dressur Training in Essinghausen\" alt=\"Dressur Training in Essinghausen\" style=\"width: 296px; height: 222px;\" \/> <\/a> <div class=\"tiled-gallery-caption\" itemprop=\"caption description\"> Dressur Training in Essinghausen <\/div> <\/div> <\/div> <!-- close group --> <\/div> <!-- close row --> <\/div>\n<p style=\"text-align: justify;\">Auch die Pferdezucht haben wir weiter forciert, indem zahlreiche Hengstvorf\u00fchrungen und -schauen besucht wurden. Potentielle Vererber wurden unter anderem bei der Hengstschau in M\u00fcnster, der Hengstschau der Station Holkenbrink sowie bei der Er\u00f6ffnung der Hengststation Unna-Massen unter die Lupe genommen. Wir haben uns wieder viele Gedanken gemacht und hoffen mit unseren Entscheidungen auf das &#8222;richtige Pferd gesetzt zu haben&#8220;. \u00dcber die Ergebnisse werden wir sicher wieder an dieser Stelle berichten. Also mal ab und zu reinschauen lohnt sich ganz sicher!<\/p>\n<div class=\"tiled-gallery type-rectangular tiled-gallery-unresized\" data-original-width=\"900\" data-carousel-extra='{&quot;blog_id&quot;:1,&quot;permalink&quot;:&quot;https:\\\/\\\/hof-hoeherhaus.de\\\/index.php\\\/2013-der-jahresrueckblick\\\/&quot;,&quot;likes_blog_id&quot;:75030670}' itemscope itemtype=\"http:\/\/schema.org\/ImageGallery\" > <div class=\"gallery-row\" style=\"width: 900px; height: 410px;\" data-original-width=\"900\" data-original-height=\"410\" > <div class=\"gallery-group images-1\" style=\"width: 612px; height: 410px;\" data-original-width=\"612\" data-original-height=\"410\" > <div class=\"tiled-gallery-item tiled-gallery-item-large\" itemprop=\"associatedMedia\" itemscope itemtype=\"http:\/\/schema.org\/ImageObject\"> <a href=\"https:\/\/hof-hoeherhaus.de\/index.php\/2013-der-jahresrueckblick\/hengstschau-muenster-2013-im-rahmen-des-vv-cup\/\" border=\"0\" itemprop=\"url\"> <meta itemprop=\"width\" content=\"608\"> <meta itemprop=\"height\" content=\"406\"> <img decoding=\"async\" class=\"\" data-attachment-id=\"1651\" data-orig-file=\"https:\/\/hof-hoeherhaus.de\/wp-content\/uploads\/2014\/01\/Coronas-1.jpg\" data-orig-size=\"1024,683\" data-comments-opened=\"\" data-image-meta=\"{&quot;aperture&quot;:&quot;0&quot;,&quot;credit&quot;:&quot;&quot;,&quot;camera&quot;:&quot;&quot;,&quot;caption&quot;:&quot;Hengstschau M\\u00fcnster 2013 im Rahmen des V\\u0026amp;V Cup&quot;,&quot;created_timestamp&quot;:&quot;0&quot;,&quot;copyright&quot;:&quot;Christian Feldmann (www.hof-hoeherhaus.de) Weitergabe\\\/Unerlaubte verwendung verboten&quot;,&quot;focal_length&quot;:&quot;0&quot;,&quot;iso&quot;:&quot;0&quot;,&quot;shutter_speed&quot;:&quot;0&quot;,&quot;title&quot;:&quot;Hengstschau M\\u00fcnster 2013 im Rahmen des V\\u0026amp;V Cup&quot;,&quot;orientation&quot;:&quot;0&quot;}\" data-image-title=\"Hengstschau M\u00fcnster 2013 im Rahmen des V&amp;amp;V Cup\" data-image-description=\"\" data-medium-file=\"https:\/\/i0.wp.com\/hof-hoeherhaus.de\/wp-content\/uploads\/2014\/01\/Coronas-1.jpg?fit=300%2C200&#038;ssl=1\" data-large-file=\"https:\/\/i0.wp.com\/hof-hoeherhaus.de\/wp-content\/uploads\/2014\/01\/Coronas-1.jpg?fit=900%2C600&#038;ssl=1\" src=\"https:\/\/i0.wp.com\/hof-hoeherhaus.de\/wp-content\/uploads\/2014\/01\/Coronas-1.jpg?w=608&#038;h=406&#038;ssl=1\" srcset=\"https:\/\/i0.wp.com\/hof-hoeherhaus.de\/wp-content\/uploads\/2014\/01\/Coronas-1.jpg?w=1024&amp;ssl=1 1024w, https:\/\/i0.wp.com\/hof-hoeherhaus.de\/wp-content\/uploads\/2014\/01\/Coronas-1.jpg?resize=300%2C200&amp;ssl=1 300w, https:\/\/i0.wp.com\/hof-hoeherhaus.de\/wp-content\/uploads\/2014\/01\/Coronas-1.jpg?resize=768%2C512&amp;ssl=1 768w\" width=\"608\" height=\"406\" loading=\"lazy\" data-original-width=\"608\" data-original-height=\"406\" itemprop=\"http:\/\/schema.org\/image\" title=\"Hengstschau M\u00fcnster 2013 im Rahmen des V&amp;V Cup\" alt=\"Hengstschau M\u00fcnster 2013 im Rahmen des V&amp;V Cup\" style=\"width: 608px; height: 406px;\" \/> <\/a> <div class=\"tiled-gallery-caption\" itemprop=\"caption description\"> Hengstschau M\u00fcnster 2013 im Rahmen des V&amp;V Cup <\/div> <\/div> <\/div> <!-- close group --> <div class=\"gallery-group images-2\" style=\"width: 288px; height: 410px;\" data-original-width=\"288\" data-original-height=\"410\" > <div class=\"tiled-gallery-item tiled-gallery-item-large\" itemprop=\"associatedMedia\" itemscope itemtype=\"http:\/\/schema.org\/ImageObject\"> <a href=\"https:\/\/hof-hoeherhaus.de\/index.php\/2013-der-jahresrueckblick\/hengstschau-muenster-2013-im-rahmen-des-vv-cup-2\/\" border=\"0\" itemprop=\"url\"> <meta itemprop=\"width\" content=\"284\"> <meta itemprop=\"height\" content=\"213\"> <img decoding=\"async\" class=\"\" data-attachment-id=\"1652\" data-orig-file=\"https:\/\/hof-hoeherhaus.de\/wp-content\/uploads\/2014\/01\/Franziskus-1.jpg\" data-orig-size=\"1024,768\" data-comments-opened=\"\" data-image-meta=\"{&quot;aperture&quot;:&quot;0&quot;,&quot;credit&quot;:&quot;&quot;,&quot;camera&quot;:&quot;&quot;,&quot;caption&quot;:&quot;Hengstschau M\\u00fcnster 2013 im Rahmen des V\\u0026amp;V Cup&quot;,&quot;created_timestamp&quot;:&quot;0&quot;,&quot;copyright&quot;:&quot;Christian Feldmann (www.hof-hoeherhaus.de) Weitergabe\\\/Unerlaubte verwendung verboten&quot;,&quot;focal_length&quot;:&quot;0&quot;,&quot;iso&quot;:&quot;0&quot;,&quot;shutter_speed&quot;:&quot;0&quot;,&quot;title&quot;:&quot;Hengstschau M\\u00fcnster 2013 im Rahmen des V\\u0026amp;V Cup&quot;,&quot;orientation&quot;:&quot;0&quot;}\" data-image-title=\"Hengstschau M\u00fcnster 2013 im Rahmen des V&amp;amp;V Cup\" data-image-description=\"\" data-medium-file=\"https:\/\/i0.wp.com\/hof-hoeherhaus.de\/wp-content\/uploads\/2014\/01\/Franziskus-1.jpg?fit=300%2C225&#038;ssl=1\" data-large-file=\"https:\/\/i0.wp.com\/hof-hoeherhaus.de\/wp-content\/uploads\/2014\/01\/Franziskus-1.jpg?fit=900%2C675&#038;ssl=1\" src=\"https:\/\/i0.wp.com\/hof-hoeherhaus.de\/wp-content\/uploads\/2014\/01\/Franziskus-1.jpg?w=284&#038;h=213&#038;ssl=1\" srcset=\"https:\/\/i0.wp.com\/hof-hoeherhaus.de\/wp-content\/uploads\/2014\/01\/Franziskus-1.jpg?w=1024&amp;ssl=1 1024w, https:\/\/i0.wp.com\/hof-hoeherhaus.de\/wp-content\/uploads\/2014\/01\/Franziskus-1.jpg?resize=300%2C225&amp;ssl=1 300w, https:\/\/i0.wp.com\/hof-hoeherhaus.de\/wp-content\/uploads\/2014\/01\/Franziskus-1.jpg?resize=768%2C576&amp;ssl=1 768w\" width=\"284\" height=\"213\" loading=\"lazy\" data-original-width=\"284\" data-original-height=\"213\" itemprop=\"http:\/\/schema.org\/image\" title=\"Hengstschau M\u00fcnster 2013 im Rahmen des V&amp;V Cup\" alt=\"Hengstschau M\u00fcnster 2013 im Rahmen des V&amp;V Cup\" style=\"width: 284px; height: 213px;\" \/> <\/a> <div class=\"tiled-gallery-caption\" itemprop=\"caption description\"> Hengstschau M\u00fcnster 2013 im Rahmen des V&amp;V Cup <\/div> <\/div> <div class=\"tiled-gallery-item tiled-gallery-item-large\" itemprop=\"associatedMedia\" itemscope itemtype=\"http:\/\/schema.org\/ImageObject\"> <a href=\"https:\/\/hof-hoeherhaus.de\/index.php\/2013-der-jahresrueckblick\/like-a-diamond-1-hengstschau-unna-massen-2013\/\" border=\"0\" itemprop=\"url\"> <meta itemprop=\"width\" content=\"284\"> <meta itemprop=\"height\" content=\"189\"> <img decoding=\"async\" class=\"\" data-attachment-id=\"1653\" data-orig-file=\"https:\/\/hof-hoeherhaus.de\/wp-content\/uploads\/2014\/01\/like-a-diamond-1-hengstschau-unna-massen-2013.jpg\" data-orig-size=\"1024,682\" data-comments-opened=\"\" data-image-meta=\"{&quot;aperture&quot;:&quot;0&quot;,&quot;credit&quot;:&quot;&quot;,&quot;camera&quot;:&quot;&quot;,&quot;caption&quot;:&quot;&quot;,&quot;created_timestamp&quot;:&quot;0&quot;,&quot;copyright&quot;:&quot;&quot;,&quot;focal_length&quot;:&quot;0&quot;,&quot;iso&quot;:&quot;0&quot;,&quot;shutter_speed&quot;:&quot;0&quot;,&quot;title&quot;:&quot;&quot;,&quot;orientation&quot;:&quot;0&quot;}\" data-image-title=\"like-a-diamond-1&amp;#8211;hengstschau-unna-massen-2013\" data-image-description=\"\" data-medium-file=\"https:\/\/i0.wp.com\/hof-hoeherhaus.de\/wp-content\/uploads\/2014\/01\/like-a-diamond-1-hengstschau-unna-massen-2013.jpg?fit=300%2C200&#038;ssl=1\" data-large-file=\"https:\/\/i0.wp.com\/hof-hoeherhaus.de\/wp-content\/uploads\/2014\/01\/like-a-diamond-1-hengstschau-unna-massen-2013.jpg?fit=900%2C599&#038;ssl=1\" src=\"https:\/\/i0.wp.com\/hof-hoeherhaus.de\/wp-content\/uploads\/2014\/01\/like-a-diamond-1-hengstschau-unna-massen-2013.jpg?w=284&#038;h=189&#038;ssl=1\" srcset=\"https:\/\/i0.wp.com\/hof-hoeherhaus.de\/wp-content\/uploads\/2014\/01\/like-a-diamond-1-hengstschau-unna-massen-2013.jpg?w=1024&amp;ssl=1 1024w, https:\/\/i0.wp.com\/hof-hoeherhaus.de\/wp-content\/uploads\/2014\/01\/like-a-diamond-1-hengstschau-unna-massen-2013.jpg?resize=300%2C200&amp;ssl=1 300w, https:\/\/i0.wp.com\/hof-hoeherhaus.de\/wp-content\/uploads\/2014\/01\/like-a-diamond-1-hengstschau-unna-massen-2013.jpg?resize=768%2C512&amp;ssl=1 768w\" width=\"284\" height=\"189\" loading=\"lazy\" data-original-width=\"284\" data-original-height=\"189\" itemprop=\"http:\/\/schema.org\/image\" title=\"like-a-diamond-1--hengstschau-unna-massen-2013\" alt=\"like-a-diamond-1--hengstschau-unna-massen-2013\" style=\"width: 284px; height: 189px;\" \/> <\/a> <\/div> <\/div> <!-- close group --> <\/div> <!-- close row --> <div class=\"gallery-row\" style=\"width: 900px; height: 676px;\" data-original-width=\"900\" data-original-height=\"676\" > <div class=\"gallery-group images-1\" style=\"width: 900px; height: 676px;\" data-original-width=\"900\" data-original-height=\"676\" > <div class=\"tiled-gallery-item tiled-gallery-item-large\" itemprop=\"associatedMedia\" itemscope itemtype=\"http:\/\/schema.org\/ImageObject\"> <a href=\"https:\/\/hof-hoeherhaus.de\/index.php\/2013-der-jahresrueckblick\/hengstschau-muenster-2013-im-rahmen-des-vv-cup-3\/\" border=\"0\" itemprop=\"url\"> <meta itemprop=\"width\" content=\"896\"> <meta itemprop=\"height\" content=\"672\"> <img decoding=\"async\" class=\"\" data-attachment-id=\"1654\" data-orig-file=\"https:\/\/hof-hoeherhaus.de\/wp-content\/uploads\/2014\/01\/Van-Vivaldi-1.jpg\" data-orig-size=\"1024,768\" data-comments-opened=\"\" data-image-meta=\"{&quot;aperture&quot;:&quot;0&quot;,&quot;credit&quot;:&quot;&quot;,&quot;camera&quot;:&quot;&quot;,&quot;caption&quot;:&quot;Hengstschau M\\u00fcnster 2013 im Rahmen des V\\u0026amp;V Cup&quot;,&quot;created_timestamp&quot;:&quot;0&quot;,&quot;copyright&quot;:&quot;Christian Feldmann (www.hof-hoeherhaus.de) Weitergabe\\\/Unerlaubte verwendung verboten&quot;,&quot;focal_length&quot;:&quot;0&quot;,&quot;iso&quot;:&quot;0&quot;,&quot;shutter_speed&quot;:&quot;0&quot;,&quot;title&quot;:&quot;Hengstschau M\\u00fcnster 2013 im Rahmen des V\\u0026amp;V Cup&quot;,&quot;orientation&quot;:&quot;0&quot;}\" data-image-title=\"Hengstschau M\u00fcnster 2013 im Rahmen des V&amp;amp;V Cup\" data-image-description=\"\" data-medium-file=\"https:\/\/i0.wp.com\/hof-hoeherhaus.de\/wp-content\/uploads\/2014\/01\/Van-Vivaldi-1.jpg?fit=300%2C225&#038;ssl=1\" data-large-file=\"https:\/\/i0.wp.com\/hof-hoeherhaus.de\/wp-content\/uploads\/2014\/01\/Van-Vivaldi-1.jpg?fit=900%2C675&#038;ssl=1\" src=\"https:\/\/i0.wp.com\/hof-hoeherhaus.de\/wp-content\/uploads\/2014\/01\/Van-Vivaldi-1.jpg?w=896&#038;h=672&#038;ssl=1\" srcset=\"https:\/\/i0.wp.com\/hof-hoeherhaus.de\/wp-content\/uploads\/2014\/01\/Van-Vivaldi-1.jpg?w=1024&amp;ssl=1 1024w, https:\/\/i0.wp.com\/hof-hoeherhaus.de\/wp-content\/uploads\/2014\/01\/Van-Vivaldi-1.jpg?resize=300%2C225&amp;ssl=1 300w, https:\/\/i0.wp.com\/hof-hoeherhaus.de\/wp-content\/uploads\/2014\/01\/Van-Vivaldi-1.jpg?resize=768%2C576&amp;ssl=1 768w\" width=\"896\" height=\"672\" loading=\"lazy\" data-original-width=\"896\" data-original-height=\"672\" itemprop=\"http:\/\/schema.org\/image\" title=\"Hengstschau M\u00fcnster 2013 im Rahmen des V&amp;V Cup\" alt=\"Hengstschau M\u00fcnster 2013 im Rahmen des V&amp;V Cup\" style=\"width: 896px; height: 672px;\" \/> <\/a> <div class=\"tiled-gallery-caption\" itemprop=\"caption description\"> Hengstschau M\u00fcnster 2013 im Rahmen des V&amp;V Cup <\/div> <\/div> <\/div> <!-- close group --> <\/div> <!-- close row --> <\/div>\n<p style=\"text-align: justify;\">Ab April ging es dann ans Eingemachte. Die Reitertage in Kierspe wurden zu einem wirklich erfolgreichen Wochenende f\u00fcr die Mitglieder der RG-Hof-H\u00f6herhaus. Heike Mantel gewann die Dressurpferdepr\u00fcfung der Klasse L auf Fairytopia mit einer Wertnote von 7,9, sowie die Dressurreiterpr\u00fcfung der Klasse L. Laura Hudetz platzierte die Stute Ravenna mit der Wertnote 6,9 in&nbsp;einer Dressurpr\u00fcfung der Klasse E. In Kreuztal ging es f\u00fcr Heike und Fairy direkt erfolgreich weiter. Sie gewannen eine Dressurreiterpr\u00fcfung der Klasse L mit einer beachtlichen Wertnote von 8,2. Mit einer Wertnote von 7,8 sicherte sich das Paar zudem den ersten Platz in einer Dressurpr\u00fcfung der Klasse L auf Kandare. Wahnsinn!<\/p>\n<div class=\"tiled-gallery type-rectangular tiled-gallery-unresized\" data-original-width=\"900\" data-carousel-extra='{&quot;blog_id&quot;:1,&quot;permalink&quot;:&quot;https:\\\/\\\/hof-hoeherhaus.de\\\/index.php\\\/2013-der-jahresrueckblick\\\/&quot;,&quot;likes_blog_id&quot;:75030670}' itemscope itemtype=\"http:\/\/schema.org\/ImageGallery\" > <div class=\"gallery-row\" style=\"width: 900px; height: 450px;\" data-original-width=\"900\" data-original-height=\"450\" > <div class=\"gallery-group images-1\" style=\"width: 450px; height: 450px;\" data-original-width=\"450\" data-original-height=\"450\" > <div class=\"tiled-gallery-item tiled-gallery-item-large\" itemprop=\"associatedMedia\" itemscope itemtype=\"http:\/\/schema.org\/ImageObject\"> <a href=\"https:\/\/hof-hoeherhaus.de\/index.php\/2013-der-jahresrueckblick\/turnier-kierspe-04-laura-hudetz-2\/\" border=\"0\" itemprop=\"url\"> <meta itemprop=\"width\" content=\"446\"> <meta itemprop=\"height\" content=\"446\"> <img decoding=\"async\" class=\"\" data-attachment-id=\"1665\" data-orig-file=\"https:\/\/hof-hoeherhaus.de\/wp-content\/uploads\/2014\/01\/turnier-kierspe-04-laura-hudetz-1.jpg\" data-orig-size=\"1280,1280\" data-comments-opened=\"\" data-image-meta=\"{&quot;aperture&quot;:&quot;0&quot;,&quot;credit&quot;:&quot;&quot;,&quot;camera&quot;:&quot;&quot;,&quot;caption&quot;:&quot;&quot;,&quot;created_timestamp&quot;:&quot;0&quot;,&quot;copyright&quot;:&quot;&quot;,&quot;focal_length&quot;:&quot;0&quot;,&quot;iso&quot;:&quot;0&quot;,&quot;shutter_speed&quot;:&quot;0&quot;,&quot;title&quot;:&quot;&quot;,&quot;orientation&quot;:&quot;0&quot;}\" data-image-title=\"turnier-kierspe-04-laura-hudetz\" data-image-description=\"\" data-medium-file=\"https:\/\/i0.wp.com\/hof-hoeherhaus.de\/wp-content\/uploads\/2014\/01\/turnier-kierspe-04-laura-hudetz-1.jpg?fit=300%2C300&#038;ssl=1\" data-large-file=\"https:\/\/i0.wp.com\/hof-hoeherhaus.de\/wp-content\/uploads\/2014\/01\/turnier-kierspe-04-laura-hudetz-1.jpg?fit=900%2C900&#038;ssl=1\" src=\"https:\/\/i0.wp.com\/hof-hoeherhaus.de\/wp-content\/uploads\/2014\/01\/turnier-kierspe-04-laura-hudetz-1.jpg?w=446&#038;h=446&#038;crop=1&#038;ssl=1\" srcset=\"https:\/\/i0.wp.com\/hof-hoeherhaus.de\/wp-content\/uploads\/2014\/01\/turnier-kierspe-04-laura-hudetz-1.jpg?w=1280&amp;ssl=1 1280w, https:\/\/i0.wp.com\/hof-hoeherhaus.de\/wp-content\/uploads\/2014\/01\/turnier-kierspe-04-laura-hudetz-1.jpg?resize=150%2C150&amp;ssl=1 150w, https:\/\/i0.wp.com\/hof-hoeherhaus.de\/wp-content\/uploads\/2014\/01\/turnier-kierspe-04-laura-hudetz-1.jpg?resize=300%2C300&amp;ssl=1 300w, https:\/\/i0.wp.com\/hof-hoeherhaus.de\/wp-content\/uploads\/2014\/01\/turnier-kierspe-04-laura-hudetz-1.jpg?resize=768%2C768&amp;ssl=1 768w, https:\/\/i0.wp.com\/hof-hoeherhaus.de\/wp-content\/uploads\/2014\/01\/turnier-kierspe-04-laura-hudetz-1.jpg?resize=1024%2C1024&amp;ssl=1 1024w\" width=\"446\" height=\"446\" loading=\"lazy\" data-original-width=\"446\" data-original-height=\"446\" itemprop=\"http:\/\/schema.org\/image\" title=\"turnier-kierspe-04-laura-hudetz\" alt=\"turnier-kierspe-04-laura-hudetz\" style=\"width: 446px; height: 446px;\" \/> <\/a> <\/div> <\/div> <!-- close group --> <div class=\"gallery-group images-1\" style=\"width: 450px; height: 450px;\" data-original-width=\"450\" data-original-height=\"450\" > <div class=\"tiled-gallery-item tiled-gallery-item-large\" itemprop=\"associatedMedia\" itemscope itemtype=\"http:\/\/schema.org\/ImageObject\"> <a href=\"https:\/\/hof-hoeherhaus.de\/index.php\/2013-der-jahresrueckblick\/turnier-kierspe-heike-fairy-10-2\/\" border=\"0\" itemprop=\"url\"> <meta itemprop=\"width\" content=\"446\"> <meta itemprop=\"height\" content=\"446\"> <img decoding=\"async\" class=\"\" data-attachment-id=\"1666\" data-orig-file=\"https:\/\/hof-hoeherhaus.de\/wp-content\/uploads\/2014\/01\/turnier-kierspe-heike-fairy-10-1.jpg\" data-orig-size=\"1280,1280\" data-comments-opened=\"\" data-image-meta=\"{&quot;aperture&quot;:&quot;0&quot;,&quot;credit&quot;:&quot;&quot;,&quot;camera&quot;:&quot;&quot;,&quot;caption&quot;:&quot;&quot;,&quot;created_timestamp&quot;:&quot;0&quot;,&quot;copyright&quot;:&quot;&quot;,&quot;focal_length&quot;:&quot;0&quot;,&quot;iso&quot;:&quot;0&quot;,&quot;shutter_speed&quot;:&quot;0&quot;,&quot;title&quot;:&quot;&quot;,&quot;orientation&quot;:&quot;0&quot;}\" data-image-title=\"turnier-kierspe-heike-fairy-10\" data-image-description=\"\" data-medium-file=\"https:\/\/i0.wp.com\/hof-hoeherhaus.de\/wp-content\/uploads\/2014\/01\/turnier-kierspe-heike-fairy-10-1.jpg?fit=300%2C300&#038;ssl=1\" data-large-file=\"https:\/\/i0.wp.com\/hof-hoeherhaus.de\/wp-content\/uploads\/2014\/01\/turnier-kierspe-heike-fairy-10-1.jpg?fit=900%2C900&#038;ssl=1\" src=\"https:\/\/i0.wp.com\/hof-hoeherhaus.de\/wp-content\/uploads\/2014\/01\/turnier-kierspe-heike-fairy-10-1.jpg?w=446&#038;h=446&#038;crop=1&#038;ssl=1\" srcset=\"https:\/\/i0.wp.com\/hof-hoeherhaus.de\/wp-content\/uploads\/2014\/01\/turnier-kierspe-heike-fairy-10-1.jpg?w=1280&amp;ssl=1 1280w, https:\/\/i0.wp.com\/hof-hoeherhaus.de\/wp-content\/uploads\/2014\/01\/turnier-kierspe-heike-fairy-10-1.jpg?resize=150%2C150&amp;ssl=1 150w, https:\/\/i0.wp.com\/hof-hoeherhaus.de\/wp-content\/uploads\/2014\/01\/turnier-kierspe-heike-fairy-10-1.jpg?resize=300%2C300&amp;ssl=1 300w, https:\/\/i0.wp.com\/hof-hoeherhaus.de\/wp-content\/uploads\/2014\/01\/turnier-kierspe-heike-fairy-10-1.jpg?resize=768%2C768&amp;ssl=1 768w, https:\/\/i0.wp.com\/hof-hoeherhaus.de\/wp-content\/uploads\/2014\/01\/turnier-kierspe-heike-fairy-10-1.jpg?resize=1024%2C1024&amp;ssl=1 1024w\" width=\"446\" height=\"446\" loading=\"lazy\" data-original-width=\"446\" data-original-height=\"446\" itemprop=\"http:\/\/schema.org\/image\" title=\"turnier-kierspe-heike-fairy-10\" alt=\"turnier-kierspe-heike-fairy-10\" style=\"width: 446px; height: 446px;\" \/> <\/a> <\/div> <\/div> <!-- close group --> <\/div> <!-- close row --> <\/div>\n<p style=\"text-align: justify;\">Im April ein weiteres, sehr freudige Ereignis auf Hof-H\u00f6herhaus. Ferdinand, ein kleines Hengstfohlen aus Verb.Pr.St. Lauriece von Hengst Franziskus der Hengststation Holkenbrink, erblickt die Welt. Von Beginn an begeisterte er mit tollem Charakter und guter Veranlagung. Dies blieb nicht unentdeckt und auch andere wurden auf ihn aufmerksam. Auf der Stutenschau in Attendorn-Repetal wurde er herausgestellt und bekam die Zulassung f\u00fcr die NRW-Pedigree Auktion in M\u00fcnster-Handorf. Dort wurde der Kleine von Theo Schurf von der Hengststation AT Schurf ersteigert. Pferdezucht hin und Pferdzucht her, wenn ein Fohlen geht ist es immer traurig. Wir dr\u00fccken dem Kleinen auf seinem Werdegang fest die Daumen und behalten ihn im Auge. Wir werden ihn sicher mal besuchen und weiter von ihm berichten.<\/p>\n<div class=\"tiled-gallery type-rectangular tiled-gallery-unresized\" data-original-width=\"900\" data-carousel-extra='{&quot;blog_id&quot;:1,&quot;permalink&quot;:&quot;https:\\\/\\\/hof-hoeherhaus.de\\\/index.php\\\/2013-der-jahresrueckblick\\\/&quot;,&quot;likes_blog_id&quot;:75030670}' itemscope itemtype=\"http:\/\/schema.org\/ImageGallery\" > <div class=\"gallery-row\" style=\"width: 900px; height: 301px;\" data-original-width=\"900\" data-original-height=\"301\" > <div class=\"gallery-group images-1\" style=\"width: 450px; height: 301px;\" data-original-width=\"450\" data-original-height=\"301\" > <div class=\"tiled-gallery-item tiled-gallery-item-large\" itemprop=\"associatedMedia\" itemscope itemtype=\"http:\/\/schema.org\/ImageObject\"> <a href=\"https:\/\/hof-hoeherhaus.de\/index.php\/2013-der-jahresrueckblick\/ferdinand_fertig-2\/\" border=\"0\" itemprop=\"url\"> <meta itemprop=\"width\" content=\"446\"> <meta itemprop=\"height\" content=\"297\"> <img decoding=\"async\" class=\"\" data-attachment-id=\"1667\" data-orig-file=\"https:\/\/hof-hoeherhaus.de\/wp-content\/uploads\/2014\/01\/ferdinand_fertig.jpg\" data-orig-size=\"1280,853\" data-comments-opened=\"\" data-image-meta=\"{&quot;aperture&quot;:&quot;0&quot;,&quot;credit&quot;:&quot;&quot;,&quot;camera&quot;:&quot;&quot;,&quot;caption&quot;:&quot;&quot;,&quot;created_timestamp&quot;:&quot;0&quot;,&quot;copyright&quot;:&quot;&quot;,&quot;focal_length&quot;:&quot;0&quot;,&quot;iso&quot;:&quot;0&quot;,&quot;shutter_speed&quot;:&quot;0&quot;,&quot;title&quot;:&quot;&quot;,&quot;orientation&quot;:&quot;0&quot;}\" data-image-title=\"ferdinand_fertig\" data-image-description=\"\" data-medium-file=\"https:\/\/i0.wp.com\/hof-hoeherhaus.de\/wp-content\/uploads\/2014\/01\/ferdinand_fertig.jpg?fit=300%2C200&#038;ssl=1\" data-large-file=\"https:\/\/i0.wp.com\/hof-hoeherhaus.de\/wp-content\/uploads\/2014\/01\/ferdinand_fertig.jpg?fit=900%2C599&#038;ssl=1\" src=\"https:\/\/i0.wp.com\/hof-hoeherhaus.de\/wp-content\/uploads\/2014\/01\/ferdinand_fertig.jpg?w=446&#038;h=297&#038;ssl=1\" srcset=\"https:\/\/i0.wp.com\/hof-hoeherhaus.de\/wp-content\/uploads\/2014\/01\/ferdinand_fertig.jpg?w=1280&amp;ssl=1 1280w, https:\/\/i0.wp.com\/hof-hoeherhaus.de\/wp-content\/uploads\/2014\/01\/ferdinand_fertig.jpg?resize=300%2C200&amp;ssl=1 300w, https:\/\/i0.wp.com\/hof-hoeherhaus.de\/wp-content\/uploads\/2014\/01\/ferdinand_fertig.jpg?resize=768%2C512&amp;ssl=1 768w, https:\/\/i0.wp.com\/hof-hoeherhaus.de\/wp-content\/uploads\/2014\/01\/ferdinand_fertig.jpg?resize=1024%2C682&amp;ssl=1 1024w\" width=\"446\" height=\"297\" loading=\"lazy\" data-original-width=\"446\" data-original-height=\"297\" itemprop=\"http:\/\/schema.org\/image\" title=\"ferdinand_fertig\" alt=\"ferdinand_fertig\" style=\"width: 446px; height: 297px;\" \/> <\/a> <\/div> <\/div> <!-- close group --> <div class=\"gallery-group images-1\" style=\"width: 450px; height: 301px;\" data-original-width=\"450\" data-original-height=\"301\" > <div class=\"tiled-gallery-item tiled-gallery-item-large\" itemprop=\"associatedMedia\" itemscope itemtype=\"http:\/\/schema.org\/ImageObject\"> <a href=\"https:\/\/hof-hoeherhaus.de\/index.php\/2013-der-jahresrueckblick\/ferdinand-franziskus-2\/\" border=\"0\" itemprop=\"url\"> <meta itemprop=\"width\" content=\"446\"> <meta itemprop=\"height\" content=\"297\"> <img decoding=\"async\" class=\"\" data-attachment-id=\"1668\" data-orig-file=\"https:\/\/hof-hoeherhaus.de\/wp-content\/uploads\/2014\/01\/ferdinand-franziskus-2.jpg\" data-orig-size=\"1280,853\" data-comments-opened=\"\" data-image-meta=\"{&quot;aperture&quot;:&quot;0&quot;,&quot;credit&quot;:&quot;&quot;,&quot;camera&quot;:&quot;&quot;,&quot;caption&quot;:&quot;&quot;,&quot;created_timestamp&quot;:&quot;0&quot;,&quot;copyright&quot;:&quot;&quot;,&quot;focal_length&quot;:&quot;0&quot;,&quot;iso&quot;:&quot;0&quot;,&quot;shutter_speed&quot;:&quot;0&quot;,&quot;title&quot;:&quot;&quot;,&quot;orientation&quot;:&quot;0&quot;}\" data-image-title=\"ferdinand-franziskus-2\" data-image-description=\"\" data-medium-file=\"https:\/\/i0.wp.com\/hof-hoeherhaus.de\/wp-content\/uploads\/2014\/01\/ferdinand-franziskus-2.jpg?fit=300%2C200&#038;ssl=1\" data-large-file=\"https:\/\/i0.wp.com\/hof-hoeherhaus.de\/wp-content\/uploads\/2014\/01\/ferdinand-franziskus-2.jpg?fit=900%2C599&#038;ssl=1\" src=\"https:\/\/i0.wp.com\/hof-hoeherhaus.de\/wp-content\/uploads\/2014\/01\/ferdinand-franziskus-2.jpg?w=446&#038;h=297&#038;ssl=1\" srcset=\"https:\/\/i0.wp.com\/hof-hoeherhaus.de\/wp-content\/uploads\/2014\/01\/ferdinand-franziskus-2.jpg?w=1280&amp;ssl=1 1280w, https:\/\/i0.wp.com\/hof-hoeherhaus.de\/wp-content\/uploads\/2014\/01\/ferdinand-franziskus-2.jpg?resize=300%2C200&amp;ssl=1 300w, https:\/\/i0.wp.com\/hof-hoeherhaus.de\/wp-content\/uploads\/2014\/01\/ferdinand-franziskus-2.jpg?resize=768%2C512&amp;ssl=1 768w, https:\/\/i0.wp.com\/hof-hoeherhaus.de\/wp-content\/uploads\/2014\/01\/ferdinand-franziskus-2.jpg?resize=1024%2C682&amp;ssl=1 1024w\" width=\"446\" height=\"297\" loading=\"lazy\" data-original-width=\"446\" data-original-height=\"297\" itemprop=\"http:\/\/schema.org\/image\" title=\"ferdinand-franziskus-2\" alt=\"ferdinand-franziskus-2\" style=\"width: 446px; height: 297px;\" \/> <\/a> <\/div> <\/div> <!-- close group --> <\/div> <!-- close row --> <\/div>\n<p style=\"text-align: justify;\">Gute Pferdefotos in einer Reithalle mit diffusem Licht sind schwierig? Da ist ganz sicher etwas dran! Dass man damit aber doch nicht ganz richtig liegt, haben die Mitglieder des Footobooth Attendorn im Sommer des letzten Jahres gezeigt. Der kleine Fotoclub hat sich im Rahmen eines Workshops einerseits mit dem Thema &#8222;Pferde in Bewegung&#8220; und andererseits mit der \u201eLow-Key-Fotografie&#8220; besch\u00e4ftigt. Wir haben zu diesem Zweck unsere Anlage zur Verf\u00fcgung gestellt und mit unserem Know-How aus dem Reitsport und dem Pferd allgemein zur Seite gestanden. Marion R\u00f6hr und Heike Mantel polierten zus\u00e4tzlich ihre beiden Pferde, den Friesenhengst Kornelius vom Lindenbaum und die Dressurstute Fairytopia, auf Hochglanz, damit sie perfekt in Szene gesetzt werden konnten.<\/p>\n<div class=\"tiled-gallery type-rectangular tiled-gallery-unresized\" data-original-width=\"900\" data-carousel-extra='{&quot;blog_id&quot;:1,&quot;permalink&quot;:&quot;https:\\\/\\\/hof-hoeherhaus.de\\\/index.php\\\/2013-der-jahresrueckblick\\\/&quot;,&quot;likes_blog_id&quot;:75030670}' itemscope itemtype=\"http:\/\/schema.org\/ImageGallery\" > <div class=\"gallery-row\" style=\"width: 900px; height: 178px;\" data-original-width=\"900\" data-original-height=\"178\" > <div class=\"gallery-group images-1\" style=\"width: 265px; height: 178px;\" data-original-width=\"265\" data-original-height=\"178\" > <div class=\"tiled-gallery-item tiled-gallery-item-large\" itemprop=\"associatedMedia\" itemscope itemtype=\"http:\/\/schema.org\/ImageObject\"> <a href=\"https:\/\/hof-hoeherhaus.de\/index.php\/2013-der-jahresrueckblick\/pferdefotos-15-von-22\/\" border=\"0\" itemprop=\"url\"> <meta itemprop=\"width\" content=\"261\"> <meta itemprop=\"height\" content=\"174\"> <img decoding=\"async\" class=\"\" data-attachment-id=\"1669\" data-orig-file=\"https:\/\/hof-hoeherhaus.de\/wp-content\/uploads\/2014\/01\/Pferdefotos-15-von-22.jpg\" data-orig-size=\"1280,853\" data-comments-opened=\"\" data-image-meta=\"{&quot;aperture&quot;:&quot;0&quot;,&quot;credit&quot;:&quot;&quot;,&quot;camera&quot;:&quot;&quot;,&quot;caption&quot;:&quot;&quot;,&quot;created_timestamp&quot;:&quot;0&quot;,&quot;copyright&quot;:&quot;Gerrit Cramer - www.gerrit-cramer.de&quot;,&quot;focal_length&quot;:&quot;0&quot;,&quot;iso&quot;:&quot;0&quot;,&quot;shutter_speed&quot;:&quot;0&quot;,&quot;title&quot;:&quot;&quot;,&quot;orientation&quot;:&quot;0&quot;}\" data-image-title=\"Lehrgang: Pferdefotografie\" data-image-description=\"&lt;p&gt;Lehrgang: Pferdefotografie&lt;\/p&gt; \" data-medium-file=\"https:\/\/i0.wp.com\/hof-hoeherhaus.de\/wp-content\/uploads\/2014\/01\/Pferdefotos-15-von-22.jpg?fit=300%2C200&#038;ssl=1\" data-large-file=\"https:\/\/i0.wp.com\/hof-hoeherhaus.de\/wp-content\/uploads\/2014\/01\/Pferdefotos-15-von-22.jpg?fit=900%2C599&#038;ssl=1\" src=\"https:\/\/i0.wp.com\/hof-hoeherhaus.de\/wp-content\/uploads\/2014\/01\/Pferdefotos-15-von-22.jpg?w=261&#038;h=174&#038;ssl=1\" srcset=\"https:\/\/i0.wp.com\/hof-hoeherhaus.de\/wp-content\/uploads\/2014\/01\/Pferdefotos-15-von-22.jpg?w=1280&amp;ssl=1 1280w, https:\/\/i0.wp.com\/hof-hoeherhaus.de\/wp-content\/uploads\/2014\/01\/Pferdefotos-15-von-22.jpg?resize=300%2C200&amp;ssl=1 300w, https:\/\/i0.wp.com\/hof-hoeherhaus.de\/wp-content\/uploads\/2014\/01\/Pferdefotos-15-von-22.jpg?resize=768%2C512&amp;ssl=1 768w, https:\/\/i0.wp.com\/hof-hoeherhaus.de\/wp-content\/uploads\/2014\/01\/Pferdefotos-15-von-22.jpg?resize=1024%2C682&amp;ssl=1 1024w\" width=\"261\" height=\"174\" loading=\"lazy\" data-original-width=\"261\" data-original-height=\"174\" itemprop=\"http:\/\/schema.org\/image\" title=\"Lehrgang: Pferdefotografie\" alt=\"Lehrgang: Pferdefotografie\" style=\"width: 261px; height: 174px;\" \/> <\/a> <div class=\"tiled-gallery-caption\" itemprop=\"caption description\"> Lehrgang: Pferdefotografie <\/div> <\/div> <\/div> <!-- close group --> <div class=\"gallery-group images-1\" style=\"width: 265px; height: 178px;\" data-original-width=\"265\" data-original-height=\"178\" > <div class=\"tiled-gallery-item tiled-gallery-item-large\" itemprop=\"associatedMedia\" itemscope itemtype=\"http:\/\/schema.org\/ImageObject\"> <a href=\"https:\/\/hof-hoeherhaus.de\/index.php\/2013-der-jahresrueckblick\/pferdefotos-16-von-22\/\" border=\"0\" itemprop=\"url\"> <meta itemprop=\"width\" content=\"261\"> <meta itemprop=\"height\" content=\"174\"> <img decoding=\"async\" class=\"\" data-attachment-id=\"1670\" data-orig-file=\"https:\/\/hof-hoeherhaus.de\/wp-content\/uploads\/2014\/01\/Pferdefotos-16-von-22.jpg\" data-orig-size=\"1280,853\" data-comments-opened=\"\" data-image-meta=\"{&quot;aperture&quot;:&quot;0&quot;,&quot;credit&quot;:&quot;&quot;,&quot;camera&quot;:&quot;&quot;,&quot;caption&quot;:&quot;&quot;,&quot;created_timestamp&quot;:&quot;0&quot;,&quot;copyright&quot;:&quot;Gerrit Cramer - www.gerrit-cramer.de&quot;,&quot;focal_length&quot;:&quot;0&quot;,&quot;iso&quot;:&quot;0&quot;,&quot;shutter_speed&quot;:&quot;0&quot;,&quot;title&quot;:&quot;&quot;,&quot;orientation&quot;:&quot;0&quot;}\" data-image-title=\"Pferdefotos (16 von 22)\" data-image-description=\"\" data-medium-file=\"https:\/\/i0.wp.com\/hof-hoeherhaus.de\/wp-content\/uploads\/2014\/01\/Pferdefotos-16-von-22.jpg?fit=300%2C200&#038;ssl=1\" data-large-file=\"https:\/\/i0.wp.com\/hof-hoeherhaus.de\/wp-content\/uploads\/2014\/01\/Pferdefotos-16-von-22.jpg?fit=900%2C599&#038;ssl=1\" src=\"https:\/\/i0.wp.com\/hof-hoeherhaus.de\/wp-content\/uploads\/2014\/01\/Pferdefotos-16-von-22.jpg?w=261&#038;h=174&#038;ssl=1\" srcset=\"https:\/\/i0.wp.com\/hof-hoeherhaus.de\/wp-content\/uploads\/2014\/01\/Pferdefotos-16-von-22.jpg?w=1280&amp;ssl=1 1280w, https:\/\/i0.wp.com\/hof-hoeherhaus.de\/wp-content\/uploads\/2014\/01\/Pferdefotos-16-von-22.jpg?resize=300%2C200&amp;ssl=1 300w, https:\/\/i0.wp.com\/hof-hoeherhaus.de\/wp-content\/uploads\/2014\/01\/Pferdefotos-16-von-22.jpg?resize=768%2C512&amp;ssl=1 768w, https:\/\/i0.wp.com\/hof-hoeherhaus.de\/wp-content\/uploads\/2014\/01\/Pferdefotos-16-von-22.jpg?resize=1024%2C682&amp;ssl=1 1024w\" width=\"261\" height=\"174\" loading=\"lazy\" data-original-width=\"261\" data-original-height=\"174\" itemprop=\"http:\/\/schema.org\/image\" title=\"Pferdefotos (16 von 22)\" alt=\"Pferdefotos (16 von 22)\" style=\"width: 261px; height: 174px;\" \/> <\/a> <\/div> <\/div> <!-- close group --> <div class=\"gallery-group images-1\" style=\"width: 134px; height: 178px;\" data-original-width=\"134\" data-original-height=\"178\" > <div class=\"tiled-gallery-item tiled-gallery-item-small\" itemprop=\"associatedMedia\" itemscope itemtype=\"http:\/\/schema.org\/ImageObject\"> <a href=\"https:\/\/hof-hoeherhaus.de\/index.php\/2013-der-jahresrueckblick\/pferdefotos-24-von-1\/\" border=\"0\" itemprop=\"url\"> <meta itemprop=\"width\" content=\"130\"> <meta itemprop=\"height\" content=\"174\"> <img decoding=\"async\" class=\"\" data-attachment-id=\"1671\" data-orig-file=\"https:\/\/hof-hoeherhaus.de\/wp-content\/uploads\/2014\/01\/Pferdefotos-24-von-1.jpg\" data-orig-size=\"810,1080\" data-comments-opened=\"\" data-image-meta=\"{&quot;aperture&quot;:&quot;0&quot;,&quot;credit&quot;:&quot;&quot;,&quot;camera&quot;:&quot;&quot;,&quot;caption&quot;:&quot;&quot;,&quot;created_timestamp&quot;:&quot;0&quot;,&quot;copyright&quot;:&quot;&quot;,&quot;focal_length&quot;:&quot;0&quot;,&quot;iso&quot;:&quot;0&quot;,&quot;shutter_speed&quot;:&quot;0&quot;,&quot;title&quot;:&quot;&quot;,&quot;orientation&quot;:&quot;0&quot;}\" data-image-title=\"Pferdefotos (24 von 1)\" data-image-description=\"\" data-medium-file=\"https:\/\/i0.wp.com\/hof-hoeherhaus.de\/wp-content\/uploads\/2014\/01\/Pferdefotos-24-von-1.jpg?fit=225%2C300&#038;ssl=1\" data-large-file=\"https:\/\/i0.wp.com\/hof-hoeherhaus.de\/wp-content\/uploads\/2014\/01\/Pferdefotos-24-von-1.jpg?fit=768%2C1024&#038;ssl=1\" src=\"https:\/\/i0.wp.com\/hof-hoeherhaus.de\/wp-content\/uploads\/2014\/01\/Pferdefotos-24-von-1.jpg?w=130&#038;h=174&#038;ssl=1\" srcset=\"https:\/\/i0.wp.com\/hof-hoeherhaus.de\/wp-content\/uploads\/2014\/01\/Pferdefotos-24-von-1.jpg?w=810&amp;ssl=1 810w, https:\/\/i0.wp.com\/hof-hoeherhaus.de\/wp-content\/uploads\/2014\/01\/Pferdefotos-24-von-1.jpg?resize=225%2C300&amp;ssl=1 225w, https:\/\/i0.wp.com\/hof-hoeherhaus.de\/wp-content\/uploads\/2014\/01\/Pferdefotos-24-von-1.jpg?resize=768%2C1024&amp;ssl=1 768w\" width=\"130\" height=\"174\" loading=\"lazy\" data-original-width=\"130\" data-original-height=\"174\" itemprop=\"http:\/\/schema.org\/image\" title=\"Pferdefotos (24 von 1)\" alt=\"Pferdefotos (24 von 1)\" style=\"width: 130px; height: 174px;\" \/> <\/a> <\/div> <\/div> <!-- close group --> <div class=\"gallery-group images-1\" style=\"width: 236px; height: 178px;\" data-original-width=\"236\" data-original-height=\"178\" > <div class=\"tiled-gallery-item tiled-gallery-item-small\" itemprop=\"associatedMedia\" itemscope itemtype=\"http:\/\/schema.org\/ImageObject\"> <a href=\"https:\/\/hof-hoeherhaus.de\/index.php\/2013-der-jahresrueckblick\/pferdefotos-24-von-2\/\" border=\"0\" itemprop=\"url\"> <meta itemprop=\"width\" content=\"232\"> <meta itemprop=\"height\" content=\"174\"> <img decoding=\"async\" class=\"\" data-attachment-id=\"1672\" data-orig-file=\"https:\/\/hof-hoeherhaus.de\/wp-content\/uploads\/2014\/01\/Pferdefotos-24-von-2.jpg\" data-orig-size=\"1280,960\" data-comments-opened=\"\" data-image-meta=\"{&quot;aperture&quot;:&quot;0&quot;,&quot;credit&quot;:&quot;&quot;,&quot;camera&quot;:&quot;&quot;,&quot;caption&quot;:&quot;&quot;,&quot;created_timestamp&quot;:&quot;0&quot;,&quot;copyright&quot;:&quot;&quot;,&quot;focal_length&quot;:&quot;0&quot;,&quot;iso&quot;:&quot;0&quot;,&quot;shutter_speed&quot;:&quot;0&quot;,&quot;title&quot;:&quot;&quot;,&quot;orientation&quot;:&quot;0&quot;}\" data-image-title=\"Pferdefotos (24 von 2)\" data-image-description=\"\" data-medium-file=\"https:\/\/i0.wp.com\/hof-hoeherhaus.de\/wp-content\/uploads\/2014\/01\/Pferdefotos-24-von-2.jpg?fit=300%2C225&#038;ssl=1\" data-large-file=\"https:\/\/i0.wp.com\/hof-hoeherhaus.de\/wp-content\/uploads\/2014\/01\/Pferdefotos-24-von-2.jpg?fit=900%2C675&#038;ssl=1\" src=\"https:\/\/i0.wp.com\/hof-hoeherhaus.de\/wp-content\/uploads\/2014\/01\/Pferdefotos-24-von-2.jpg?w=232&#038;h=174&#038;ssl=1\" srcset=\"https:\/\/i0.wp.com\/hof-hoeherhaus.de\/wp-content\/uploads\/2014\/01\/Pferdefotos-24-von-2.jpg?w=1280&amp;ssl=1 1280w, https:\/\/i0.wp.com\/hof-hoeherhaus.de\/wp-content\/uploads\/2014\/01\/Pferdefotos-24-von-2.jpg?resize=300%2C225&amp;ssl=1 300w, https:\/\/i0.wp.com\/hof-hoeherhaus.de\/wp-content\/uploads\/2014\/01\/Pferdefotos-24-von-2.jpg?resize=768%2C576&amp;ssl=1 768w, https:\/\/i0.wp.com\/hof-hoeherhaus.de\/wp-content\/uploads\/2014\/01\/Pferdefotos-24-von-2.jpg?resize=1024%2C768&amp;ssl=1 1024w\" width=\"232\" height=\"174\" loading=\"lazy\" data-original-width=\"232\" data-original-height=\"174\" itemprop=\"http:\/\/schema.org\/image\" title=\"Pferdefotos (24 von 2)\" alt=\"Pferdefotos (24 von 2)\" style=\"width: 232px; height: 174px;\" \/> <\/a> <\/div> <\/div> <!-- close group --> <\/div> <!-- close row --> <\/div>\n<p style=\"text-align: justify;\">Nach vielen Turnieren und hartem Kampf konnte sich Heike Mantel mit ihrer Fairytopia die Verbandsmeisterschaft in der Dressur L-Tour sichern. Das war ein Grund zu feiern. Zus\u00e4tzlich wurde Sarah Schlepphorst, die im gleichen Jahr dem Verein RG-Hof-H\u00f6herhaus beigetreten ist, Verbandsmeisterin in der Dressur A-Tour. Zwei Verbandsmeister in einem Verein. Das kann sich sehen lassen!<\/p>\n<div class=\"tiled-gallery type-rectangular tiled-gallery-unresized\" data-original-width=\"900\" data-carousel-extra='{&quot;blog_id&quot;:1,&quot;permalink&quot;:&quot;https:\\\/\\\/hof-hoeherhaus.de\\\/index.php\\\/2013-der-jahresrueckblick\\\/&quot;,&quot;likes_blog_id&quot;:75030670}' itemscope itemtype=\"http:\/\/schema.org\/ImageGallery\" > <div class=\"gallery-row\" style=\"width: 900px; height: 177px;\" data-original-width=\"900\" data-original-height=\"177\" > <div class=\"gallery-group images-1\" style=\"width: 235px; height: 177px;\" data-original-width=\"235\" data-original-height=\"177\" > <div class=\"tiled-gallery-item tiled-gallery-item-small\" itemprop=\"associatedMedia\" itemscope itemtype=\"http:\/\/schema.org\/ImageObject\"> <a href=\"https:\/\/hof-hoeherhaus.de\/index.php\/2013-der-jahresrueckblick\/verbandsmeister-2013-heike-mantel-hof-hoeherhaus-12\/\" border=\"0\" itemprop=\"url\"> <meta itemprop=\"width\" content=\"231\"> <meta itemprop=\"height\" content=\"173\"> <img decoding=\"async\" class=\"\" data-attachment-id=\"1674\" data-orig-file=\"https:\/\/hof-hoeherhaus.de\/wp-content\/uploads\/2014\/01\/verbandsmeister-2013-freudenberg-02-von-11.jpg\" data-orig-size=\"1280,960\" data-comments-opened=\"\" data-image-meta=\"{&quot;aperture&quot;:&quot;0&quot;,&quot;credit&quot;:&quot;&quot;,&quot;camera&quot;:&quot;&quot;,&quot;caption&quot;:&quot;Verbandsmeister-2013-Heike-Mantel-Hof-H\\u00f6herhaus&quot;,&quot;created_timestamp&quot;:&quot;0&quot;,&quot;copyright&quot;:&quot;&quot;,&quot;focal_length&quot;:&quot;0&quot;,&quot;iso&quot;:&quot;0&quot;,&quot;shutter_speed&quot;:&quot;0&quot;,&quot;title&quot;:&quot;Verbandsmeister-2013-Heike-Mantel-Hof-H\\u00f6herhaus&quot;,&quot;orientation&quot;:&quot;0&quot;}\" data-image-title=\"Verbandsmeister-2013-Heike-Mantel-Hof-H\u00f6herhaus\" data-image-description=\"\" data-medium-file=\"https:\/\/i0.wp.com\/hof-hoeherhaus.de\/wp-content\/uploads\/2014\/01\/verbandsmeister-2013-freudenberg-02-von-11.jpg?fit=300%2C225&#038;ssl=1\" data-large-file=\"https:\/\/i0.wp.com\/hof-hoeherhaus.de\/wp-content\/uploads\/2014\/01\/verbandsmeister-2013-freudenberg-02-von-11.jpg?fit=900%2C675&#038;ssl=1\" src=\"https:\/\/i0.wp.com\/hof-hoeherhaus.de\/wp-content\/uploads\/2014\/01\/verbandsmeister-2013-freudenberg-02-von-11.jpg?w=231&#038;h=173&#038;ssl=1\" srcset=\"https:\/\/i0.wp.com\/hof-hoeherhaus.de\/wp-content\/uploads\/2014\/01\/verbandsmeister-2013-freudenberg-02-von-11.jpg?w=1280&amp;ssl=1 1280w, https:\/\/i0.wp.com\/hof-hoeherhaus.de\/wp-content\/uploads\/2014\/01\/verbandsmeister-2013-freudenberg-02-von-11.jpg?resize=300%2C225&amp;ssl=1 300w, https:\/\/i0.wp.com\/hof-hoeherhaus.de\/wp-content\/uploads\/2014\/01\/verbandsmeister-2013-freudenberg-02-von-11.jpg?resize=768%2C576&amp;ssl=1 768w, https:\/\/i0.wp.com\/hof-hoeherhaus.de\/wp-content\/uploads\/2014\/01\/verbandsmeister-2013-freudenberg-02-von-11.jpg?resize=1024%2C768&amp;ssl=1 1024w\" width=\"231\" height=\"173\" loading=\"lazy\" data-original-width=\"231\" data-original-height=\"173\" itemprop=\"http:\/\/schema.org\/image\" title=\"Verbandsmeister-2013-Heike-Mantel-Hof-H\u00f6herhaus\" alt=\"Verbandsmeister-2013-Heike-Mantel-Hof-H\u00f6herhaus\" style=\"width: 231px; height: 173px;\" \/> <\/a> <div class=\"tiled-gallery-caption\" itemprop=\"caption description\"> Verbandsmeister-2013-Heike-Mantel-Hof-H\u00f6herhaus <\/div> <\/div> <\/div> <!-- close group --> <div class=\"gallery-group images-1\" style=\"width: 235px; height: 177px;\" data-original-width=\"235\" data-original-height=\"177\" > <div class=\"tiled-gallery-item tiled-gallery-item-small\" itemprop=\"associatedMedia\" itemscope itemtype=\"http:\/\/schema.org\/ImageObject\"> <a href=\"https:\/\/hof-hoeherhaus.de\/index.php\/2013-der-jahresrueckblick\/verbandsmeister-2013-heike-mantel-hof-hoeherhaus-13\/\" border=\"0\" itemprop=\"url\"> <meta itemprop=\"width\" content=\"231\"> <meta itemprop=\"height\" content=\"173\"> <img decoding=\"async\" class=\"\" data-attachment-id=\"1675\" data-orig-file=\"https:\/\/hof-hoeherhaus.de\/wp-content\/uploads\/2014\/01\/verbandsmeister-2013-freudenberg-09-von-11.jpg\" data-orig-size=\"1280,960\" data-comments-opened=\"\" data-image-meta=\"{&quot;aperture&quot;:&quot;0&quot;,&quot;credit&quot;:&quot;&quot;,&quot;camera&quot;:&quot;&quot;,&quot;caption&quot;:&quot;Verbandsmeister-2013-Heike-Mantel-Hof-H\\u00f6herhaus&quot;,&quot;created_timestamp&quot;:&quot;0&quot;,&quot;copyright&quot;:&quot;&quot;,&quot;focal_length&quot;:&quot;0&quot;,&quot;iso&quot;:&quot;0&quot;,&quot;shutter_speed&quot;:&quot;0&quot;,&quot;title&quot;:&quot;Verbandsmeister-2013-Heike-Mantel-Hof-H\\u00f6herhaus&quot;,&quot;orientation&quot;:&quot;0&quot;}\" data-image-title=\"Verbandsmeister-2013-Heike-Mantel-Hof-H\u00f6herhaus\" data-image-description=\"\" data-medium-file=\"https:\/\/i0.wp.com\/hof-hoeherhaus.de\/wp-content\/uploads\/2014\/01\/verbandsmeister-2013-freudenberg-09-von-11.jpg?fit=300%2C225&#038;ssl=1\" data-large-file=\"https:\/\/i0.wp.com\/hof-hoeherhaus.de\/wp-content\/uploads\/2014\/01\/verbandsmeister-2013-freudenberg-09-von-11.jpg?fit=900%2C675&#038;ssl=1\" src=\"https:\/\/i0.wp.com\/hof-hoeherhaus.de\/wp-content\/uploads\/2014\/01\/verbandsmeister-2013-freudenberg-09-von-11.jpg?w=231&#038;h=173&#038;ssl=1\" srcset=\"https:\/\/i0.wp.com\/hof-hoeherhaus.de\/wp-content\/uploads\/2014\/01\/verbandsmeister-2013-freudenberg-09-von-11.jpg?w=1280&amp;ssl=1 1280w, https:\/\/i0.wp.com\/hof-hoeherhaus.de\/wp-content\/uploads\/2014\/01\/verbandsmeister-2013-freudenberg-09-von-11.jpg?resize=300%2C225&amp;ssl=1 300w, https:\/\/i0.wp.com\/hof-hoeherhaus.de\/wp-content\/uploads\/2014\/01\/verbandsmeister-2013-freudenberg-09-von-11.jpg?resize=768%2C576&amp;ssl=1 768w, https:\/\/i0.wp.com\/hof-hoeherhaus.de\/wp-content\/uploads\/2014\/01\/verbandsmeister-2013-freudenberg-09-von-11.jpg?resize=1024%2C768&amp;ssl=1 1024w\" width=\"231\" height=\"173\" loading=\"lazy\" data-original-width=\"231\" data-original-height=\"173\" itemprop=\"http:\/\/schema.org\/image\" title=\"Verbandsmeister-2013-Heike-Mantel-Hof-H\u00f6herhaus\" alt=\"Verbandsmeister-2013-Heike-Mantel-Hof-H\u00f6herhaus\" style=\"width: 231px; height: 173px;\" \/> <\/a> <div class=\"tiled-gallery-caption\" itemprop=\"caption description\"> Verbandsmeister-2013-Heike-Mantel-Hof-H\u00f6herhaus <\/div> <\/div> <\/div> <!-- close group --> <div class=\"gallery-group images-1\" style=\"width: 119px; height: 177px;\" data-original-width=\"119\" data-original-height=\"177\" > <div class=\"tiled-gallery-item tiled-gallery-item-small\" itemprop=\"associatedMedia\" itemscope itemtype=\"http:\/\/schema.org\/ImageObject\"> <a href=\"https:\/\/hof-hoeherhaus.de\/index.php\/2013-der-jahresrueckblick\/verbandsmeister-2013-heike-mantel-hof-hoeherhaus-14\/\" border=\"0\" itemprop=\"url\"> <meta itemprop=\"width\" content=\"115\"> <meta itemprop=\"height\" content=\"173\"> <img decoding=\"async\" class=\"\" data-attachment-id=\"1676\" data-orig-file=\"https:\/\/hof-hoeherhaus.de\/wp-content\/uploads\/2014\/01\/verbandsmeister-2013-freudenberg-10-von-11.jpg\" data-orig-size=\"720,1080\" data-comments-opened=\"\" data-image-meta=\"{&quot;aperture&quot;:&quot;0&quot;,&quot;credit&quot;:&quot;&quot;,&quot;camera&quot;:&quot;&quot;,&quot;caption&quot;:&quot;Verbandsmeister-2013-Heike-Mantel-Hof-H\\u00f6herhaus&quot;,&quot;created_timestamp&quot;:&quot;0&quot;,&quot;copyright&quot;:&quot;&quot;,&quot;focal_length&quot;:&quot;0&quot;,&quot;iso&quot;:&quot;0&quot;,&quot;shutter_speed&quot;:&quot;0&quot;,&quot;title&quot;:&quot;Verbandsmeister-2013-Heike-Mantel-Hof-H\\u00f6herhaus&quot;,&quot;orientation&quot;:&quot;0&quot;}\" data-image-title=\"Verbandsmeister-2013-Heike-Mantel-Hof-H\u00f6herhaus\" data-image-description=\"\" data-medium-file=\"https:\/\/i0.wp.com\/hof-hoeherhaus.de\/wp-content\/uploads\/2014\/01\/verbandsmeister-2013-freudenberg-10-von-11.jpg?fit=200%2C300&#038;ssl=1\" data-large-file=\"https:\/\/i0.wp.com\/hof-hoeherhaus.de\/wp-content\/uploads\/2014\/01\/verbandsmeister-2013-freudenberg-10-von-11.jpg?fit=683%2C1024&#038;ssl=1\" src=\"https:\/\/i0.wp.com\/hof-hoeherhaus.de\/wp-content\/uploads\/2014\/01\/verbandsmeister-2013-freudenberg-10-von-11.jpg?w=115&#038;h=173&#038;ssl=1\" srcset=\"https:\/\/i0.wp.com\/hof-hoeherhaus.de\/wp-content\/uploads\/2014\/01\/verbandsmeister-2013-freudenberg-10-von-11.jpg?w=720&amp;ssl=1 720w, https:\/\/i0.wp.com\/hof-hoeherhaus.de\/wp-content\/uploads\/2014\/01\/verbandsmeister-2013-freudenberg-10-von-11.jpg?resize=200%2C300&amp;ssl=1 200w, https:\/\/i0.wp.com\/hof-hoeherhaus.de\/wp-content\/uploads\/2014\/01\/verbandsmeister-2013-freudenberg-10-von-11.jpg?resize=683%2C1024&amp;ssl=1 683w\" width=\"115\" height=\"173\" loading=\"lazy\" data-original-width=\"115\" data-original-height=\"173\" itemprop=\"http:\/\/schema.org\/image\" title=\"Verbandsmeister-2013-Heike-Mantel-Hof-H\u00f6herhaus\" alt=\"Verbandsmeister-2013-Heike-Mantel-Hof-H\u00f6herhaus\" style=\"width: 115px; height: 173px;\" \/> <\/a> <div class=\"tiled-gallery-caption\" itemprop=\"caption description\"> Verbandsmeister-2013-Heike-Mantel-Hof-H\u00f6herhaus <\/div> <\/div> <\/div> <!-- close group --> <div class=\"gallery-group images-1\" style=\"width: 311px; height: 177px;\" data-original-width=\"311\" data-original-height=\"177\" > <div class=\"tiled-gallery-item tiled-gallery-item-large\" itemprop=\"associatedMedia\" itemscope itemtype=\"http:\/\/schema.org\/ImageObject\"> <a href=\"https:\/\/hof-hoeherhaus.de\/index.php\/2013-der-jahresrueckblick\/verbandsmeister-2013-heike-mantel-hof-hoeherhaus-15\/\" border=\"0\" itemprop=\"url\"> <meta itemprop=\"width\" content=\"307\"> <meta itemprop=\"height\" content=\"173\"> <img decoding=\"async\" class=\"\" data-attachment-id=\"1677\" data-orig-file=\"https:\/\/hof-hoeherhaus.de\/wp-content\/uploads\/2014\/01\/verbandsmeister-2013-freudenberg-11-von-11.jpg\" data-orig-size=\"1280,720\" data-comments-opened=\"\" data-image-meta=\"{&quot;aperture&quot;:&quot;0&quot;,&quot;credit&quot;:&quot;&quot;,&quot;camera&quot;:&quot;&quot;,&quot;caption&quot;:&quot;Verbandsmeister-2013-Heike-Mantel-Hof-H\\u00f6herhaus&quot;,&quot;created_timestamp&quot;:&quot;0&quot;,&quot;copyright&quot;:&quot;&quot;,&quot;focal_length&quot;:&quot;0&quot;,&quot;iso&quot;:&quot;0&quot;,&quot;shutter_speed&quot;:&quot;0&quot;,&quot;title&quot;:&quot;Verbandsmeister-2013-Heike-Mantel-Hof-H\\u00f6herhaus&quot;,&quot;orientation&quot;:&quot;0&quot;}\" data-image-title=\"Verbandsmeister-2013-Heike-Mantel-Hof-H\u00f6herhaus\" data-image-description=\"\" data-medium-file=\"https:\/\/i0.wp.com\/hof-hoeherhaus.de\/wp-content\/uploads\/2014\/01\/verbandsmeister-2013-freudenberg-11-von-11.jpg?fit=300%2C169&#038;ssl=1\" data-large-file=\"https:\/\/i0.wp.com\/hof-hoeherhaus.de\/wp-content\/uploads\/2014\/01\/verbandsmeister-2013-freudenberg-11-von-11.jpg?fit=900%2C506&#038;ssl=1\" src=\"https:\/\/i0.wp.com\/hof-hoeherhaus.de\/wp-content\/uploads\/2014\/01\/verbandsmeister-2013-freudenberg-11-von-11.jpg?w=307&#038;h=173&#038;ssl=1\" srcset=\"https:\/\/i0.wp.com\/hof-hoeherhaus.de\/wp-content\/uploads\/2014\/01\/verbandsmeister-2013-freudenberg-11-von-11.jpg?w=1280&amp;ssl=1 1280w, https:\/\/i0.wp.com\/hof-hoeherhaus.de\/wp-content\/uploads\/2014\/01\/verbandsmeister-2013-freudenberg-11-von-11.jpg?resize=300%2C169&amp;ssl=1 300w, https:\/\/i0.wp.com\/hof-hoeherhaus.de\/wp-content\/uploads\/2014\/01\/verbandsmeister-2013-freudenberg-11-von-11.jpg?resize=768%2C432&amp;ssl=1 768w, https:\/\/i0.wp.com\/hof-hoeherhaus.de\/wp-content\/uploads\/2014\/01\/verbandsmeister-2013-freudenberg-11-von-11.jpg?resize=1024%2C576&amp;ssl=1 1024w\" width=\"307\" height=\"173\" loading=\"lazy\" data-original-width=\"307\" data-original-height=\"173\" itemprop=\"http:\/\/schema.org\/image\" title=\"Verbandsmeister-2013-Heike-Mantel-Hof-H\u00f6herhaus\" alt=\"Verbandsmeister-2013-Heike-Mantel-Hof-H\u00f6herhaus\" style=\"width: 307px; height: 173px;\" \/> <\/a> <div class=\"tiled-gallery-caption\" itemprop=\"caption description\"> Verbandsmeister-2013-Heike-Mantel-Hof-H\u00f6herhaus <\/div> <\/div> <\/div> <!-- close group --> <\/div> <!-- close row --> <\/div>\n<p style=\"text-align: justify;\">In Leverkusen sicherte sich Marion R\u00f6hr in einer Dressurpr\u00fcfung der Klasse A f\u00fcr Barockpferde mit Kornelius vom Lindenbaum mit einer 6,8 den 6. Platz. Kurze Zeit sp\u00e4ter erreichten die Beiden den 3. Platz in einer Dressurpr\u00fcfung Kl. A* f\u00fcr Barockpferde (Wertnote 6,8).<\/p>\n<p style=\"text-align: justify;\">Auf dem Dressurturnier Rayen-Neukirchen-Vluyn erlangte Marion R\u00f6hr mit Kornelius zwei weitere gute Ergebnisse: 7. Platz in einem Dressurwettbewerb der Klasse L* auf Trense f\u00fcr Barockpferde sowie in einem Dressurwettbewerb Klasse L-K\u00fcr auf Trense f\u00fcr Barockpferde. Eine tolle Entwicklung, mit messbaren Erfolgen im Jahr 2013.<\/p>\n<div class=\"tiled-gallery type-rectangular tiled-gallery-unresized\" data-original-width=\"900\" data-carousel-extra='{&quot;blog_id&quot;:1,&quot;permalink&quot;:&quot;https:\\\/\\\/hof-hoeherhaus.de\\\/index.php\\\/2013-der-jahresrueckblick\\\/&quot;,&quot;likes_blog_id&quot;:75030670}' itemscope itemtype=\"http:\/\/schema.org\/ImageGallery\" > <div class=\"gallery-row\" style=\"width: 900px; height: 527px;\" data-original-width=\"900\" data-original-height=\"527\" > <div class=\"gallery-group images-1\" style=\"width: 506px; height: 527px;\" data-original-width=\"506\" data-original-height=\"527\" > <div class=\"tiled-gallery-item tiled-gallery-item-large\" itemprop=\"associatedMedia\" itemscope itemtype=\"http:\/\/schema.org\/ImageObject\"> <a href=\"https:\/\/hof-hoeherhaus.de\/index.php\/2013-der-jahresrueckblick\/leverkusen-kornelius\/\" border=\"0\" itemprop=\"url\"> <meta itemprop=\"width\" content=\"502\"> <meta itemprop=\"height\" content=\"523\"> <img decoding=\"async\" class=\"\" data-attachment-id=\"1678\" data-orig-file=\"https:\/\/hof-hoeherhaus.de\/wp-content\/uploads\/2014\/01\/leverkusen-kornelius.jpg\" data-orig-size=\"960,1000\" data-comments-opened=\"\" data-image-meta=\"{&quot;aperture&quot;:&quot;0&quot;,&quot;credit&quot;:&quot;&quot;,&quot;camera&quot;:&quot;&quot;,&quot;caption&quot;:&quot;&quot;,&quot;created_timestamp&quot;:&quot;0&quot;,&quot;copyright&quot;:&quot;&quot;,&quot;focal_length&quot;:&quot;0&quot;,&quot;iso&quot;:&quot;0&quot;,&quot;shutter_speed&quot;:&quot;0&quot;,&quot;title&quot;:&quot;&quot;,&quot;orientation&quot;:&quot;0&quot;}\" data-image-title=\"leverkusen-kornelius\" data-image-description=\"\" data-medium-file=\"https:\/\/i0.wp.com\/hof-hoeherhaus.de\/wp-content\/uploads\/2014\/01\/leverkusen-kornelius.jpg?fit=288%2C300&#038;ssl=1\" data-large-file=\"https:\/\/i0.wp.com\/hof-hoeherhaus.de\/wp-content\/uploads\/2014\/01\/leverkusen-kornelius.jpg?fit=900%2C938&#038;ssl=1\" src=\"https:\/\/i0.wp.com\/hof-hoeherhaus.de\/wp-content\/uploads\/2014\/01\/leverkusen-kornelius.jpg?w=502&#038;h=523&#038;ssl=1\" srcset=\"https:\/\/i0.wp.com\/hof-hoeherhaus.de\/wp-content\/uploads\/2014\/01\/leverkusen-kornelius.jpg?w=960&amp;ssl=1 960w, https:\/\/i0.wp.com\/hof-hoeherhaus.de\/wp-content\/uploads\/2014\/01\/leverkusen-kornelius.jpg?resize=288%2C300&amp;ssl=1 288w, https:\/\/i0.wp.com\/hof-hoeherhaus.de\/wp-content\/uploads\/2014\/01\/leverkusen-kornelius.jpg?resize=768%2C800&amp;ssl=1 768w\" width=\"502\" height=\"523\" loading=\"lazy\" data-original-width=\"502\" data-original-height=\"523\" itemprop=\"http:\/\/schema.org\/image\" title=\"leverkusen-kornelius\" alt=\"leverkusen-kornelius\" style=\"width: 502px; height: 523px;\" \/> <\/a> <\/div> <\/div> <!-- close group --> <div class=\"gallery-group images-2\" style=\"width: 394px; height: 527px;\" data-original-width=\"394\" data-original-height=\"527\" > <div class=\"tiled-gallery-item tiled-gallery-item-large\" itemprop=\"associatedMedia\" itemscope itemtype=\"http:\/\/schema.org\/ImageObject\"> <a href=\"https:\/\/hof-hoeherhaus.de\/index.php\/2013-der-jahresrueckblick\/marion-korni-leverkusen1\/\" border=\"0\" itemprop=\"url\"> <meta itemprop=\"width\" content=\"390\"> <meta itemprop=\"height\" content=\"260\"> <img decoding=\"async\" class=\"\" data-attachment-id=\"1679\" data-orig-file=\"https:\/\/hof-hoeherhaus.de\/wp-content\/uploads\/2014\/01\/marion-korni-leverkusen1.jpg\" data-orig-size=\"1280,853\" data-comments-opened=\"\" data-image-meta=\"{&quot;aperture&quot;:&quot;0&quot;,&quot;credit&quot;:&quot;&quot;,&quot;camera&quot;:&quot;&quot;,&quot;caption&quot;:&quot;&quot;,&quot;created_timestamp&quot;:&quot;0&quot;,&quot;copyright&quot;:&quot;&quot;,&quot;focal_length&quot;:&quot;0&quot;,&quot;iso&quot;:&quot;0&quot;,&quot;shutter_speed&quot;:&quot;0&quot;,&quot;title&quot;:&quot;&quot;,&quot;orientation&quot;:&quot;0&quot;}\" data-image-title=\"marion-korni-leverkusen1\" data-image-description=\"\" data-medium-file=\"https:\/\/i0.wp.com\/hof-hoeherhaus.de\/wp-content\/uploads\/2014\/01\/marion-korni-leverkusen1.jpg?fit=300%2C200&#038;ssl=1\" data-large-file=\"https:\/\/i0.wp.com\/hof-hoeherhaus.de\/wp-content\/uploads\/2014\/01\/marion-korni-leverkusen1.jpg?fit=900%2C599&#038;ssl=1\" src=\"https:\/\/i0.wp.com\/hof-hoeherhaus.de\/wp-content\/uploads\/2014\/01\/marion-korni-leverkusen1.jpg?w=390&#038;h=260&#038;ssl=1\" srcset=\"https:\/\/i0.wp.com\/hof-hoeherhaus.de\/wp-content\/uploads\/2014\/01\/marion-korni-leverkusen1.jpg?w=1280&amp;ssl=1 1280w, https:\/\/i0.wp.com\/hof-hoeherhaus.de\/wp-content\/uploads\/2014\/01\/marion-korni-leverkusen1.jpg?resize=300%2C200&amp;ssl=1 300w, https:\/\/i0.wp.com\/hof-hoeherhaus.de\/wp-content\/uploads\/2014\/01\/marion-korni-leverkusen1.jpg?resize=768%2C512&amp;ssl=1 768w, https:\/\/i0.wp.com\/hof-hoeherhaus.de\/wp-content\/uploads\/2014\/01\/marion-korni-leverkusen1.jpg?resize=1024%2C682&amp;ssl=1 1024w\" width=\"390\" height=\"260\" loading=\"lazy\" data-original-width=\"390\" data-original-height=\"260\" itemprop=\"http:\/\/schema.org\/image\" title=\"marion-korni-leverkusen1\" alt=\"marion-korni-leverkusen1\" style=\"width: 390px; height: 260px;\" \/> <\/a> <\/div> <div class=\"tiled-gallery-item tiled-gallery-item-large\" itemprop=\"associatedMedia\" itemscope itemtype=\"http:\/\/schema.org\/ImageObject\"> <a href=\"https:\/\/hof-hoeherhaus.de\/index.php\/2013-der-jahresrueckblick\/marion-korni-leverkusen2\/\" border=\"0\" itemprop=\"url\"> <meta itemprop=\"width\" content=\"390\"> <meta itemprop=\"height\" content=\"259\"> <img decoding=\"async\" class=\"\" data-attachment-id=\"1680\" data-orig-file=\"https:\/\/hof-hoeherhaus.de\/wp-content\/uploads\/2014\/01\/marion-korni-leverkusen2.jpg\" data-orig-size=\"1279,852\" data-comments-opened=\"\" data-image-meta=\"{&quot;aperture&quot;:&quot;0&quot;,&quot;credit&quot;:&quot;&quot;,&quot;camera&quot;:&quot;&quot;,&quot;caption&quot;:&quot;&quot;,&quot;created_timestamp&quot;:&quot;0&quot;,&quot;copyright&quot;:&quot;&quot;,&quot;focal_length&quot;:&quot;0&quot;,&quot;iso&quot;:&quot;0&quot;,&quot;shutter_speed&quot;:&quot;0&quot;,&quot;title&quot;:&quot;&quot;,&quot;orientation&quot;:&quot;0&quot;}\" data-image-title=\"marion-korni-leverkusen2\" data-image-description=\"\" data-medium-file=\"https:\/\/i0.wp.com\/hof-hoeherhaus.de\/wp-content\/uploads\/2014\/01\/marion-korni-leverkusen2.jpg?fit=300%2C200&#038;ssl=1\" data-large-file=\"https:\/\/i0.wp.com\/hof-hoeherhaus.de\/wp-content\/uploads\/2014\/01\/marion-korni-leverkusen2.jpg?fit=900%2C599&#038;ssl=1\" src=\"https:\/\/i0.wp.com\/hof-hoeherhaus.de\/wp-content\/uploads\/2014\/01\/marion-korni-leverkusen2.jpg?w=390&#038;h=259&#038;ssl=1\" srcset=\"https:\/\/i0.wp.com\/hof-hoeherhaus.de\/wp-content\/uploads\/2014\/01\/marion-korni-leverkusen2.jpg?w=1279&amp;ssl=1 1279w, https:\/\/i0.wp.com\/hof-hoeherhaus.de\/wp-content\/uploads\/2014\/01\/marion-korni-leverkusen2.jpg?resize=300%2C200&amp;ssl=1 300w, https:\/\/i0.wp.com\/hof-hoeherhaus.de\/wp-content\/uploads\/2014\/01\/marion-korni-leverkusen2.jpg?resize=768%2C512&amp;ssl=1 768w, https:\/\/i0.wp.com\/hof-hoeherhaus.de\/wp-content\/uploads\/2014\/01\/marion-korni-leverkusen2.jpg?resize=1024%2C682&amp;ssl=1 1024w\" width=\"390\" height=\"259\" loading=\"lazy\" data-original-width=\"390\" data-original-height=\"259\" itemprop=\"http:\/\/schema.org\/image\" title=\"marion-korni-leverkusen2\" alt=\"marion-korni-leverkusen2\" style=\"width: 390px; height: 259px;\" \/> <\/a> <\/div> <\/div> <!-- close group --> <\/div> <!-- close row --> <\/div>\n<p style=\"text-align: justify;\">Im Herbst des Jahres, auf dem Tierschaufest in Drolshagen erhielt Kornelius vom Lindenbaum eine 1a- Pr\u00e4mierung sowie eine Auszeichnung f\u00fcr den sch\u00f6nsten Friesenhengst. Die Zuchtstute Es`da der Familie Feldmann erhielt ebenfalls eine 1a-Pr\u00e4mie und wurde zudem zur Siegerstute der Tierschau gek\u00fcrt.<\/p>\n<p style=\"text-align: justify;\">Im Oktober startete die Reitgemeinschaft Hof-H\u00f6herhaus eine Kooperation mit einer Schule. Eine Woche lang lernten 8 Kinder der Freien Schule Kierspe &#8222;Alles rund um das Thema Pferd&#8220;. Nicht nur eine tolle Erfahrung f\u00fcr die Kinder, sondern auch f\u00fcr uns. In diesem Zusammenhang m\u00f6chten wir besonders Marion R\u00f6hr f\u00fcr Ihre Arbeit danken. Das Thema F\u00f6rderung und Schulung der jungen Generation entwickelte sich hervorragend, sodass wir uns entschlossen haben, dies im Jahre 2014 st\u00e4rker zu fokussieren. Wir werden sicher berichten.<\/p>\n<div class=\"tiled-gallery type-rectangular tiled-gallery-unresized\" data-original-width=\"900\" data-carousel-extra='{&quot;blog_id&quot;:1,&quot;permalink&quot;:&quot;https:\\\/\\\/hof-hoeherhaus.de\\\/index.php\\\/2013-der-jahresrueckblick\\\/&quot;,&quot;likes_blog_id&quot;:75030670}' itemscope itemtype=\"http:\/\/schema.org\/ImageGallery\" > <div class=\"gallery-row\" style=\"width: 900px; height: 337px;\" data-original-width=\"900\" data-original-height=\"337\" > <div class=\"gallery-group images-1\" style=\"width: 452px; height: 337px;\" data-original-width=\"452\" data-original-height=\"337\" > <div class=\"tiled-gallery-item tiled-gallery-item-large\" itemprop=\"associatedMedia\" itemscope itemtype=\"http:\/\/schema.org\/ImageObject\"> <a href=\"https:\/\/hof-hoeherhaus.de\/index.php\/2013-der-jahresrueckblick\/freie-schule-kierspe-1-2\/\" border=\"0\" itemprop=\"url\"> <meta itemprop=\"width\" content=\"448\"> <meta itemprop=\"height\" content=\"333\"> <img decoding=\"async\" class=\"\" data-attachment-id=\"1681\" data-orig-file=\"https:\/\/hof-hoeherhaus.de\/wp-content\/uploads\/2014\/01\/freie-schule-kierspe-1.jpg\" data-orig-size=\"1280,952\" data-comments-opened=\"\" data-image-meta=\"{&quot;aperture&quot;:&quot;0&quot;,&quot;credit&quot;:&quot;&quot;,&quot;camera&quot;:&quot;&quot;,&quot;caption&quot;:&quot;&quot;,&quot;created_timestamp&quot;:&quot;0&quot;,&quot;copyright&quot;:&quot;&quot;,&quot;focal_length&quot;:&quot;0&quot;,&quot;iso&quot;:&quot;0&quot;,&quot;shutter_speed&quot;:&quot;0&quot;,&quot;title&quot;:&quot;&quot;,&quot;orientation&quot;:&quot;0&quot;}\" data-image-title=\"freie-schule-kierspe-1\" data-image-description=\"\" data-medium-file=\"https:\/\/i0.wp.com\/hof-hoeherhaus.de\/wp-content\/uploads\/2014\/01\/freie-schule-kierspe-1.jpg?fit=300%2C223&#038;ssl=1\" data-large-file=\"https:\/\/i0.wp.com\/hof-hoeherhaus.de\/wp-content\/uploads\/2014\/01\/freie-schule-kierspe-1.jpg?fit=900%2C670&#038;ssl=1\" src=\"https:\/\/i0.wp.com\/hof-hoeherhaus.de\/wp-content\/uploads\/2014\/01\/freie-schule-kierspe-1.jpg?w=448&#038;h=333&#038;ssl=1\" srcset=\"https:\/\/i0.wp.com\/hof-hoeherhaus.de\/wp-content\/uploads\/2014\/01\/freie-schule-kierspe-1.jpg?w=1280&amp;ssl=1 1280w, https:\/\/i0.wp.com\/hof-hoeherhaus.de\/wp-content\/uploads\/2014\/01\/freie-schule-kierspe-1.jpg?resize=300%2C223&amp;ssl=1 300w, https:\/\/i0.wp.com\/hof-hoeherhaus.de\/wp-content\/uploads\/2014\/01\/freie-schule-kierspe-1.jpg?resize=768%2C571&amp;ssl=1 768w, https:\/\/i0.wp.com\/hof-hoeherhaus.de\/wp-content\/uploads\/2014\/01\/freie-schule-kierspe-1.jpg?resize=1024%2C762&amp;ssl=1 1024w\" width=\"448\" height=\"333\" loading=\"lazy\" data-original-width=\"448\" data-original-height=\"333\" itemprop=\"http:\/\/schema.org\/image\" title=\"freie-schule-kierspe-1\" alt=\"freie-schule-kierspe-1\" style=\"width: 448px; height: 333px;\" \/> <\/a> <\/div> <\/div> <!-- close group --> <div class=\"gallery-group images-1\" style=\"width: 448px; height: 337px;\" data-original-width=\"448\" data-original-height=\"337\" > <div class=\"tiled-gallery-item tiled-gallery-item-large\" itemprop=\"associatedMedia\" itemscope itemtype=\"http:\/\/schema.org\/ImageObject\"> <a href=\"https:\/\/hof-hoeherhaus.de\/index.php\/2013-der-jahresrueckblick\/freie-schule-kierspe-8-2\/\" border=\"0\" itemprop=\"url\"> <meta itemprop=\"width\" content=\"444\"> <meta itemprop=\"height\" content=\"333\"> <img decoding=\"async\" class=\"\" data-attachment-id=\"1682\" data-orig-file=\"https:\/\/hof-hoeherhaus.de\/wp-content\/uploads\/2014\/01\/freie-schule-kierspe-8.jpg\" data-orig-size=\"1280,960\" data-comments-opened=\"\" data-image-meta=\"{&quot;aperture&quot;:&quot;0&quot;,&quot;credit&quot;:&quot;&quot;,&quot;camera&quot;:&quot;&quot;,&quot;caption&quot;:&quot;&quot;,&quot;created_timestamp&quot;:&quot;0&quot;,&quot;copyright&quot;:&quot;&quot;,&quot;focal_length&quot;:&quot;0&quot;,&quot;iso&quot;:&quot;0&quot;,&quot;shutter_speed&quot;:&quot;0&quot;,&quot;title&quot;:&quot;&quot;,&quot;orientation&quot;:&quot;0&quot;}\" data-image-title=\"freie-schule-kierspe-8\" data-image-description=\"\" data-medium-file=\"https:\/\/i0.wp.com\/hof-hoeherhaus.de\/wp-content\/uploads\/2014\/01\/freie-schule-kierspe-8.jpg?fit=300%2C225&#038;ssl=1\" data-large-file=\"https:\/\/i0.wp.com\/hof-hoeherhaus.de\/wp-content\/uploads\/2014\/01\/freie-schule-kierspe-8.jpg?fit=900%2C675&#038;ssl=1\" src=\"https:\/\/i0.wp.com\/hof-hoeherhaus.de\/wp-content\/uploads\/2014\/01\/freie-schule-kierspe-8.jpg?w=444&#038;h=333&#038;ssl=1\" srcset=\"https:\/\/i0.wp.com\/hof-hoeherhaus.de\/wp-content\/uploads\/2014\/01\/freie-schule-kierspe-8.jpg?w=1280&amp;ssl=1 1280w, https:\/\/i0.wp.com\/hof-hoeherhaus.de\/wp-content\/uploads\/2014\/01\/freie-schule-kierspe-8.jpg?resize=300%2C225&amp;ssl=1 300w, https:\/\/i0.wp.com\/hof-hoeherhaus.de\/wp-content\/uploads\/2014\/01\/freie-schule-kierspe-8.jpg?resize=768%2C576&amp;ssl=1 768w, https:\/\/i0.wp.com\/hof-hoeherhaus.de\/wp-content\/uploads\/2014\/01\/freie-schule-kierspe-8.jpg?resize=1024%2C768&amp;ssl=1 1024w\" width=\"444\" height=\"333\" loading=\"lazy\" data-original-width=\"444\" data-original-height=\"333\" itemprop=\"http:\/\/schema.org\/image\" title=\"freie-schule-kierspe-8\" alt=\"freie-schule-kierspe-8\" style=\"width: 444px; height: 333px;\" \/> <\/a> <\/div> <\/div> <!-- close group --> <\/div> <!-- close row --> <\/div>\n<p style=\"text-align: justify;\">Party! In Siegen fand der Reiterball des Bezirksverbandes Siegen-Olpe-Wittgenstein statt, auf dem die Bezirksmeister geb\u00fchrend gefeiert wurden. Auch wir von der Reitgemeinschaft waren dort zahlreich vertreten.<\/p>\n<div class=\"tiled-gallery type-rectangular tiled-gallery-unresized\" data-original-width=\"900\" data-carousel-extra='{&quot;blog_id&quot;:1,&quot;permalink&quot;:&quot;https:\\\/\\\/hof-hoeherhaus.de\\\/index.php\\\/2013-der-jahresrueckblick\\\/&quot;,&quot;likes_blog_id&quot;:75030670}' itemscope itemtype=\"http:\/\/schema.org\/ImageGallery\" > <div class=\"gallery-row\" style=\"width: 900px; height: 319px;\" data-original-width=\"900\" data-original-height=\"319\" > <div class=\"gallery-group images-1\" style=\"width: 424px; height: 319px;\" data-original-width=\"424\" data-original-height=\"319\" > <div class=\"tiled-gallery-item tiled-gallery-item-large\" itemprop=\"associatedMedia\" itemscope itemtype=\"http:\/\/schema.org\/ImageObject\"> <a href=\"https:\/\/hof-hoeherhaus.de\/index.php\/2013-der-jahresrueckblick\/reiterball-2013-siegen-42\/\" border=\"0\" itemprop=\"url\"> <meta itemprop=\"width\" content=\"420\"> <meta itemprop=\"height\" content=\"315\"> <img decoding=\"async\" class=\"\" data-attachment-id=\"1683\" data-orig-file=\"https:\/\/hof-hoeherhaus.de\/wp-content\/uploads\/2014\/01\/reiterball-siegen-2013-12.jpg\" data-orig-size=\"1280,960\" data-comments-opened=\"\" data-image-meta=\"{&quot;aperture&quot;:&quot;0&quot;,&quot;credit&quot;:&quot;Christian Feldmann&quot;,&quot;camera&quot;:&quot;&quot;,&quot;caption&quot;:&quot;Reiterball-2013-Siegen&quot;,&quot;created_timestamp&quot;:&quot;0&quot;,&quot;copyright&quot;:&quot;Christian Feldmann&quot;,&quot;focal_length&quot;:&quot;0&quot;,&quot;iso&quot;:&quot;0&quot;,&quot;shutter_speed&quot;:&quot;0&quot;,&quot;title&quot;:&quot;Reiterball-2013-Siegen&quot;,&quot;orientation&quot;:&quot;0&quot;}\" data-image-title=\"Reiterball 2013 in Siegen\" data-image-description=\"&lt;p&gt;Reiterball-2013-Siegen&lt;\/p&gt; \" data-medium-file=\"https:\/\/i0.wp.com\/hof-hoeherhaus.de\/wp-content\/uploads\/2014\/01\/reiterball-siegen-2013-12.jpg?fit=300%2C225&#038;ssl=1\" data-large-file=\"https:\/\/i0.wp.com\/hof-hoeherhaus.de\/wp-content\/uploads\/2014\/01\/reiterball-siegen-2013-12.jpg?fit=900%2C675&#038;ssl=1\" src=\"https:\/\/i0.wp.com\/hof-hoeherhaus.de\/wp-content\/uploads\/2014\/01\/reiterball-siegen-2013-12.jpg?w=420&#038;h=315&#038;ssl=1\" srcset=\"https:\/\/i0.wp.com\/hof-hoeherhaus.de\/wp-content\/uploads\/2014\/01\/reiterball-siegen-2013-12.jpg?w=1280&amp;ssl=1 1280w, https:\/\/i0.wp.com\/hof-hoeherhaus.de\/wp-content\/uploads\/2014\/01\/reiterball-siegen-2013-12.jpg?resize=300%2C225&amp;ssl=1 300w, https:\/\/i0.wp.com\/hof-hoeherhaus.de\/wp-content\/uploads\/2014\/01\/reiterball-siegen-2013-12.jpg?resize=768%2C576&amp;ssl=1 768w, https:\/\/i0.wp.com\/hof-hoeherhaus.de\/wp-content\/uploads\/2014\/01\/reiterball-siegen-2013-12.jpg?resize=1024%2C768&amp;ssl=1 1024w\" width=\"420\" height=\"315\" loading=\"lazy\" data-original-width=\"420\" data-original-height=\"315\" itemprop=\"http:\/\/schema.org\/image\" title=\"Reiterball 2013 in Siegen\" alt=\"Reiterball-2013-Siegen\" style=\"width: 420px; height: 315px;\" \/> <\/a> <div class=\"tiled-gallery-caption\" itemprop=\"caption description\"> Reiterball-2013-Siegen <\/div> <\/div> <\/div> <!-- close group --> <div class=\"gallery-group images-1\" style=\"width: 476px; height: 319px;\" data-original-width=\"476\" data-original-height=\"319\" > <div class=\"tiled-gallery-item tiled-gallery-item-large\" itemprop=\"associatedMedia\" itemscope itemtype=\"http:\/\/schema.org\/ImageObject\"> <a href=\"https:\/\/hof-hoeherhaus.de\/index.php\/2013-der-jahresrueckblick\/reiterball-2013-siegen-43\/\" border=\"0\" itemprop=\"url\"> <meta itemprop=\"width\" content=\"472\"> <meta itemprop=\"height\" content=\"315\"> <img decoding=\"async\" class=\"\" data-attachment-id=\"1684\" data-orig-file=\"https:\/\/hof-hoeherhaus.de\/wp-content\/uploads\/2014\/01\/reiterball-siegen-2013-13.jpg\" data-orig-size=\"1280,853\" data-comments-opened=\"\" data-image-meta=\"{&quot;aperture&quot;:&quot;0&quot;,&quot;credit&quot;:&quot;Christian Feldmann&quot;,&quot;camera&quot;:&quot;&quot;,&quot;caption&quot;:&quot;Reiterball-2013-Siegen&quot;,&quot;created_timestamp&quot;:&quot;0&quot;,&quot;copyright&quot;:&quot;Christian Feldmann&quot;,&quot;focal_length&quot;:&quot;0&quot;,&quot;iso&quot;:&quot;0&quot;,&quot;shutter_speed&quot;:&quot;0&quot;,&quot;title&quot;:&quot;Reiterball-2013-Siegen&quot;,&quot;orientation&quot;:&quot;0&quot;}\" data-image-title=\"Reiterball-2013-Siegen\" data-image-description=\"\" data-medium-file=\"https:\/\/i0.wp.com\/hof-hoeherhaus.de\/wp-content\/uploads\/2014\/01\/reiterball-siegen-2013-13.jpg?fit=300%2C200&#038;ssl=1\" data-large-file=\"https:\/\/i0.wp.com\/hof-hoeherhaus.de\/wp-content\/uploads\/2014\/01\/reiterball-siegen-2013-13.jpg?fit=900%2C599&#038;ssl=1\" src=\"https:\/\/i0.wp.com\/hof-hoeherhaus.de\/wp-content\/uploads\/2014\/01\/reiterball-siegen-2013-13.jpg?w=472&#038;h=315&#038;ssl=1\" srcset=\"https:\/\/i0.wp.com\/hof-hoeherhaus.de\/wp-content\/uploads\/2014\/01\/reiterball-siegen-2013-13.jpg?w=1280&amp;ssl=1 1280w, https:\/\/i0.wp.com\/hof-hoeherhaus.de\/wp-content\/uploads\/2014\/01\/reiterball-siegen-2013-13.jpg?resize=300%2C200&amp;ssl=1 300w, https:\/\/i0.wp.com\/hof-hoeherhaus.de\/wp-content\/uploads\/2014\/01\/reiterball-siegen-2013-13.jpg?resize=768%2C512&amp;ssl=1 768w, https:\/\/i0.wp.com\/hof-hoeherhaus.de\/wp-content\/uploads\/2014\/01\/reiterball-siegen-2013-13.jpg?resize=1024%2C682&amp;ssl=1 1024w\" width=\"472\" height=\"315\" loading=\"lazy\" data-original-width=\"472\" data-original-height=\"315\" itemprop=\"http:\/\/schema.org\/image\" title=\"Reiterball-2013-Siegen\" alt=\"Reiterball-2013-Siegen\" style=\"width: 472px; height: 315px;\" \/> <\/a> <div class=\"tiled-gallery-caption\" itemprop=\"caption description\"> Reiterball-2013-Siegen <\/div> <\/div> <\/div> <!-- close group --> <\/div> <!-- close row --> <\/div>\n<p style=\"text-align: justify;\">Zum Ende des Jahres legte Marion R\u00f6hr mit Kornelius vom Lindenbaum das &#8222;Reitabzeichen der Klasse III (Bronze), dressurspezifisch&#8220; im Reitverein Lindlar ab. Gepr\u00fcft wurde eine Dressurreiterpr\u00fcfung der Klasse L.<\/p>\n<p style=\"text-align: justify;\">Alles in Allem ein rasantes, intensives und sehr erfolgreiches Jahr 2013. Bedanken wollen wir uns bei allen, egal ob es die Trainer, die Reiterinnen und Reiter, die Pferde oder die Fahrer, Mitreiter oder Helfer sind. Eine Top-Leistung!<\/p>\n<p style=\"text-align: justify;\">Zum Schluss stellt sich die Frage, wie es weitergehen wird. Auch hier haben wir uns Gedanken gemacht. Dass die Ausbildungen rund um den Reitsport wieder mit im Vordergrund stehen, bleibt au\u00dfer Frage. Da sich auch unsere Kleinsten im Jahr 2013 reiterlich stark gemausert haben und bereits weitere Ausbildungsstunden anstehen, werden wir hier in 2014 ebenso nachlegen und intensiver f\u00f6rdern. Mal abwarten, was es hier bald f\u00fcr tolle Neuigkeiten gibt :-). Wir freuen uns darauf und werden weiterhin&nbsp;berichten.<\/p>\n<p style=\"text-align: justify;\">In diesem Sinne w\u00fcnschen wir allen ein tolles Jahr 2014!<\/p>\n<p style=\"text-align: justify;\">{backbutton}<\/p>\n","protected":false},"excerpt":{"rendered":"<p style=\"text-align: justify;\">Es ist soweit: Ein neues Jahr hat begonnen. Ein perfekter Zeitpunkt, einmal einen Blick in den R\u00fcckspiegel zu werfen und das alte Jahr einmal zu reflektieren. 2013, ein Jahr, auf das man gern zur\u00fcckblickt. Ein Jahr, das bei der Reitgemeinschaft Hof-H\u00f6herhaus in positiver Erinnerung bleibt. Erfolge im Turniersport, neue Vereinszug\u00e4nge, kontinuierliche Fortschritte in der Ausbildung, Aktivit\u00e4ten in der Vereinsarbeit, all das haben wir versucht, in einer chronologischen Reihenfolge aufzuarbeiten.<\/p>\n<p style=\"text-align: justify;\">Wie immer standen die ersten Monate im Jahr im Zeichen der Ausbildung. Im Jahre 2013 hat sich unser stalleigener Reitverein nach Au\u00dfen ge\u00f6ffnet und das zeigte sich auch in den Aus- und Fortbildungen. So konnten wir neben den stallans\u00e4ssigen Teilnehmern einige externe Reiter in vielen Dressurlehrg\u00e4ngen, aber auch Sitzschulungen, von Rolf Grebe begr\u00fc\u00dfen. Rolf Grebe wurde im Laufe des Jahres zu einem festen Bestandteil der Ausbildung bei uns und wurde direkt von Beginn an intensiv in Anspruch genommen. Aber auch Christine Friedrich, Egbert Helm und Claudia Seekatz-Fernholz haben intensiv mit unseren Reitern an der Leistungsschraube gedreht&#8230;<\/p>\n","protected":false},"author":2,"featured_media":564,"comment_status":"closed","ping_status":"open","sticky":false,"template":"","format":"standard","meta":{"_jetpack_memberships_contains_paid_content":false,"footnotes":""},"categories":[235],"tags":[421,419,420,422],"class_list":{"0":"post-565","1":"post","2":"type-post","3":"status-publish","4":"format-standard","5":"has-post-thumbnail","6":"hentry","7":"category-aktuelles-zur-reitgemeinschaft-hof-hoeherhaus","8":"tag-hengstschau","9":"tag-jahresrueckblick","10":"tag-reiterball","11":"tag-verbandsmeister","12":"","13":"blog-alt-layout","14":"blog-style-postblock","16":"blog-alt-odd"},"yoast_head":"<!-- This site is optimized with the Yoast SEO plugin v27.5 - https:\/\/yoast.com\/product\/yoast-seo-wordpress\/ -->\n<title>Jahresr\u00fcckblick 2013<\/title>\n<meta name=\"robots\" content=\"index, follow, max-snippet:-1, max-image-preview:large, max-video-preview:-1\" \/>\n<link rel=\"canonical\" href=\"https:\/\/hof-hoeherhaus.de\/index.php\/2013-der-jahresrueckblick\/\" \/>\n<meta property=\"og:locale\" content=\"de_DE\" \/>\n<meta property=\"og:type\" content=\"article\" \/>\n<meta property=\"og:title\" content=\"Jahresr\u00fcckblick 2013\" \/>\n<meta property=\"og:description\" content=\"Es ist soweit: Ein neues Jahr hat begonnen. Ein perfekter Zeitpunkt, einmal einen Blick in den R\u00fcckspiegel zu werfen und das alte Jahr einmal zu reflektieren. 2013, ein Jahr, auf das man gern zur\u00fcckblickt. Ein Jahr, das bei der Reitgemeinschaft Hof-H\u00f6herhaus in positiver Erinnerung bleibt. Erfolge im Turniersport, neue Vereinszug\u00e4nge, kontinuierliche Fortschritte in der Ausbildung, Aktivit\u00e4ten in der Vereinsarbeit, all das haben wir versucht, in einer chronologischen Reihenfolge aufzuarbeiten. Wie immer standen die ersten Monate im Jahr im Zeichen der Ausbildung. Im Jahre 2013 hat sich unser stalleigener Reitverein nach Au\u00dfen ge\u00f6ffnet und das zeigte sich auch in den Aus- und Fortbildungen. So konnten wir neben den stallans\u00e4ssigen Teilnehmern einige externe Reiter in vielen Dressurlehrg\u00e4ngen, aber auch Sitzschulungen, von Rolf Grebe begr\u00fc\u00dfen. Rolf Grebe wurde im Laufe des Jahres zu einem festen Bestandteil der Ausbildung bei uns und wurde direkt von Beginn an intensiv in Anspruch genommen. Aber auch Christine Friedrich, Egbert Helm und Claudia Seekatz-Fernholz haben intensiv mit unseren Reitern an der Leistungsschraube gedreht...\" \/>\n<meta property=\"og:url\" content=\"https:\/\/hof-hoeherhaus.de\/index.php\/2013-der-jahresrueckblick\/\" \/>\n<meta property=\"og:site_name\" content=\"Hof-H\u00f6herhaus\" \/>\n<meta property=\"article:published_time\" content=\"2014-01-12T16:45:15+00:00\" \/>\n<meta property=\"article:modified_time\" content=\"2021-11-25T00:58:31+00:00\" \/>\n<meta property=\"og:image\" content=\"https:\/\/hof-hoeherhaus.de\/wp-content\/uploads\/2014\/01\/Coronas.jpg\" \/>\n\t<meta property=\"og:image:width\" content=\"300\" \/>\n\t<meta property=\"og:image:height\" content=\"256\" \/>\n\t<meta property=\"og:image:type\" content=\"image\/jpeg\" \/>\n<meta name=\"author\" content=\"Christian Feldmann\" \/>\n<meta name=\"twitter:card\" content=\"summary_large_image\" \/>\n<script type=\"application\/ld+json\" class=\"yoast-schema-graph\">{\"@context\":\"https:\\\/\\\/schema.org\",\"@graph\":[{\"@type\":\"Article\",\"@id\":\"https:\\\/\\\/hof-hoeherhaus.de\\\/index.php\\\/2013-der-jahresrueckblick\\\/#article\",\"isPartOf\":{\"@id\":\"https:\\\/\\\/hof-hoeherhaus.de\\\/index.php\\\/2013-der-jahresrueckblick\\\/\"},\"author\":{\"name\":\"Christian Feldmann\",\"@id\":\"https:\\\/\\\/hof-hoeherhaus.de\\\/#\\\/schema\\\/person\\\/aa335ddcf542d61b4966cdf7ac67785e\"},\"headline\":\"2013-der Jahresr\u00fcckblick\",\"datePublished\":\"2014-01-12T16:45:15+00:00\",\"dateModified\":\"2021-11-25T00:58:31+00:00\",\"mainEntityOfPage\":{\"@id\":\"https:\\\/\\\/hof-hoeherhaus.de\\\/index.php\\\/2013-der-jahresrueckblick\\\/\"},\"wordCount\":1107,\"publisher\":{\"@id\":\"https:\\\/\\\/hof-hoeherhaus.de\\\/#organization\"},\"image\":{\"@id\":\"https:\\\/\\\/hof-hoeherhaus.de\\\/index.php\\\/2013-der-jahresrueckblick\\\/#primaryimage\"},\"thumbnailUrl\":\"https:\\\/\\\/i0.wp.com\\\/hof-hoeherhaus.de\\\/wp-content\\\/uploads\\\/2014\\\/01\\\/Coronas.jpg?fit=300%2C256&ssl=1\",\"keywords\":[\"Hengstschau\",\"Jahresrueckblick\",\"Reiterball\",\"Verbandsmeister\"],\"articleSection\":[\"RG-Hof-H\u00f6herhaus\"],\"inLanguage\":\"de\"},{\"@type\":\"WebPage\",\"@id\":\"https:\\\/\\\/hof-hoeherhaus.de\\\/index.php\\\/2013-der-jahresrueckblick\\\/\",\"url\":\"https:\\\/\\\/hof-hoeherhaus.de\\\/index.php\\\/2013-der-jahresrueckblick\\\/\",\"name\":\"Jahresr\u00fcckblick 2013\",\"isPartOf\":{\"@id\":\"https:\\\/\\\/hof-hoeherhaus.de\\\/#website\"},\"primaryImageOfPage\":{\"@id\":\"https:\\\/\\\/hof-hoeherhaus.de\\\/index.php\\\/2013-der-jahresrueckblick\\\/#primaryimage\"},\"image\":{\"@id\":\"https:\\\/\\\/hof-hoeherhaus.de\\\/index.php\\\/2013-der-jahresrueckblick\\\/#primaryimage\"},\"thumbnailUrl\":\"https:\\\/\\\/i0.wp.com\\\/hof-hoeherhaus.de\\\/wp-content\\\/uploads\\\/2014\\\/01\\\/Coronas.jpg?fit=300%2C256&ssl=1\",\"datePublished\":\"2014-01-12T16:45:15+00:00\",\"dateModified\":\"2021-11-25T00:58:31+00:00\",\"breadcrumb\":{\"@id\":\"https:\\\/\\\/hof-hoeherhaus.de\\\/index.php\\\/2013-der-jahresrueckblick\\\/#breadcrumb\"},\"inLanguage\":\"de\",\"potentialAction\":[{\"@type\":\"ReadAction\",\"target\":[\"https:\\\/\\\/hof-hoeherhaus.de\\\/index.php\\\/2013-der-jahresrueckblick\\\/\"]}]},{\"@type\":\"ImageObject\",\"inLanguage\":\"de\",\"@id\":\"https:\\\/\\\/hof-hoeherhaus.de\\\/index.php\\\/2013-der-jahresrueckblick\\\/#primaryimage\",\"url\":\"https:\\\/\\\/i0.wp.com\\\/hof-hoeherhaus.de\\\/wp-content\\\/uploads\\\/2014\\\/01\\\/Coronas.jpg?fit=300%2C256&ssl=1\",\"contentUrl\":\"https:\\\/\\\/i0.wp.com\\\/hof-hoeherhaus.de\\\/wp-content\\\/uploads\\\/2014\\\/01\\\/Coronas.jpg?fit=300%2C256&ssl=1\",\"width\":300,\"height\":256,\"caption\":\"Coronas-jahresrueckblick-2013\"},{\"@type\":\"BreadcrumbList\",\"@id\":\"https:\\\/\\\/hof-hoeherhaus.de\\\/index.php\\\/2013-der-jahresrueckblick\\\/#breadcrumb\",\"itemListElement\":[{\"@type\":\"ListItem\",\"position\":1,\"name\":\"Startseite\",\"item\":\"https:\\\/\\\/hof-hoeherhaus.de\\\/\"},{\"@type\":\"ListItem\",\"position\":2,\"name\":\"2013-der Jahresr\u00fcckblick\"}]},{\"@type\":\"WebSite\",\"@id\":\"https:\\\/\\\/hof-hoeherhaus.de\\\/#website\",\"url\":\"https:\\\/\\\/hof-hoeherhaus.de\\\/\",\"name\":\"Hof-H\u00f6herhaus\",\"description\":\"Hof-H\u00f6herhaus - Pferde im sch\u00f6nen Drolshagener und Olper Land.\",\"publisher\":{\"@id\":\"https:\\\/\\\/hof-hoeherhaus.de\\\/#organization\"},\"potentialAction\":[{\"@type\":\"SearchAction\",\"target\":{\"@type\":\"EntryPoint\",\"urlTemplate\":\"https:\\\/\\\/hof-hoeherhaus.de\\\/?s={search_term_string}\"},\"query-input\":{\"@type\":\"PropertyValueSpecification\",\"valueRequired\":true,\"valueName\":\"search_term_string\"}}],\"inLanguage\":\"de\"},{\"@type\":\"Organization\",\"@id\":\"https:\\\/\\\/hof-hoeherhaus.de\\\/#organization\",\"name\":\"Reitgemeinschaft Hof-Hoeherhaus e.V.\",\"url\":\"https:\\\/\\\/hof-hoeherhaus.de\\\/\",\"logo\":{\"@type\":\"ImageObject\",\"inLanguage\":\"de\",\"@id\":\"https:\\\/\\\/hof-hoeherhaus.de\\\/#\\\/schema\\\/logo\\\/image\\\/\",\"url\":\"https:\\\/\\\/i0.wp.com\\\/hof-hoeherhaus.de\\\/wp-content\\\/uploads\\\/2021\\\/11\\\/18.jpg?fit=1024%2C1024&ssl=1\",\"contentUrl\":\"https:\\\/\\\/i0.wp.com\\\/hof-hoeherhaus.de\\\/wp-content\\\/uploads\\\/2021\\\/11\\\/18.jpg?fit=1024%2C1024&ssl=1\",\"width\":1024,\"height\":1024,\"caption\":\"Reitgemeinschaft Hof-Hoeherhaus e.V.\"},\"image\":{\"@id\":\"https:\\\/\\\/hof-hoeherhaus.de\\\/#\\\/schema\\\/logo\\\/image\\\/\"}},{\"@type\":\"Person\",\"@id\":\"https:\\\/\\\/hof-hoeherhaus.de\\\/#\\\/schema\\\/person\\\/aa335ddcf542d61b4966cdf7ac67785e\",\"name\":\"Christian Feldmann\",\"image\":{\"@type\":\"ImageObject\",\"inLanguage\":\"de\",\"@id\":\"https:\\\/\\\/secure.gravatar.com\\\/avatar\\\/28fbfb8afb0625dad08835ca7f5087c90cf64ed1aa5a3e1754cb0bf81b1b9104?s=96&d=mm&r=g\",\"url\":\"https:\\\/\\\/secure.gravatar.com\\\/avatar\\\/28fbfb8afb0625dad08835ca7f5087c90cf64ed1aa5a3e1754cb0bf81b1b9104?s=96&d=mm&r=g\",\"contentUrl\":\"https:\\\/\\\/secure.gravatar.com\\\/avatar\\\/28fbfb8afb0625dad08835ca7f5087c90cf64ed1aa5a3e1754cb0bf81b1b9104?s=96&d=mm&r=g\",\"caption\":\"Christian Feldmann\"}}]}<\/script>\n<!-- \/ Yoast SEO plugin. -->","yoast_head_json":{"title":"Jahresr\u00fcckblick 2013","robots":{"index":"index","follow":"follow","max-snippet":"max-snippet:-1","max-image-preview":"max-image-preview:large","max-video-preview":"max-video-preview:-1"},"canonical":"https:\/\/hof-hoeherhaus.de\/index.php\/2013-der-jahresrueckblick\/","og_locale":"de_DE","og_type":"article","og_title":"Jahresr\u00fcckblick 2013","og_description":"Es ist soweit: Ein neues Jahr hat begonnen. Ein perfekter Zeitpunkt, einmal einen Blick in den R\u00fcckspiegel zu werfen und das alte Jahr einmal zu reflektieren. 2013, ein Jahr, auf das man gern zur\u00fcckblickt. Ein Jahr, das bei der Reitgemeinschaft Hof-H\u00f6herhaus in positiver Erinnerung bleibt. Erfolge im Turniersport, neue Vereinszug\u00e4nge, kontinuierliche Fortschritte in der Ausbildung, Aktivit\u00e4ten in der Vereinsarbeit, all das haben wir versucht, in einer chronologischen Reihenfolge aufzuarbeiten. Wie immer standen die ersten Monate im Jahr im Zeichen der Ausbildung. Im Jahre 2013 hat sich unser stalleigener Reitverein nach Au\u00dfen ge\u00f6ffnet und das zeigte sich auch in den Aus- und Fortbildungen. So konnten wir neben den stallans\u00e4ssigen Teilnehmern einige externe Reiter in vielen Dressurlehrg\u00e4ngen, aber auch Sitzschulungen, von Rolf Grebe begr\u00fc\u00dfen. Rolf Grebe wurde im Laufe des Jahres zu einem festen Bestandteil der Ausbildung bei uns und wurde direkt von Beginn an intensiv in Anspruch genommen. Aber auch Christine Friedrich, Egbert Helm und Claudia Seekatz-Fernholz haben intensiv mit unseren Reitern an der Leistungsschraube gedreht...","og_url":"https:\/\/hof-hoeherhaus.de\/index.php\/2013-der-jahresrueckblick\/","og_site_name":"Hof-H\u00f6herhaus","article_published_time":"2014-01-12T16:45:15+00:00","article_modified_time":"2021-11-25T00:58:31+00:00","og_image":[{"width":300,"height":256,"url":"https:\/\/hof-hoeherhaus.de\/wp-content\/uploads\/2014\/01\/Coronas.jpg","type":"image\/jpeg"}],"author":"Christian Feldmann","twitter_card":"summary_large_image","schema":{"@context":"https:\/\/schema.org","@graph":[{"@type":"Article","@id":"https:\/\/hof-hoeherhaus.de\/index.php\/2013-der-jahresrueckblick\/#article","isPartOf":{"@id":"https:\/\/hof-hoeherhaus.de\/index.php\/2013-der-jahresrueckblick\/"},"author":{"name":"Christian Feldmann","@id":"https:\/\/hof-hoeherhaus.de\/#\/schema\/person\/aa335ddcf542d61b4966cdf7ac67785e"},"headline":"2013-der Jahresr\u00fcckblick","datePublished":"2014-01-12T16:45:15+00:00","dateModified":"2021-11-25T00:58:31+00:00","mainEntityOfPage":{"@id":"https:\/\/hof-hoeherhaus.de\/index.php\/2013-der-jahresrueckblick\/"},"wordCount":1107,"publisher":{"@id":"https:\/\/hof-hoeherhaus.de\/#organization"},"image":{"@id":"https:\/\/hof-hoeherhaus.de\/index.php\/2013-der-jahresrueckblick\/#primaryimage"},"thumbnailUrl":"https:\/\/i0.wp.com\/hof-hoeherhaus.de\/wp-content\/uploads\/2014\/01\/Coronas.jpg?fit=300%2C256&ssl=1","keywords":["Hengstschau","Jahresrueckblick","Reiterball","Verbandsmeister"],"articleSection":["RG-Hof-H\u00f6herhaus"],"inLanguage":"de"},{"@type":"WebPage","@id":"https:\/\/hof-hoeherhaus.de\/index.php\/2013-der-jahresrueckblick\/","url":"https:\/\/hof-hoeherhaus.de\/index.php\/2013-der-jahresrueckblick\/","name":"Jahresr\u00fcckblick 2013","isPartOf":{"@id":"https:\/\/hof-hoeherhaus.de\/#website"},"primaryImageOfPage":{"@id":"https:\/\/hof-hoeherhaus.de\/index.php\/2013-der-jahresrueckblick\/#primaryimage"},"image":{"@id":"https:\/\/hof-hoeherhaus.de\/index.php\/2013-der-jahresrueckblick\/#primaryimage"},"thumbnailUrl":"https:\/\/i0.wp.com\/hof-hoeherhaus.de\/wp-content\/uploads\/2014\/01\/Coronas.jpg?fit=300%2C256&ssl=1","datePublished":"2014-01-12T16:45:15+00:00","dateModified":"2021-11-25T00:58:31+00:00","breadcrumb":{"@id":"https:\/\/hof-hoeherhaus.de\/index.php\/2013-der-jahresrueckblick\/#breadcrumb"},"inLanguage":"de","potentialAction":[{"@type":"ReadAction","target":["https:\/\/hof-hoeherhaus.de\/index.php\/2013-der-jahresrueckblick\/"]}]},{"@type":"ImageObject","inLanguage":"de","@id":"https:\/\/hof-hoeherhaus.de\/index.php\/2013-der-jahresrueckblick\/#primaryimage","url":"https:\/\/i0.wp.com\/hof-hoeherhaus.de\/wp-content\/uploads\/2014\/01\/Coronas.jpg?fit=300%2C256&ssl=1","contentUrl":"https:\/\/i0.wp.com\/hof-hoeherhaus.de\/wp-content\/uploads\/2014\/01\/Coronas.jpg?fit=300%2C256&ssl=1","width":300,"height":256,"caption":"Coronas-jahresrueckblick-2013"},{"@type":"BreadcrumbList","@id":"https:\/\/hof-hoeherhaus.de\/index.php\/2013-der-jahresrueckblick\/#breadcrumb","itemListElement":[{"@type":"ListItem","position":1,"name":"Startseite","item":"https:\/\/hof-hoeherhaus.de\/"},{"@type":"ListItem","position":2,"name":"2013-der Jahresr\u00fcckblick"}]},{"@type":"WebSite","@id":"https:\/\/hof-hoeherhaus.de\/#website","url":"https:\/\/hof-hoeherhaus.de\/","name":"Hof-H\u00f6herhaus","description":"Hof-H\u00f6herhaus - Pferde im sch\u00f6nen Drolshagener und Olper Land.","publisher":{"@id":"https:\/\/hof-hoeherhaus.de\/#organization"},"potentialAction":[{"@type":"SearchAction","target":{"@type":"EntryPoint","urlTemplate":"https:\/\/hof-hoeherhaus.de\/?s={search_term_string}"},"query-input":{"@type":"PropertyValueSpecification","valueRequired":true,"valueName":"search_term_string"}}],"inLanguage":"de"},{"@type":"Organization","@id":"https:\/\/hof-hoeherhaus.de\/#organization","name":"Reitgemeinschaft Hof-Hoeherhaus e.V.","url":"https:\/\/hof-hoeherhaus.de\/","logo":{"@type":"ImageObject","inLanguage":"de","@id":"https:\/\/hof-hoeherhaus.de\/#\/schema\/logo\/image\/","url":"https:\/\/i0.wp.com\/hof-hoeherhaus.de\/wp-content\/uploads\/2021\/11\/18.jpg?fit=1024%2C1024&ssl=1","contentUrl":"https:\/\/i0.wp.com\/hof-hoeherhaus.de\/wp-content\/uploads\/2021\/11\/18.jpg?fit=1024%2C1024&ssl=1","width":1024,"height":1024,"caption":"Reitgemeinschaft Hof-Hoeherhaus e.V."},"image":{"@id":"https:\/\/hof-hoeherhaus.de\/#\/schema\/logo\/image\/"}},{"@type":"Person","@id":"https:\/\/hof-hoeherhaus.de\/#\/schema\/person\/aa335ddcf542d61b4966cdf7ac67785e","name":"Christian Feldmann","image":{"@type":"ImageObject","inLanguage":"de","@id":"https:\/\/secure.gravatar.com\/avatar\/28fbfb8afb0625dad08835ca7f5087c90cf64ed1aa5a3e1754cb0bf81b1b9104?s=96&d=mm&r=g","url":"https:\/\/secure.gravatar.com\/avatar\/28fbfb8afb0625dad08835ca7f5087c90cf64ed1aa5a3e1754cb0bf81b1b9104?s=96&d=mm&r=g","contentUrl":"https:\/\/secure.gravatar.com\/avatar\/28fbfb8afb0625dad08835ca7f5087c90cf64ed1aa5a3e1754cb0bf81b1b9104?s=96&d=mm&r=g","caption":"Christian Feldmann"}}]}},"jetpack_featured_media_url":"https:\/\/i0.wp.com\/hof-hoeherhaus.de\/wp-content\/uploads\/2014\/01\/Coronas.jpg?fit=300%2C256&ssl=1","jetpack-related-posts":[{"id":525,"url":"https:\/\/hof-hoeherhaus.de\/index.php\/jahresabschluss-2012-dressurtraining\/","url_meta":{"origin":565,"position":0},"title":"Jahresabschluss 2012-Dressurtraining","author":"Christian Feldmann","date":"3. Dezember 2012","format":false,"excerpt":"Eiskalt erwischte uns der Winter am vergangenen Sonntag Morgen zum erneuten Dressurtraining und der letzten Kontrolle \u00fcber die Fortschritte von Reiter und Pferd auf Hof-H\u00f6herhaus durch Rolf Grebe in diesem Jahr. Damit begann der Tag auch etwas anders als gewohnt, denn zur Stallarbeit kam das Schneer\u00e4umen von Wegen und Parkfl\u00e4chen\u2026","rel":"","context":"In &quot;RG-Hof-H\u00f6herhaus&quot;","block_context":{"text":"RG-Hof-H\u00f6herhaus","link":"https:\/\/hof-hoeherhaus.de\/index.php\/category\/aktuelles-zur-reitgemeinschaft-hof-hoeherhaus\/"},"img":{"alt_text":"","src":"https:\/\/i0.wp.com\/hof-hoeherhaus.de\/wp-content\/uploads\/2012\/12\/rolf_grebe_dressur_olpe_drolshagen_essinghausen_-10.jpg?resize=350%2C200","width":350,"height":200,"srcset":"https:\/\/i0.wp.com\/hof-hoeherhaus.de\/wp-content\/uploads\/2012\/12\/rolf_grebe_dressur_olpe_drolshagen_essinghausen_-10.jpg?resize=350%2C200 1x, https:\/\/i0.wp.com\/hof-hoeherhaus.de\/wp-content\/uploads\/2012\/12\/rolf_grebe_dressur_olpe_drolshagen_essinghausen_-10.jpg?resize=525%2C300 1.5x, https:\/\/i0.wp.com\/hof-hoeherhaus.de\/wp-content\/uploads\/2012\/12\/rolf_grebe_dressur_olpe_drolshagen_essinghausen_-10.jpg?resize=700%2C400 2x"},"classes":[]},{"id":3210,"url":"https:\/\/hof-hoeherhaus.de\/index.php\/frohe-weihnachten-und-einen-guten-rutsch-ins-neue-jahr\/","url_meta":{"origin":565,"position":1},"title":"Frohe Weihnachten und einen guten Rutsch ins neue Jahr 2019","author":"Christian Feldmann","date":"23. Dezember 2018","format":false,"excerpt":"Wir m\u00f6chten uns bei allen Helfern, Einstellern, Vereinsmitgliedern, Nachbarn und Freunden bedanken, dass wir auf ein wirklich sch\u00f6nes und erfolgreiches Jahr 2018 zur\u00fcckblicken k\u00f6nnen. Ein besonderes Dankesch\u00f6n m\u00f6chten wir an dieser Stelle unserer Stall-Jugend aussprechen, die uns - wie schon im letzen Jahr - mit einer Weihnachtsgeschichte zu Pferd \u00fcberrascht\u2026","rel":"","context":"In &quot;RG-Hof-H\u00f6herhaus&quot;","block_context":{"text":"RG-Hof-H\u00f6herhaus","link":"https:\/\/hof-hoeherhaus.de\/index.php\/category\/aktuelles-zur-reitgemeinschaft-hof-hoeherhaus\/"},"img":{"alt_text":"Jungend zeigt Weihnachtsgeschichte zu Pferde","src":"https:\/\/i0.wp.com\/hof-hoeherhaus.de\/wp-content\/uploads\/2018\/12\/weihnachtsshow-2018-1-von-1.jpg?fit=1200%2C900&ssl=1&resize=350%2C200","width":350,"height":200,"srcset":"https:\/\/i0.wp.com\/hof-hoeherhaus.de\/wp-content\/uploads\/2018\/12\/weihnachtsshow-2018-1-von-1.jpg?fit=1200%2C900&ssl=1&resize=350%2C200 1x, https:\/\/i0.wp.com\/hof-hoeherhaus.de\/wp-content\/uploads\/2018\/12\/weihnachtsshow-2018-1-von-1.jpg?fit=1200%2C900&ssl=1&resize=525%2C300 1.5x, https:\/\/i0.wp.com\/hof-hoeherhaus.de\/wp-content\/uploads\/2018\/12\/weihnachtsshow-2018-1-von-1.jpg?fit=1200%2C900&ssl=1&resize=700%2C400 2x, https:\/\/i0.wp.com\/hof-hoeherhaus.de\/wp-content\/uploads\/2018\/12\/weihnachtsshow-2018-1-von-1.jpg?fit=1200%2C900&ssl=1&resize=1050%2C600 3x"},"classes":[]},{"id":541,"url":"https:\/\/hof-hoeherhaus.de\/index.php\/qkick-off-trainingq-fuer-die-turnier-saison-2013\/","url_meta":{"origin":565,"position":2},"title":"&#8222;Kick-off-Training&#8220; f\u00fcr die Turnier-Saison 2013","author":"Christian Feldmann","date":"17. Februar 2013","format":false,"excerpt":"\"Nach der Saison ist vor der Saison\" war das Motto unseres Jahresabschlusstrainings im Dezember letzten Jahres. Und das gleiche Motto h\u00e4tte auch zum heutigen Saisonauftakt-Training gepasst. Vielleicht war es die \"kleine Winterpause\", aber vielleicht auch einfach die etwas k\u00fchlen Termperaturen, die dem Ein oder anderen zu schaffen machten. Die sonst\u2026","rel":"","context":"In &quot;RG-Hof-H\u00f6herhaus&quot;","block_context":{"text":"RG-Hof-H\u00f6herhaus","link":"https:\/\/hof-hoeherhaus.de\/index.php\/category\/aktuelles-zur-reitgemeinschaft-hof-hoeherhaus\/"},"img":{"alt_text":"","src":"https:\/\/i0.wp.com\/hof-hoeherhaus.de\/wp-content\/uploads\/2013\/02\/rolf-grebe-dressur-hh-sitztraining.jpg?resize=350%2C200","width":350,"height":200,"srcset":"https:\/\/i0.wp.com\/hof-hoeherhaus.de\/wp-content\/uploads\/2013\/02\/rolf-grebe-dressur-hh-sitztraining.jpg?resize=350%2C200 1x, https:\/\/i0.wp.com\/hof-hoeherhaus.de\/wp-content\/uploads\/2013\/02\/rolf-grebe-dressur-hh-sitztraining.jpg?resize=525%2C300 1.5x, https:\/\/i0.wp.com\/hof-hoeherhaus.de\/wp-content\/uploads\/2013\/02\/rolf-grebe-dressur-hh-sitztraining.jpg?resize=700%2C400 2x"},"classes":[]},{"id":561,"url":"https:\/\/hof-hoeherhaus.de\/index.php\/reiterball-2013-in-siegen\/","url_meta":{"origin":565,"position":3},"title":"Reiterball 2013 in Siegen","author":"Christian Feldmann","date":"1. Dezember 2013","format":false,"excerpt":"F\u00fcr die Turnierreiter des Bezirksverbands Siegen-Olpe-Wittgenstein ist der Reiterball im Leonard-Gl\u00e4ser-Saal der Siegerlandhalle jedes Jahr das feierliche Finale der Turniersaison.\u00a0Auch in diesem Jahr wurden die Verbandsmeister 2013 von Heike Jung einzeln oder in Gruppen auf gro\u00dfer B\u00fchne im Leonhard-Gl\u00e4ser-Saal der Siegerlandhalle geehrt. Der erste Platz der Verbandsmeisterschaft 2013 L-Tour Dressur\u2026","rel":"","context":"In &quot;RG-Hof-H\u00f6herhaus&quot;","block_context":{"text":"RG-Hof-H\u00f6herhaus","link":"https:\/\/hof-hoeherhaus.de\/index.php\/category\/aktuelles-zur-reitgemeinschaft-hof-hoeherhaus\/"},"img":{"alt_text":"","src":"https:\/\/i0.wp.com\/hof-hoeherhaus.de\/wp-content\/uploads\/2013\/12\/reiterball-siegen-2013-00.jpg?resize=350%2C200","width":350,"height":200,"srcset":"https:\/\/i0.wp.com\/hof-hoeherhaus.de\/wp-content\/uploads\/2013\/12\/reiterball-siegen-2013-00.jpg?resize=350%2C200 1x, https:\/\/i0.wp.com\/hof-hoeherhaus.de\/wp-content\/uploads\/2013\/12\/reiterball-siegen-2013-00.jpg?resize=525%2C300 1.5x, https:\/\/i0.wp.com\/hof-hoeherhaus.de\/wp-content\/uploads\/2013\/12\/reiterball-siegen-2013-00.jpg?resize=700%2C400 2x, https:\/\/i0.wp.com\/hof-hoeherhaus.de\/wp-content\/uploads\/2013\/12\/reiterball-siegen-2013-00.jpg?resize=1050%2C600 3x, https:\/\/i0.wp.com\/hof-hoeherhaus.de\/wp-content\/uploads\/2013\/12\/reiterball-siegen-2013-00.jpg?resize=1400%2C800 4x"},"classes":[]},{"id":515,"url":"https:\/\/hof-hoeherhaus.de\/index.php\/bewegungstraining-mit-rolf-grebe\/","url_meta":{"origin":565,"position":4},"title":"Bewegungstraining mit Rolf Grebe","author":"Christian Feldmann","date":"17. September 2012","format":false,"excerpt":"Wir berichteten bereits im M\u00e4rz diesen Jahres \u00fcber Rolf Grebe, der ein Bewegungstraining auf Hof-H\u00f6herhaus durchgef\u00fchrt hat. Die Resonanz zu diesem Training war derart gut, dass wir an diesem Sonntag einen weitere Lehrgang dieser Art mit Herrn Grebe angeboten haben. Grebe, \u00a0der nicht nur Bewegungstraining nach Eckart Meyners durchf\u00fchrt, sondern\u2026","rel":"","context":"In &quot;RG-Hof-H\u00f6herhaus&quot;","block_context":{"text":"RG-Hof-H\u00f6herhaus","link":"https:\/\/hof-hoeherhaus.de\/index.php\/category\/aktuelles-zur-reitgemeinschaft-hof-hoeherhaus\/"},"img":{"alt_text":"","src":"https:\/\/i0.wp.com\/hof-hoeherhaus.de\/wp-content\/uploads\/2012\/09\/drolshagen-essinghausen-sitztraining-rolf-grebe-17.jpg?fit=900%2C600&ssl=1&resize=350%2C200","width":350,"height":200,"srcset":"https:\/\/i0.wp.com\/hof-hoeherhaus.de\/wp-content\/uploads\/2012\/09\/drolshagen-essinghausen-sitztraining-rolf-grebe-17.jpg?fit=900%2C600&ssl=1&resize=350%2C200 1x, https:\/\/i0.wp.com\/hof-hoeherhaus.de\/wp-content\/uploads\/2012\/09\/drolshagen-essinghausen-sitztraining-rolf-grebe-17.jpg?fit=900%2C600&ssl=1&resize=525%2C300 1.5x, https:\/\/i0.wp.com\/hof-hoeherhaus.de\/wp-content\/uploads\/2012\/09\/drolshagen-essinghausen-sitztraining-rolf-grebe-17.jpg?fit=900%2C600&ssl=1&resize=700%2C400 2x"},"classes":[]},{"id":567,"url":"https:\/\/hof-hoeherhaus.de\/index.php\/ueber-den-tellerrand-hinaus-schauen\/","url_meta":{"origin":565,"position":5},"title":"\u00dcber den Tellerrand hinaus schauen","author":"Christian Feldmann","date":"23. Februar 2014","format":false,"excerpt":"Noch vor Turniersaisionstart 2014 wollte Heike es schon einmal wissen. Gemeinsam mit ihrer Westfalenstute Fairytopia machte sie sich im Februar auf den Weg zur Reitanlage des Hamborner Reitvereins in Duisburg um sich dort den kritischen, erfahrenen Augen von Arndt Wiebus - einem Ausbilder auf Grand-Prix-Niveau mit Richterlizenz \u2013 auszusetzen. Bin\u2026","rel":"","context":"In &quot;RG-Hof-H\u00f6herhaus&quot;","block_context":{"text":"RG-Hof-H\u00f6herhaus","link":"https:\/\/hof-hoeherhaus.de\/index.php\/category\/aktuelles-zur-reitgemeinschaft-hof-hoeherhaus\/"},"img":{"alt_text":"","src":"https:\/\/i0.wp.com\/hof-hoeherhaus.de\/wp-content\/uploads\/2014\/02\/arndt-wiebus-2014-dressur-heike-1.jpg?resize=350%2C200","width":350,"height":200,"srcset":"https:\/\/i0.wp.com\/hof-hoeherhaus.de\/wp-content\/uploads\/2014\/02\/arndt-wiebus-2014-dressur-heike-1.jpg?resize=350%2C200 1x, https:\/\/i0.wp.com\/hof-hoeherhaus.de\/wp-content\/uploads\/2014\/02\/arndt-wiebus-2014-dressur-heike-1.jpg?resize=525%2C300 1.5x, https:\/\/i0.wp.com\/hof-hoeherhaus.de\/wp-content\/uploads\/2014\/02\/arndt-wiebus-2014-dressur-heike-1.jpg?resize=700%2C400 2x, https:\/\/i0.wp.com\/hof-hoeherhaus.de\/wp-content\/uploads\/2014\/02\/arndt-wiebus-2014-dressur-heike-1.jpg?resize=1050%2C600 3x"},"classes":[]}],"jetpack_sharing_enabled":true,"_links":{"self":[{"href":"https:\/\/hof-hoeherhaus.de\/index.php\/wp-json\/wp\/v2\/posts\/565","targetHints":{"allow":["GET"]}}],"collection":[{"href":"https:\/\/hof-hoeherhaus.de\/index.php\/wp-json\/wp\/v2\/posts"}],"about":[{"href":"https:\/\/hof-hoeherhaus.de\/index.php\/wp-json\/wp\/v2\/types\/post"}],"author":[{"embeddable":true,"href":"https:\/\/hof-hoeherhaus.de\/index.php\/wp-json\/wp\/v2\/users\/2"}],"replies":[{"embeddable":true,"href":"https:\/\/hof-hoeherhaus.de\/index.php\/wp-json\/wp\/v2\/comments?post=565"}],"version-history":[{"count":6,"href":"https:\/\/hof-hoeherhaus.de\/index.php\/wp-json\/wp\/v2\/posts\/565\/revisions"}],"predecessor-version":[{"id":3843,"href":"https:\/\/hof-hoeherhaus.de\/index.php\/wp-json\/wp\/v2\/posts\/565\/revisions\/3843"}],"wp:featuredmedia":[{"embeddable":true,"href":"https:\/\/hof-hoeherhaus.de\/index.php\/wp-json\/wp\/v2\/media\/564"}],"wp:attachment":[{"href":"https:\/\/hof-hoeherhaus.de\/index.php\/wp-json\/wp\/v2\/media?parent=565"}],"wp:term":[{"taxonomy":"category","embeddable":true,"href":"https:\/\/hof-hoeherhaus.de\/index.php\/wp-json\/wp\/v2\/categories?post=565"},{"taxonomy":"post_tag","embeddable":true,"href":"https:\/\/hof-hoeherhaus.de\/index.php\/wp-json\/wp\/v2\/tags?post=565"}],"curies":[{"name":"wp","href":"https:\/\/api.w.org\/{rel}","templated":true}]}}