{"id":599,"date":"2016-04-17T18:46:01","date_gmt":"2016-04-17T18:46:01","guid":{"rendered":"http:\/\/wp.rg-hh.de\/index.php\/2016\/04\/17\/jugendlehrgang-des-bezirksreiterverbandes\/"},"modified":"2017-03-23T19:21:42","modified_gmt":"2017-03-23T19:21:42","slug":"jugendlehrgang-des-bezirksreiterverbandes","status":"publish","type":"post","link":"https:\/\/hof-hoeherhaus.de\/index.php\/jugendlehrgang-des-bezirksreiterverbandes\/","title":{"rendered":"Jugendlehrgang des Bezirksreiterverbandes"},"content":{"rendered":"<p style=\"text-align: justify;\">Am 09. und 10. April 2016 fand auf der Anlage der Siegerl\u00e4nder Kleinpferdefreunde e.V. ein Jugendlehrgang statt, der durch den Bezirks-Reiter- und Fahrverband Siegen-Olpe-Wittgenstein unterst\u00fctzt wurde. Lehrgangsleiterin war Dr. Christine Friedrich &#8211; Trainerin A Reiten Leistungssport.<\/p>\n<p style=\"text-align: justify;\">Auch aus unserer Jugend waren einigige Reiterinnen vertreten, die neben dem Verband auch durch unseren Verein unters\u00fctzt wurden. Je nach Leistungsstand\u00a0konnten die Kinder und Jugendlichen\u00a0an zwei Tagen intensiv an Sitz, Hilfengebung und Lektionenreiten arbeiten.<\/p>\n<p style=\"text-align: justify;\">Und ganz wichtig: Der Spa\u00df am Reiten sollte immer oberste Priorit\u00e4t haben! Denn nur so entsteht ein harmonisches Bild zwischen Reiter und Pferd. Und so wie wir &#8222;unsere Chrissi&#8220; kennen, konnte sie die richtige Balance zwischen &#8222;Arbeit und Vergn\u00fcgen&#8220; vermitteln, was gerade f\u00fcr Kinder und Jugendliche wichtig f\u00fcr die reiterliche Entwicklung ist.<\/p>\n<p style=\"text-align: justify;\">Wir danken Christine Friedrich f\u00fcr ein tolles Lehrgangswochenende und den Teilnehmerinnen aus unserer Jugend f\u00fcr ihr Engagement und ihre Leistungsbereitschaft!<\/p>\n<p style=\"text-align: justify;\">\n","protected":false},"excerpt":{"rendered":"<p>Am 09. und 10. April 2016 fand auf der Anlage der Siegerl\u00e4nder Kleinpferdefreunde e.V. ein Jugendlehrgang statt, der durch den Bezirks-Reiter- und Fahrverband Siegen-Olpe-Wittgenstein unterst\u00fctzt wurde. Lehrgangsleiterin war Dr. Christine Friedrich &#8211; Trainerin A Reiten Leistungssport. Auch aus unserer Jugend waren einigige Reiterinnen vertreten, die neben dem Verband auch durch unseren Verein unters\u00fctzt wurden. Je [&hellip;]<\/p>\n","protected":false},"author":2,"featured_media":2206,"comment_status":"closed","ping_status":"open","sticky":false,"template":"","format":"standard","meta":{"_jetpack_memberships_contains_paid_content":false,"footnotes":""},"categories":[235],"tags":[465,464],"class_list":{"0":"post-599","1":"post","2":"type-post","3":"status-publish","4":"format-standard","5":"has-post-thumbnail","6":"hentry","7":"category-aktuelles-zur-reitgemeinschaft-hof-hoeherhaus","8":"tag-bezirksreitverband","9":"tag-jungendlehrgang","10":"","11":"blog-alt-layout","12":"blog-style-postblock","14":"blog-alt-odd"},"yoast_head":"<!-- This site is optimized with the Yoast SEO plugin v27.5 - https:\/\/yoast.com\/product\/yoast-seo-wordpress\/ -->\n<title>Jugendlehrgang des Bezirksreiterverbandes &#8211; Hof-H\u00f6herhaus<\/title>\n<meta name=\"robots\" content=\"index, follow, max-snippet:-1, max-image-preview:large, max-video-preview:-1\" \/>\n<link rel=\"canonical\" href=\"https:\/\/hof-hoeherhaus.de\/index.php\/jugendlehrgang-des-bezirksreiterverbandes\/\" \/>\n<meta property=\"og:locale\" content=\"de_DE\" \/>\n<meta property=\"og:type\" content=\"article\" \/>\n<meta property=\"og:title\" content=\"Jugendlehrgang des Bezirksreiterverbandes &#8211; Hof-H\u00f6herhaus\" \/>\n<meta property=\"og:description\" content=\"Am 09. und 10. April 2016 fand auf der Anlage der Siegerl\u00e4nder Kleinpferdefreunde e.V. ein Jugendlehrgang statt, der durch den Bezirks-Reiter- und Fahrverband Siegen-Olpe-Wittgenstein unterst\u00fctzt wurde. Lehrgangsleiterin war Dr. Christine Friedrich &#8211; Trainerin A Reiten Leistungssport. Auch aus unserer Jugend waren einigige Reiterinnen vertreten, die neben dem Verband auch durch unseren Verein unters\u00fctzt wurden. Je [&hellip;]\" \/>\n<meta property=\"og:url\" content=\"https:\/\/hof-hoeherhaus.de\/index.php\/jugendlehrgang-des-bezirksreiterverbandes\/\" \/>\n<meta property=\"og:site_name\" content=\"Hof-H\u00f6herhaus\" \/>\n<meta property=\"article:published_time\" content=\"2016-04-17T18:46:01+00:00\" \/>\n<meta property=\"article:modified_time\" content=\"2017-03-23T19:21:42+00:00\" \/>\n<meta property=\"og:image\" content=\"https:\/\/hof-hoeherhaus.de\/wp-content\/uploads\/2016\/04\/hof-hoeherhaus-1-von-1.jpg\" \/>\n\t<meta property=\"og:image:width\" content=\"350\" \/>\n\t<meta property=\"og:image:height\" content=\"572\" \/>\n\t<meta property=\"og:image:type\" content=\"image\/jpeg\" \/>\n<meta name=\"author\" content=\"Christian Feldmann\" \/>\n<meta name=\"twitter:card\" content=\"summary_large_image\" \/>\n<script type=\"application\/ld+json\" class=\"yoast-schema-graph\">{\"@context\":\"https:\\\/\\\/schema.org\",\"@graph\":[{\"@type\":\"Article\",\"@id\":\"https:\\\/\\\/hof-hoeherhaus.de\\\/index.php\\\/jugendlehrgang-des-bezirksreiterverbandes\\\/#article\",\"isPartOf\":{\"@id\":\"https:\\\/\\\/hof-hoeherhaus.de\\\/index.php\\\/jugendlehrgang-des-bezirksreiterverbandes\\\/\"},\"author\":{\"name\":\"Christian Feldmann\",\"@id\":\"https:\\\/\\\/hof-hoeherhaus.de\\\/#\\\/schema\\\/person\\\/aa335ddcf542d61b4966cdf7ac67785e\"},\"headline\":\"Jugendlehrgang des Bezirksreiterverbandes\",\"datePublished\":\"2016-04-17T18:46:01+00:00\",\"dateModified\":\"2017-03-23T19:21:42+00:00\",\"mainEntityOfPage\":{\"@id\":\"https:\\\/\\\/hof-hoeherhaus.de\\\/index.php\\\/jugendlehrgang-des-bezirksreiterverbandes\\\/\"},\"wordCount\":154,\"publisher\":{\"@id\":\"https:\\\/\\\/hof-hoeherhaus.de\\\/#organization\"},\"image\":{\"@id\":\"https:\\\/\\\/hof-hoeherhaus.de\\\/index.php\\\/jugendlehrgang-des-bezirksreiterverbandes\\\/#primaryimage\"},\"thumbnailUrl\":\"https:\\\/\\\/i0.wp.com\\\/hof-hoeherhaus.de\\\/wp-content\\\/uploads\\\/2016\\\/04\\\/hof-hoeherhaus-1-von-1.jpg?fit=350%2C572&ssl=1\",\"keywords\":[\"Bezirksreitverband\",\"Jungendlehrgang\"],\"articleSection\":[\"RG-Hof-H\u00f6herhaus\"],\"inLanguage\":\"de\"},{\"@type\":\"WebPage\",\"@id\":\"https:\\\/\\\/hof-hoeherhaus.de\\\/index.php\\\/jugendlehrgang-des-bezirksreiterverbandes\\\/\",\"url\":\"https:\\\/\\\/hof-hoeherhaus.de\\\/index.php\\\/jugendlehrgang-des-bezirksreiterverbandes\\\/\",\"name\":\"Jugendlehrgang des Bezirksreiterverbandes &#8211; Hof-H\u00f6herhaus\",\"isPartOf\":{\"@id\":\"https:\\\/\\\/hof-hoeherhaus.de\\\/#website\"},\"primaryImageOfPage\":{\"@id\":\"https:\\\/\\\/hof-hoeherhaus.de\\\/index.php\\\/jugendlehrgang-des-bezirksreiterverbandes\\\/#primaryimage\"},\"image\":{\"@id\":\"https:\\\/\\\/hof-hoeherhaus.de\\\/index.php\\\/jugendlehrgang-des-bezirksreiterverbandes\\\/#primaryimage\"},\"thumbnailUrl\":\"https:\\\/\\\/i0.wp.com\\\/hof-hoeherhaus.de\\\/wp-content\\\/uploads\\\/2016\\\/04\\\/hof-hoeherhaus-1-von-1.jpg?fit=350%2C572&ssl=1\",\"datePublished\":\"2016-04-17T18:46:01+00:00\",\"dateModified\":\"2017-03-23T19:21:42+00:00\",\"breadcrumb\":{\"@id\":\"https:\\\/\\\/hof-hoeherhaus.de\\\/index.php\\\/jugendlehrgang-des-bezirksreiterverbandes\\\/#breadcrumb\"},\"inLanguage\":\"de\",\"potentialAction\":[{\"@type\":\"ReadAction\",\"target\":[\"https:\\\/\\\/hof-hoeherhaus.de\\\/index.php\\\/jugendlehrgang-des-bezirksreiterverbandes\\\/\"]}]},{\"@type\":\"ImageObject\",\"inLanguage\":\"de\",\"@id\":\"https:\\\/\\\/hof-hoeherhaus.de\\\/index.php\\\/jugendlehrgang-des-bezirksreiterverbandes\\\/#primaryimage\",\"url\":\"https:\\\/\\\/i0.wp.com\\\/hof-hoeherhaus.de\\\/wp-content\\\/uploads\\\/2016\\\/04\\\/hof-hoeherhaus-1-von-1.jpg?fit=350%2C572&ssl=1\",\"contentUrl\":\"https:\\\/\\\/i0.wp.com\\\/hof-hoeherhaus.de\\\/wp-content\\\/uploads\\\/2016\\\/04\\\/hof-hoeherhaus-1-von-1.jpg?fit=350%2C572&ssl=1\",\"width\":350,\"height\":572,\"caption\":\"Nachwuchsf\u00f6rderung auf Hof H\u00f6herhau\"},{\"@type\":\"BreadcrumbList\",\"@id\":\"https:\\\/\\\/hof-hoeherhaus.de\\\/index.php\\\/jugendlehrgang-des-bezirksreiterverbandes\\\/#breadcrumb\",\"itemListElement\":[{\"@type\":\"ListItem\",\"position\":1,\"name\":\"Startseite\",\"item\":\"https:\\\/\\\/hof-hoeherhaus.de\\\/\"},{\"@type\":\"ListItem\",\"position\":2,\"name\":\"Jugendlehrgang des Bezirksreiterverbandes\"}]},{\"@type\":\"WebSite\",\"@id\":\"https:\\\/\\\/hof-hoeherhaus.de\\\/#website\",\"url\":\"https:\\\/\\\/hof-hoeherhaus.de\\\/\",\"name\":\"Hof-H\u00f6herhaus\",\"description\":\"Hof-H\u00f6herhaus - Pferde im sch\u00f6nen Drolshagener und Olper Land.\",\"publisher\":{\"@id\":\"https:\\\/\\\/hof-hoeherhaus.de\\\/#organization\"},\"potentialAction\":[{\"@type\":\"SearchAction\",\"target\":{\"@type\":\"EntryPoint\",\"urlTemplate\":\"https:\\\/\\\/hof-hoeherhaus.de\\\/?s={search_term_string}\"},\"query-input\":{\"@type\":\"PropertyValueSpecification\",\"valueRequired\":true,\"valueName\":\"search_term_string\"}}],\"inLanguage\":\"de\"},{\"@type\":\"Organization\",\"@id\":\"https:\\\/\\\/hof-hoeherhaus.de\\\/#organization\",\"name\":\"Reitgemeinschaft Hof-Hoeherhaus e.V.\",\"url\":\"https:\\\/\\\/hof-hoeherhaus.de\\\/\",\"logo\":{\"@type\":\"ImageObject\",\"inLanguage\":\"de\",\"@id\":\"https:\\\/\\\/hof-hoeherhaus.de\\\/#\\\/schema\\\/logo\\\/image\\\/\",\"url\":\"https:\\\/\\\/i0.wp.com\\\/hof-hoeherhaus.de\\\/wp-content\\\/uploads\\\/2021\\\/11\\\/18.jpg?fit=1024%2C1024&ssl=1\",\"contentUrl\":\"https:\\\/\\\/i0.wp.com\\\/hof-hoeherhaus.de\\\/wp-content\\\/uploads\\\/2021\\\/11\\\/18.jpg?fit=1024%2C1024&ssl=1\",\"width\":1024,\"height\":1024,\"caption\":\"Reitgemeinschaft Hof-Hoeherhaus e.V.\"},\"image\":{\"@id\":\"https:\\\/\\\/hof-hoeherhaus.de\\\/#\\\/schema\\\/logo\\\/image\\\/\"}},{\"@type\":\"Person\",\"@id\":\"https:\\\/\\\/hof-hoeherhaus.de\\\/#\\\/schema\\\/person\\\/aa335ddcf542d61b4966cdf7ac67785e\",\"name\":\"Christian Feldmann\",\"image\":{\"@type\":\"ImageObject\",\"inLanguage\":\"de\",\"@id\":\"https:\\\/\\\/secure.gravatar.com\\\/avatar\\\/28fbfb8afb0625dad08835ca7f5087c90cf64ed1aa5a3e1754cb0bf81b1b9104?s=96&d=mm&r=g\",\"url\":\"https:\\\/\\\/secure.gravatar.com\\\/avatar\\\/28fbfb8afb0625dad08835ca7f5087c90cf64ed1aa5a3e1754cb0bf81b1b9104?s=96&d=mm&r=g\",\"contentUrl\":\"https:\\\/\\\/secure.gravatar.com\\\/avatar\\\/28fbfb8afb0625dad08835ca7f5087c90cf64ed1aa5a3e1754cb0bf81b1b9104?s=96&d=mm&r=g\",\"caption\":\"Christian Feldmann\"}}]}<\/script>\n<!-- \/ Yoast SEO plugin. -->","yoast_head_json":{"title":"Jugendlehrgang des Bezirksreiterverbandes &#8211; Hof-H\u00f6herhaus","robots":{"index":"index","follow":"follow","max-snippet":"max-snippet:-1","max-image-preview":"max-image-preview:large","max-video-preview":"max-video-preview:-1"},"canonical":"https:\/\/hof-hoeherhaus.de\/index.php\/jugendlehrgang-des-bezirksreiterverbandes\/","og_locale":"de_DE","og_type":"article","og_title":"Jugendlehrgang des Bezirksreiterverbandes &#8211; Hof-H\u00f6herhaus","og_description":"Am 09. und 10. April 2016 fand auf der Anlage der Siegerl\u00e4nder Kleinpferdefreunde e.V. ein Jugendlehrgang statt, der durch den Bezirks-Reiter- und Fahrverband Siegen-Olpe-Wittgenstein unterst\u00fctzt wurde. Lehrgangsleiterin war Dr. Christine Friedrich &#8211; Trainerin A Reiten Leistungssport. Auch aus unserer Jugend waren einigige Reiterinnen vertreten, die neben dem Verband auch durch unseren Verein unters\u00fctzt wurden. Je [&hellip;]","og_url":"https:\/\/hof-hoeherhaus.de\/index.php\/jugendlehrgang-des-bezirksreiterverbandes\/","og_site_name":"Hof-H\u00f6herhaus","article_published_time":"2016-04-17T18:46:01+00:00","article_modified_time":"2017-03-23T19:21:42+00:00","og_image":[{"width":350,"height":572,"url":"https:\/\/hof-hoeherhaus.de\/wp-content\/uploads\/2016\/04\/hof-hoeherhaus-1-von-1.jpg","type":"image\/jpeg"}],"author":"Christian Feldmann","twitter_card":"summary_large_image","schema":{"@context":"https:\/\/schema.org","@graph":[{"@type":"Article","@id":"https:\/\/hof-hoeherhaus.de\/index.php\/jugendlehrgang-des-bezirksreiterverbandes\/#article","isPartOf":{"@id":"https:\/\/hof-hoeherhaus.de\/index.php\/jugendlehrgang-des-bezirksreiterverbandes\/"},"author":{"name":"Christian Feldmann","@id":"https:\/\/hof-hoeherhaus.de\/#\/schema\/person\/aa335ddcf542d61b4966cdf7ac67785e"},"headline":"Jugendlehrgang des Bezirksreiterverbandes","datePublished":"2016-04-17T18:46:01+00:00","dateModified":"2017-03-23T19:21:42+00:00","mainEntityOfPage":{"@id":"https:\/\/hof-hoeherhaus.de\/index.php\/jugendlehrgang-des-bezirksreiterverbandes\/"},"wordCount":154,"publisher":{"@id":"https:\/\/hof-hoeherhaus.de\/#organization"},"image":{"@id":"https:\/\/hof-hoeherhaus.de\/index.php\/jugendlehrgang-des-bezirksreiterverbandes\/#primaryimage"},"thumbnailUrl":"https:\/\/i0.wp.com\/hof-hoeherhaus.de\/wp-content\/uploads\/2016\/04\/hof-hoeherhaus-1-von-1.jpg?fit=350%2C572&ssl=1","keywords":["Bezirksreitverband","Jungendlehrgang"],"articleSection":["RG-Hof-H\u00f6herhaus"],"inLanguage":"de"},{"@type":"WebPage","@id":"https:\/\/hof-hoeherhaus.de\/index.php\/jugendlehrgang-des-bezirksreiterverbandes\/","url":"https:\/\/hof-hoeherhaus.de\/index.php\/jugendlehrgang-des-bezirksreiterverbandes\/","name":"Jugendlehrgang des Bezirksreiterverbandes &#8211; Hof-H\u00f6herhaus","isPartOf":{"@id":"https:\/\/hof-hoeherhaus.de\/#website"},"primaryImageOfPage":{"@id":"https:\/\/hof-hoeherhaus.de\/index.php\/jugendlehrgang-des-bezirksreiterverbandes\/#primaryimage"},"image":{"@id":"https:\/\/hof-hoeherhaus.de\/index.php\/jugendlehrgang-des-bezirksreiterverbandes\/#primaryimage"},"thumbnailUrl":"https:\/\/i0.wp.com\/hof-hoeherhaus.de\/wp-content\/uploads\/2016\/04\/hof-hoeherhaus-1-von-1.jpg?fit=350%2C572&ssl=1","datePublished":"2016-04-17T18:46:01+00:00","dateModified":"2017-03-23T19:21:42+00:00","breadcrumb":{"@id":"https:\/\/hof-hoeherhaus.de\/index.php\/jugendlehrgang-des-bezirksreiterverbandes\/#breadcrumb"},"inLanguage":"de","potentialAction":[{"@type":"ReadAction","target":["https:\/\/hof-hoeherhaus.de\/index.php\/jugendlehrgang-des-bezirksreiterverbandes\/"]}]},{"@type":"ImageObject","inLanguage":"de","@id":"https:\/\/hof-hoeherhaus.de\/index.php\/jugendlehrgang-des-bezirksreiterverbandes\/#primaryimage","url":"https:\/\/i0.wp.com\/hof-hoeherhaus.de\/wp-content\/uploads\/2016\/04\/hof-hoeherhaus-1-von-1.jpg?fit=350%2C572&ssl=1","contentUrl":"https:\/\/i0.wp.com\/hof-hoeherhaus.de\/wp-content\/uploads\/2016\/04\/hof-hoeherhaus-1-von-1.jpg?fit=350%2C572&ssl=1","width":350,"height":572,"caption":"Nachwuchsf\u00f6rderung auf Hof H\u00f6herhau"},{"@type":"BreadcrumbList","@id":"https:\/\/hof-hoeherhaus.de\/index.php\/jugendlehrgang-des-bezirksreiterverbandes\/#breadcrumb","itemListElement":[{"@type":"ListItem","position":1,"name":"Startseite","item":"https:\/\/hof-hoeherhaus.de\/"},{"@type":"ListItem","position":2,"name":"Jugendlehrgang des Bezirksreiterverbandes"}]},{"@type":"WebSite","@id":"https:\/\/hof-hoeherhaus.de\/#website","url":"https:\/\/hof-hoeherhaus.de\/","name":"Hof-H\u00f6herhaus","description":"Hof-H\u00f6herhaus - Pferde im sch\u00f6nen Drolshagener und Olper Land.","publisher":{"@id":"https:\/\/hof-hoeherhaus.de\/#organization"},"potentialAction":[{"@type":"SearchAction","target":{"@type":"EntryPoint","urlTemplate":"https:\/\/hof-hoeherhaus.de\/?s={search_term_string}"},"query-input":{"@type":"PropertyValueSpecification","valueRequired":true,"valueName":"search_term_string"}}],"inLanguage":"de"},{"@type":"Organization","@id":"https:\/\/hof-hoeherhaus.de\/#organization","name":"Reitgemeinschaft Hof-Hoeherhaus e.V.","url":"https:\/\/hof-hoeherhaus.de\/","logo":{"@type":"ImageObject","inLanguage":"de","@id":"https:\/\/hof-hoeherhaus.de\/#\/schema\/logo\/image\/","url":"https:\/\/i0.wp.com\/hof-hoeherhaus.de\/wp-content\/uploads\/2021\/11\/18.jpg?fit=1024%2C1024&ssl=1","contentUrl":"https:\/\/i0.wp.com\/hof-hoeherhaus.de\/wp-content\/uploads\/2021\/11\/18.jpg?fit=1024%2C1024&ssl=1","width":1024,"height":1024,"caption":"Reitgemeinschaft Hof-Hoeherhaus e.V."},"image":{"@id":"https:\/\/hof-hoeherhaus.de\/#\/schema\/logo\/image\/"}},{"@type":"Person","@id":"https:\/\/hof-hoeherhaus.de\/#\/schema\/person\/aa335ddcf542d61b4966cdf7ac67785e","name":"Christian Feldmann","image":{"@type":"ImageObject","inLanguage":"de","@id":"https:\/\/secure.gravatar.com\/avatar\/28fbfb8afb0625dad08835ca7f5087c90cf64ed1aa5a3e1754cb0bf81b1b9104?s=96&d=mm&r=g","url":"https:\/\/secure.gravatar.com\/avatar\/28fbfb8afb0625dad08835ca7f5087c90cf64ed1aa5a3e1754cb0bf81b1b9104?s=96&d=mm&r=g","contentUrl":"https:\/\/secure.gravatar.com\/avatar\/28fbfb8afb0625dad08835ca7f5087c90cf64ed1aa5a3e1754cb0bf81b1b9104?s=96&d=mm&r=g","caption":"Christian Feldmann"}}]}},"jetpack_featured_media_url":"https:\/\/i0.wp.com\/hof-hoeherhaus.de\/wp-content\/uploads\/2016\/04\/hof-hoeherhaus-1-von-1.jpg?fit=350%2C572&ssl=1","jetpack-related-posts":[{"id":1082,"url":"https:\/\/hof-hoeherhaus.de\/index.php\/ehrung-unserer-verbandsmeister\/","url_meta":{"origin":599,"position":0},"title":"Ehrung unserer Verbandsmeister","author":"Christian Feldmann","date":"20. M\u00e4rz 2017","format":false,"excerpt":"Am 17.02.2017 wurden im Rahmen der Jahreshauptversammlung der Reitgemeinschaft Hof-H\u00f6herhaus e.V. die erfolgreichen Teilnehmerinnen der Verbandsmeisterschaft 2016 des Bezirks-Reiter-und Fahrverbands Siegen-Olpe-Wittgenstein\u00a0geehrt","rel":"","context":"In &quot;Presse&quot;","block_context":{"text":"Presse","link":"https:\/\/hof-hoeherhaus.de\/index.php\/category\/presse\/"},"img":{"alt_text":"","src":"https:\/\/i0.wp.com\/hof-hoeherhaus.de\/wp-content\/uploads\/2017\/02\/Vorstandssitzung-1-von-4.jpg?fit=1200%2C900&ssl=1&resize=350%2C200","width":350,"height":200,"srcset":"https:\/\/i0.wp.com\/hof-hoeherhaus.de\/wp-content\/uploads\/2017\/02\/Vorstandssitzung-1-von-4.jpg?fit=1200%2C900&ssl=1&resize=350%2C200 1x, https:\/\/i0.wp.com\/hof-hoeherhaus.de\/wp-content\/uploads\/2017\/02\/Vorstandssitzung-1-von-4.jpg?fit=1200%2C900&ssl=1&resize=525%2C300 1.5x, https:\/\/i0.wp.com\/hof-hoeherhaus.de\/wp-content\/uploads\/2017\/02\/Vorstandssitzung-1-von-4.jpg?fit=1200%2C900&ssl=1&resize=700%2C400 2x, https:\/\/i0.wp.com\/hof-hoeherhaus.de\/wp-content\/uploads\/2017\/02\/Vorstandssitzung-1-von-4.jpg?fit=1200%2C900&ssl=1&resize=1050%2C600 3x"},"classes":[]},{"id":565,"url":"https:\/\/hof-hoeherhaus.de\/index.php\/2013-der-jahresrueckblick\/","url_meta":{"origin":599,"position":1},"title":"2013-der Jahresr\u00fcckblick","author":"Christian Feldmann","date":"12. Januar 2014","format":false,"excerpt":"Es ist soweit: Ein neues Jahr hat begonnen. Ein perfekter Zeitpunkt, einmal einen Blick in den R\u00fcckspiegel zu werfen und das alte Jahr einmal zu reflektieren. 2013, ein Jahr, auf das man gern zur\u00fcckblickt. Ein Jahr, das bei der Reitgemeinschaft Hof-H\u00f6herhaus in positiver Erinnerung bleibt. Erfolge im Turniersport, neue Vereinszug\u00e4nge,\u2026","rel":"","context":"In &quot;RG-Hof-H\u00f6herhaus&quot;","block_context":{"text":"RG-Hof-H\u00f6herhaus","link":"https:\/\/hof-hoeherhaus.de\/index.php\/category\/aktuelles-zur-reitgemeinschaft-hof-hoeherhaus\/"},"img":{"alt_text":"","src":"https:\/\/i0.wp.com\/hof-hoeherhaus.de\/wp-content\/uploads\/2014\/01\/dressur-ausbildung-5-von-25.jpg?resize=350%2C200","width":350,"height":200,"srcset":"https:\/\/i0.wp.com\/hof-hoeherhaus.de\/wp-content\/uploads\/2014\/01\/dressur-ausbildung-5-von-25.jpg?resize=350%2C200 1x, https:\/\/i0.wp.com\/hof-hoeherhaus.de\/wp-content\/uploads\/2014\/01\/dressur-ausbildung-5-von-25.jpg?resize=525%2C300 1.5x, https:\/\/i0.wp.com\/hof-hoeherhaus.de\/wp-content\/uploads\/2014\/01\/dressur-ausbildung-5-von-25.jpg?resize=700%2C400 2x, https:\/\/i0.wp.com\/hof-hoeherhaus.de\/wp-content\/uploads\/2014\/01\/dressur-ausbildung-5-von-25.jpg?resize=1050%2C600 3x"},"classes":[]},{"id":2837,"url":"https:\/\/hof-hoeherhaus.de\/index.php\/reiterball-2017\/","url_meta":{"origin":599,"position":2},"title":"Reiterball 2017","author":"Christian Feldmann","date":"26. November 2017","format":false,"excerpt":"Das Finale jeder Turniersaison des Bezirksverbands Siegen-Olpe-Wittgenstein ist der Reiterball. Hier werden die Reitstiefel einmal gegen High-Heels ausgetauscht und im festlichen Umfeld gefeiert. Wie in den Jahren zuvor wurde das Event von Mathias Schumillas im Leonard-Gl\u00e4ser-Saal der Siegerlandhalle feierlich er\u00f6ffnet. Anschlie\u00dfend wurden alle Verbandsmeister einzeln, oder im Team auf die\u2026","rel":"","context":"In &quot;Pferdebilder&quot;","block_context":{"text":"Pferdebilder","link":"https:\/\/hof-hoeherhaus.de\/index.php\/category\/pferdebilder\/"},"img":{"alt_text":"Joana","src":"https:\/\/i0.wp.com\/hof-hoeherhaus.de\/wp-content\/uploads\/2017\/11\/Joana-23-von-33.jpg?fit=720%2C1080&ssl=1&resize=350%2C200","width":350,"height":200,"srcset":"https:\/\/i0.wp.com\/hof-hoeherhaus.de\/wp-content\/uploads\/2017\/11\/Joana-23-von-33.jpg?fit=720%2C1080&ssl=1&resize=350%2C200 1x, https:\/\/i0.wp.com\/hof-hoeherhaus.de\/wp-content\/uploads\/2017\/11\/Joana-23-von-33.jpg?fit=720%2C1080&ssl=1&resize=525%2C300 1.5x, https:\/\/i0.wp.com\/hof-hoeherhaus.de\/wp-content\/uploads\/2017\/11\/Joana-23-von-33.jpg?fit=720%2C1080&ssl=1&resize=700%2C400 2x"},"classes":[]},{"id":2639,"url":"https:\/\/hof-hoeherhaus.de\/index.php\/sommer-sonne-bodenarbeit\/","url_meta":{"origin":599,"position":3},"title":"Sommer, Sonne, Bodenarbeit","author":"Christian Feldmann","date":"23. Juni 2017","format":false,"excerpt":"Sommer, Sonne, Bodenarbeit! Angstbew\u00e4ltigung hilf oft nicht nur dem Pferd, sondern auch dem Reiter. Vertrauen spielt eine gro\u00dfe Rolle.","rel":"","context":"In &quot;Lehrg\u00e4nge&quot;","block_context":{"text":"Lehrg\u00e4nge","link":"https:\/\/hof-hoeherhaus.de\/index.php\/category\/lehrgaenge\/"},"img":{"alt_text":"","src":"https:\/\/i0.wp.com\/hof-hoeherhaus.de\/wp-content\/uploads\/2017\/06\/IMG-20170621-WA0065.jpg?fit=1200%2C900&ssl=1&resize=350%2C200","width":350,"height":200,"srcset":"https:\/\/i0.wp.com\/hof-hoeherhaus.de\/wp-content\/uploads\/2017\/06\/IMG-20170621-WA0065.jpg?fit=1200%2C900&ssl=1&resize=350%2C200 1x, https:\/\/i0.wp.com\/hof-hoeherhaus.de\/wp-content\/uploads\/2017\/06\/IMG-20170621-WA0065.jpg?fit=1200%2C900&ssl=1&resize=525%2C300 1.5x, https:\/\/i0.wp.com\/hof-hoeherhaus.de\/wp-content\/uploads\/2017\/06\/IMG-20170621-WA0065.jpg?fit=1200%2C900&ssl=1&resize=700%2C400 2x, https:\/\/i0.wp.com\/hof-hoeherhaus.de\/wp-content\/uploads\/2017\/06\/IMG-20170621-WA0065.jpg?fit=1200%2C900&ssl=1&resize=1050%2C600 3x"},"classes":[]},{"id":509,"url":"https:\/\/hof-hoeherhaus.de\/index.php\/heike-mantel-ist-vize-verbandsmeister-2012\/","url_meta":{"origin":599,"position":4},"title":"Heike Mantel ist Vize-Verbandsmeister 2012","author":"Christian Feldmann","date":"26. August 2012","format":false,"excerpt":"Die Verbandsmeisterschaft 2012 des Bezirks-Reiter- und Fahrerverband Siegen \u00b7 Olpe \u00b7 Wittgenstein fand an diesem Wochenende auf \u00a0der sch\u00f6nen Reitanlage des Polo Club Siegen in Weidenau, dem Hofgut Dautenbach statt. Dieser Club hatte die komplette Anlage f\u00fcr diese Meisterschaft zur Verf\u00fcgung gestellt.","rel":"","context":"In &quot;RG-Hof-H\u00f6herhaus&quot;","block_context":{"text":"RG-Hof-H\u00f6herhaus","link":"https:\/\/hof-hoeherhaus.de\/index.php\/category\/aktuelles-zur-reitgemeinschaft-hof-hoeherhaus\/"},"img":{"alt_text":"","src":"https:\/\/i0.wp.com\/hof-hoeherhaus.de\/wp-content\/uploads\/2012\/08\/verbandsmeisterschaft-2012-siegen-fairy-heike-mantel-01.jpg?resize=350%2C200","width":350,"height":200},"classes":[]},{"id":3132,"url":"https:\/\/hof-hoeherhaus.de\/index.php\/premiere-dressurlehrgang-mit-videoanalyse\/","url_meta":{"origin":599,"position":5},"title":"Premiere: Dressurlehrgang mit Videoanalyse","author":"Christian Feldmann","date":"24. April 2018","format":false,"excerpt":"Reittraining ist bei uns permanent Thema. Wir bieten so oft wie m\u00f6glich auszubilden. Nun aber, k\u00f6nnen sich die Reiter selbst sehen.","rel":"","context":"In &quot;Lehrg\u00e4nge&quot;","block_context":{"text":"Lehrg\u00e4nge","link":"https:\/\/hof-hoeherhaus.de\/index.php\/category\/lehrgaenge\/"},"img":{"alt_text":"Dressurlehrgang mit Videoanalyse","src":"https:\/\/i0.wp.com\/hof-hoeherhaus.de\/wp-content\/uploads\/2018\/04\/Dressurlehrgang-mit-Videoanalyse-14-von-34.jpg?fit=1200%2C800&ssl=1&resize=350%2C200","width":350,"height":200,"srcset":"https:\/\/i0.wp.com\/hof-hoeherhaus.de\/wp-content\/uploads\/2018\/04\/Dressurlehrgang-mit-Videoanalyse-14-von-34.jpg?fit=1200%2C800&ssl=1&resize=350%2C200 1x, https:\/\/i0.wp.com\/hof-hoeherhaus.de\/wp-content\/uploads\/2018\/04\/Dressurlehrgang-mit-Videoanalyse-14-von-34.jpg?fit=1200%2C800&ssl=1&resize=525%2C300 1.5x, https:\/\/i0.wp.com\/hof-hoeherhaus.de\/wp-content\/uploads\/2018\/04\/Dressurlehrgang-mit-Videoanalyse-14-von-34.jpg?fit=1200%2C800&ssl=1&resize=700%2C400 2x, https:\/\/i0.wp.com\/hof-hoeherhaus.de\/wp-content\/uploads\/2018\/04\/Dressurlehrgang-mit-Videoanalyse-14-von-34.jpg?fit=1200%2C800&ssl=1&resize=1050%2C600 3x"},"classes":[]}],"jetpack_sharing_enabled":true,"_links":{"self":[{"href":"https:\/\/hof-hoeherhaus.de\/index.php\/wp-json\/wp\/v2\/posts\/599","targetHints":{"allow":["GET"]}}],"collection":[{"href":"https:\/\/hof-hoeherhaus.de\/index.php\/wp-json\/wp\/v2\/posts"}],"about":[{"href":"https:\/\/hof-hoeherhaus.de\/index.php\/wp-json\/wp\/v2\/types\/post"}],"author":[{"embeddable":true,"href":"https:\/\/hof-hoeherhaus.de\/index.php\/wp-json\/wp\/v2\/users\/2"}],"replies":[{"embeddable":true,"href":"https:\/\/hof-hoeherhaus.de\/index.php\/wp-json\/wp\/v2\/comments?post=599"}],"version-history":[{"count":7,"href":"https:\/\/hof-hoeherhaus.de\/index.php\/wp-json\/wp\/v2\/posts\/599\/revisions"}],"predecessor-version":[{"id":2100,"href":"https:\/\/hof-hoeherhaus.de\/index.php\/wp-json\/wp\/v2\/posts\/599\/revisions\/2100"}],"wp:featuredmedia":[{"embeddable":true,"href":"https:\/\/hof-hoeherhaus.de\/index.php\/wp-json\/wp\/v2\/media\/2206"}],"wp:attachment":[{"href":"https:\/\/hof-hoeherhaus.de\/index.php\/wp-json\/wp\/v2\/media?parent=599"}],"wp:term":[{"taxonomy":"category","embeddable":true,"href":"https:\/\/hof-hoeherhaus.de\/index.php\/wp-json\/wp\/v2\/categories?post=599"},{"taxonomy":"post_tag","embeddable":true,"href":"https:\/\/hof-hoeherhaus.de\/index.php\/wp-json\/wp\/v2\/tags?post=599"}],"curies":[{"name":"wp","href":"https:\/\/api.w.org\/{rel}","templated":true}]}}